{"id":116418,"date":"2025-09-15T10:43:09","date_gmt":"2025-09-15T10:43:09","guid":{"rendered":"https:\/\/www.europesays.com\/es\/116418\/"},"modified":"2025-09-15T10:43:09","modified_gmt":"2025-09-15T10:43:09","slug":"la-pelicula-de-alejandro-amenabar-que-puedes-recuperar-ya-en-movistar-plus","status":"publish","type":"post","link":"https:\/\/www.europesays.com\/es\/116418\/","title":{"rendered":"la pel\u00edcula de Alejandro Amen\u00e1bar que puedes recuperar ya en Movistar Plus"},"content":{"rendered":"<p data-journey-content=\"true\" data-node-id=\"4\" class=\"css-i9p093 emevuu60\"><strong data-node-id=\"4.0\">Alejandro Amen\u00e1bar<\/strong> regresa a la gran pantalla con &#8216;El Cautivo&#8217;, un ambicioso drama hist\u00f3rico que revive el cautiverio de Miguel de Cervantes en Argel. Uno de <a href=\"https:\/\/www.diezminutos.es\/teleprograma\/programas-tv\/a66047976\/alejandro-amenabar-critica-el-cautivo-la-revuelta-arturo-perez-reverte\/\" target=\"_blank\" data-vars-ga-outbound-link=\"https:\/\/www.diezminutos.es\/teleprograma\/programas-tv\/a66047976\/alejandro-amenabar-critica-el-cautivo-la-revuelta-arturo-perez-reverte\/\" data-vars-ga-ux-element=\"Hyperlink\" data-vars-ga-call-to-action=\"los primeros en verla fue Arturo P\u00e9rez-Reverte\" data-node-id=\"4.2\" class=\"body-link css-177bzfx emevuu60\" rel=\"nofollow noopener\">los primeros en verla fue Arturo P\u00e9rez-Reverte<\/a>, quien no dud\u00f3 en calificar la pel\u00edcula en unos t\u00e9rminos que provoc\u00f3 que el director le contestara en &#8216;<a href=\"https:\/\/www.diezminutos.es\/la-revuelta-david-broncano\/\" target=\"_blank\" data-vars-ga-outbound-link=\"https:\/\/www.diezminutos.es\/la-revuelta-david-broncano\/\" data-vars-ga-ux-element=\"Hyperlink\" data-vars-ga-call-to-action=\"La Revuelta\" data-node-id=\"4.4\" class=\"body-link css-177bzfx emevuu60\" rel=\"nofollow noopener\">La Revuelta<\/a>&#8216;. El estreno ha despertado gran expectaci\u00f3n, ya que adem\u00e1s<a href=\"https:\/\/www.diezminutos.es\/teleprograma\/programas-tv\/a66051446\/el-cautivo-pelicula-alejandro-amenabar-luna-berroa-masterchef-junior-reparto\/\" target=\"_blank\" data-vars-ga-outbound-link=\"https:\/\/www.diezminutos.es\/teleprograma\/programas-tv\/a66051446\/el-cautivo-pelicula-alejandro-amenabar-luna-berroa-masterchef-junior-reparto\/\" data-vars-ga-ux-element=\"Hyperlink\" data-vars-ga-call-to-action=\" cuenta con una concursante de &#039;Masterchef Junior&#039;\" data-node-id=\"4.6\" class=\"body-link css-177bzfx emevuu60\" rel=\"nofollow noopener\"> cuenta con una concursante de &#8216;Masterchef Junior&#8217;<\/a> en el reparto, y qu\u00e9 mejor manera de prepararse para esta cita con el cine que revisando otra de las obras recientes del director: &#8216;<a href=\"https:\/\/www.diezminutos.es\/estilo-de-vida\/ocio\/a29238875\/alejandro-amenabar-mientras-dure-la-guerra-cartelera\/\" target=\"_blank\" data-vars-ga-outbound-link=\"https:\/\/www.diezminutos.es\/estilo-de-vida\/ocio\/a29238875\/alejandro-amenabar-mientras-dure-la-guerra-cartelera\/\" data-vars-ga-ux-element=\"Hyperlink\" data-vars-ga-call-to-action=\"Mientras dure la guerra\" data-node-id=\"4.8\" class=\"body-link css-177bzfx emevuu60\" rel=\"nofollow noopener\">Mientras dure la guerra<\/a>&#8216;, disponible en<a href=\"https:\/\/clk.tradedoubler.com\/click?p=357743&amp;a=3281752&amp;epi=dzmes|xid:{xid}&amp;url=https%3A%2F%2Fwww.movistarplus.es%2Fseries%2Fdonde-ver\" target=\"_blank\" data-vars-ga-outbound-link=\"https:\/\/www.movistarplus.es\/series\/donde-ver\" data-vars-ga-ux-element=\"Hyperlink\" data-vars-ga-call-to-action=\" Movistar Plus\" data-vars-ga-product-id=\"46372e35-d747-446b-9203-52deafd36b68\" rel=\"nofollow noopener\" data-node-id=\"4.10\" data-href=\"https:\/\/www.movistarplus.es\/series\/donde-ver\" data-product-url=\"https:\/\/www.movistarplus.es\/series\/donde-ver\" data-affiliate=\"true\" data-affiliate-url=\"https:\/\/clk.tradedoubler.com\/click?p=357743&amp;a=3281752&amp;epi=dzmes|xid:{xid}&amp;url=https%3A%2F%2Fwww.movistarplus.es%2Fseries%2Fdonde-ver\" data-affiliate-network=\"{&quot;afflink_redirect&quot;:&quot;\/_p\/afflink\/xtks\/movistarplus-temporada-final-del-thriller-criminal&quot;,&quot;site_id&quot;:&quot;b22e688a-7e22-416b-81d8-c6bfbd6717c5&quot;,&quot;network&quot;:{&quot;name&quot;:&quot;Trackonomics&quot;},&quot;metadata&quot;:{&quot;trackonomics&quot;:{&quot;network_name&quot;:&quot;td&quot;}},&quot;product_metadata&quot;:{&quot;b22e688a-7e22-416b-81d8-c6bfbd6717c5&quot;:{&quot;network_name&quot;:&quot;td&quot;,&quot;link&quot;:&quot;https:\/\/clk.tradedoubler.com\/click?p=357743&amp;a=3281752&amp;epi={subid}&amp;url=https%3A%2F%2Fwww.movistarplus.es%2Fseries%2Fdonde-ver&quot;}}}\" data-vars-ga-product-price=\"0,00\u00a0$\" data-vars-ga-product-retailer-id=\"26ca8777-c09c-47a0-b706-6f9fba496fb6\" data-vars-ga-link-treatment=\"(not set) | (not set)\" class=\"body-link product-links css-177bzfx e1aq0z090\"> Movistar Plus<\/a>. <\/p>\n<p data-journey-content=\"true\" data-node-id=\"7\" class=\"css-i9p093 emevuu60\"><a href=\"https:\/\/clk.tradedoubler.com\/click?p=357743&amp;a=3281752&amp;epi=dzmes|xid:{xid}&amp;url=https%3A%2F%2Fwww.movistarplus.es%2Fseries%2Fla-fortuna%2Fficha%3Ftipo%3DE%26id%3D1584420\" target=\"_blank\" data-vars-ga-outbound-link=\"https:\/\/www.movistarplus.es\/series\/la-fortuna\/ficha?tipo=E&amp;id=1584420\" data-vars-ga-call-to-action=\"Ver &#039;La Fortuna&#039; de Alejandro Amen\u00e1bar&#039; en Movistar \" rel=\"nofollow noopener\" data-vars-ga-ux-element=\"Hyperlink\" data-vars-ga-product-id=\"d1ee6a45-7354-4e68-8cdb-9356c25f5f00\" data-node-id=\"7.0\" data-href=\"https:\/\/www.movistarplus.es\/series\/la-fortuna\/ficha?tipo=E&amp;id=1584420\" data-product-url=\"https:\/\/www.movistarplus.es\/series\/la-fortuna\/ficha?tipo=E&amp;id=1584420\" data-affiliate=\"true\" data-affiliate-url=\"https:\/\/clk.tradedoubler.com\/click?p=357743&amp;a=3281752&amp;epi=dzmes|xid:{xid}&amp;url=https%3A%2F%2Fwww.movistarplus.es%2Fseries%2Fla-fortuna%2Fficha%3Ftipo%3DE%26id%3D1584420\" data-affiliate-network=\"{&quot;afflink_redirect&quot;:&quot;\/_p\/afflink\/xtlC\/movistarplus-la-fortuna&quot;,&quot;site_id&quot;:&quot;b22e688a-7e22-416b-81d8-c6bfbd6717c5&quot;,&quot;network&quot;:{&quot;name&quot;:&quot;Trackonomics&quot;},&quot;metadata&quot;:{&quot;trackonomics&quot;:{&quot;network_name&quot;:&quot;td&quot;}},&quot;product_metadata&quot;:{&quot;b22e688a-7e22-416b-81d8-c6bfbd6717c5&quot;:{&quot;network_name&quot;:&quot;td&quot;,&quot;link&quot;:&quot;https:\/\/clk.tradedoubler.com\/click?p=357743&amp;a=3281752&amp;epi={subid}&amp;url=https%3A%2F%2Fwww.movistarplus.es%2Fseries%2Fla-fortuna%2Fficha%3Ftipo%3DE%26id%3D1584420&quot;}}}\" data-vars-ga-product-price=\"0,00\u00a0$\" data-vars-ga-product-retailer-id=\"eda295b6-5d6a-4174-9992-660c2a3a9ad0\" data-vars-ga-link-treatment=\"(not set) | (not set)\" class=\"body-btn-link product-links-button css-1yd3z1 e1aq0z090\">Ver &#8216;La Fortuna&#8217; de Alejandro Amen\u00e1bar en Movistar <\/a><\/p>\n<p><img draggable=\"true\" alt=\"mientras dure la guerra de alejandro amenabar\" title=\"mientras dure la guerra de alejandro amenabar\" loading=\"lazy\" width=\"6000\" height=\"4000\" decoding=\"async\" data-nimg=\"1\" style=\"color:transparent;width:100%;height:auto;\"   src=\"https:\/\/www.europesays.com\/es\/wp-content\/uploads\/2025\/09\/mientras-dure-guerra-film-14-68c3f6970ccc2.jpg\" class=\"css-0 e1g79fud0\"\/><\/p>\n<p>Teresa Isasi \/ Distribuidora<\/p>\n<p data-journey-content=\"true\" data-node-id=\"10\" class=\"css-i9p093 emevuu60\">En esta pel\u00edcula, <strong data-node-id=\"10.1\">Amen\u00e1bar abord\u00f3 otro cap\u00edtulo clave de la historia de Espa\u00f1a<\/strong>, el enfrentamiento ideol\u00f3gico en torno a <strong data-node-id=\"10.3\">Miguel de Unamuno<\/strong> durante los inicios de la Guerra Civil. Dos pel\u00edculas separadas por siglos, pero unidas por la mirada del cineasta hacia los dilemas humanos y pol\u00edticos que marcaron nuestro pasado.<\/p>\n<p data-journey-content=\"true\" data-node-id=\"14\" class=\"css-i9p093 emevuu60\">Antes de que <strong data-node-id=\"14.1\">Alejandro Amen\u00e1bar<\/strong> probara suerte en el mundo de las series con el estreno de &#8216;La Fortuna&#8217;, una <a href=\"https:\/\/www.diezminutos.es\/teleprograma\/series-tv\/a66061567\/alejandro-amenabar-el-cautivo-serie-la-fortuna-movistar\/\" target=\"_blank\" data-vars-ga-outbound-link=\"https:\/\/www.diezminutos.es\/teleprograma\/series-tv\/a66061567\/alejandro-amenabar-el-cautivo-serie-la-fortuna-movistar\/\" data-vars-ga-ux-element=\"Hyperlink\" data-vars-ga-call-to-action=\"serie de seis episodios sobre el descubrimiento de un barco\" data-node-id=\"14.3\" class=\"body-link css-177bzfx emevuu60\" rel=\"nofollow noopener\">serie de seis episodios sobre el descubrimiento de un barco<\/a> con tesoro del Nuevo Mundo, Alejandro Amen\u00e1bar hizo un viaje al pasado para mirar directamente a los ojos al general\u00edsimo Francisco Franco en &#8216;<strong data-node-id=\"14.5\">Mientras dure la guerra&#8217;<\/strong>. Esta pel\u00edcula de \u00e9poca, exquisitamente detallada, intenta capturar una instant\u00e1nea de Espa\u00f1a en una \u00e9poca terriblemente complicada y enfoca su lente hacia Franco a trav\u00e9s de la historia del gran hombre de letras como fue Miguel de Unamuno, decano de la Universidad de Salamanca, cuando la pel\u00edcula de Amen\u00e1bar comienza en julio de 1936 con el inicio de la Guerra Civil Espa\u00f1ola.<\/p>\n<p data-journey-content=\"true\" data-node-id=\"16\" class=\"css-i9p093 emevuu60\"><a href=\"https:\/\/clk.tradedoubler.com\/click?p=357743&amp;a=3281752&amp;epi=dzmes|xid:{xid}&amp;url=https%3A%2F%2Fwww.movistarplus.es%2Fseries%2Fdonde-ver\" target=\"_blank\" data-vars-ga-outbound-link=\"https:\/\/www.movistarplus.es\/series\/donde-ver\" data-vars-ga-call-to-action=\"Suscr\u00edbete a Movistar Plus por solo 9,99 euros\" rel=\"nofollow noopener\" data-vars-ga-ux-element=\"Hyperlink\" data-vars-ga-product-id=\"46372e35-d747-446b-9203-52deafd36b68\" data-node-id=\"16.0\" data-href=\"https:\/\/www.movistarplus.es\/series\/donde-ver\" data-product-url=\"https:\/\/www.movistarplus.es\/series\/donde-ver\" data-affiliate=\"true\" data-affiliate-url=\"https:\/\/clk.tradedoubler.com\/click?p=357743&amp;a=3281752&amp;epi=dzmes|xid:{xid}&amp;url=https%3A%2F%2Fwww.movistarplus.es%2Fseries%2Fdonde-ver\" data-affiliate-network=\"{&quot;afflink_redirect&quot;:&quot;\/_p\/afflink\/xtks\/movistarplus-temporada-final-del-thriller-criminal&quot;,&quot;site_id&quot;:&quot;b22e688a-7e22-416b-81d8-c6bfbd6717c5&quot;,&quot;network&quot;:{&quot;name&quot;:&quot;Trackonomics&quot;},&quot;metadata&quot;:{&quot;trackonomics&quot;:{&quot;network_name&quot;:&quot;td&quot;}},&quot;product_metadata&quot;:{&quot;b22e688a-7e22-416b-81d8-c6bfbd6717c5&quot;:{&quot;network_name&quot;:&quot;td&quot;,&quot;link&quot;:&quot;https:\/\/clk.tradedoubler.com\/click?p=357743&amp;a=3281752&amp;epi={subid}&amp;url=https%3A%2F%2Fwww.movistarplus.es%2Fseries%2Fdonde-ver&quot;}}}\" data-vars-ga-product-price=\"0,00\u00a0$\" data-vars-ga-product-retailer-id=\"26ca8777-c09c-47a0-b706-6f9fba496fb6\" data-vars-ga-link-treatment=\"(not set) | (not set)\" class=\"body-btn-link product-links-button css-1yd3z1 e1aq0z090\">Suscr\u00edbete a Movistar Plus por solo 9,99 euros<\/a><\/p>\n<p>&#8216;Mientras dure la guerra&#8217;: el regreso de Alejandro Amen\u00e1bar tras 15 a\u00f1os sin rodar en espa\u00f1ol<img draggable=\"true\" alt=\"mientras dure la guerra\" title=\"mientras dure la guerra\" loading=\"lazy\" width=\"5999\" height=\"3999\" decoding=\"async\" data-nimg=\"1\" style=\"color:transparent;width:100%;height:auto;\"   src=\"https:\/\/www.europesays.com\/es\/wp-content\/uploads\/2025\/09\/mientras-dure-guerra-68c3f70d66345.jpg\" class=\"css-0 e1g79fud0\"\/><\/p>\n<p>Teresa Isasi \/ Distribuidora<\/p>\n<p data-journey-content=\"true\" data-node-id=\"20\" class=\"css-i9p093 emevuu60\">&#8216;Mientras dure la guerra&#8217; es una pel\u00edcula compleja, s\u00f3lida y profundamente inteligente, con una resonancia escalofriante en la actualidad, y un cambio significativo en el tono con respecto a los trabajos anteriores de Amen\u00e1bar (entre los que se incluyen &#8216;<a href=\"https:\/\/www.diezminutos.es\/teleprograma\/series-tv\/a46680430\/mar-adentro-netflix-reparto-donde-ver\/\" target=\"_blank\" data-vars-ga-outbound-link=\"https:\/\/www.diezminutos.es\/teleprograma\/series-tv\/a46680430\/mar-adentro-netflix-reparto-donde-ver\/\" data-vars-ga-ux-element=\"Hyperlink\" data-vars-ga-call-to-action=\"Mar adentro\" data-node-id=\"20.1\" class=\"body-link css-177bzfx emevuu60\" rel=\"nofollow noopener\">Mar adentro<\/a>&#8216;, &#8216;Los otros&#8217; y &#8216;Regresi\u00f3n&#8217;, de 2015). Cuidadosa y serena, nunca cae en la simplificaci\u00f3n y, como tal, es una pel\u00edcula exigente.<\/p>\n<p data-journey-content=\"true\" data-node-id=\"22\" class=\"body-text css-i9p093 emevuu60\">Amen\u00e1bar presenta la historia del acad\u00e9mico sin pelos en la lengua Unamuno (interpretado con convicci\u00f3n por Karra Elejalde) como alguien tan convencido de su propia rectitud desde el principio y del pa\u00eds tan polarizado. Estas circunstancias se repiten claramente hoy en d\u00eda. La Rep\u00fablica, que Unamuno hab\u00eda apoyado inicialmente pero con la que m\u00e1s tarde entr\u00f3 en conflicto, se ha derrumbado. Cuando una junta militar aparece para restaurar \u00abla ley y el orden\u00bb en la naci\u00f3n, su causa parece inicialmente razonable para el renombrado y arrogante escritor. Este apoya el levantamiento en contra del consejo de sus amigos y familiares.<\/p>\n<p><img draggable=\"true\" alt=\"mientras dure la guerra pelicula\" title=\"mientras dure la guerra pelicula\" loading=\"lazy\" width=\"5999\" height=\"3999\" decoding=\"async\" data-nimg=\"1\" style=\"color:transparent;width:100%;height:auto;\"   src=\"https:\/\/www.europesays.com\/es\/wp-content\/uploads\/2025\/09\/mientras-dure-guerra-movistar-68c3f74b5be2a.jpg\" class=\"css-0 e1g79fud0\"\/><\/p>\n<p>Teresa Isasi \/ Distribuidora<\/p>\n<p data-journey-content=\"true\" data-node-id=\"25\" class=\"css-i9p093 emevuu60\">Pero cuidado con lo que deseas. En los protectorados espa\u00f1oles de Ceuta y Melilla, en Marruecos, las fuerzas alemanas se preparan para una prueba de la Segunda Guerra Mundial y Franco aprovecha el conflicto para tramar su ascenso al poder con la ayuda de Mill\u00e1n Astray (una magn\u00e9tica interpretaci\u00f3n de <strong data-node-id=\"25.1\">Eduard Fern\u00e1ndez<\/strong>). A partir de tal confluencia de circunstancias, un hombre ambicioso puede ascender hasta provocar la muerte de cientos de miles de espa\u00f1oles y un bloqueo de 40 a\u00f1os en el pa\u00eds. Es una historia escalofriante, como descubre Unamuno cuando sus amigos comienzan a desaparecer.<\/p>\n<p><img draggable=\"true\" alt=\"mientras dure la guerra\" title=\"mientras dure la guerra\" loading=\"lazy\" width=\"6000\" height=\"4000\" decoding=\"async\" data-nimg=\"1\" style=\"color:transparent;width:100%;height:auto;\"   src=\"https:\/\/www.europesays.com\/es\/wp-content\/uploads\/2025\/09\/mientras-dure-la-guerra-amenabar-68c3f87726ab7.jpg\" class=\"css-0 e1g79fud0\"\/><\/p>\n<p>Teresa Isasi \/ Distribuidora<\/p>\n<p data-journey-content=\"true\" data-node-id=\"28\" class=\"css-i9p093 emevuu60\">Con una digna banda sonora compuesta por el propio Amen\u00e1bar, es una lecci\u00f3n impartida de manera sobria y respetuosa a un pa\u00eds que a\u00fan est\u00e1 asimilando los acontecimientos que narra. Verla es un oportuno recordatorio de lo f\u00e1cil que es que el mal se instale mientras las fuerzas que podr\u00edan combatirlo est\u00e1n ocupadas en otros asuntos.<\/p>\n<p data-journey-content=\"true\" data-node-id=\"30\" class=\"css-i9p093 emevuu60\"><a href=\"https:\/\/clk.tradedoubler.com\/click?p=357743&amp;a=3281752&amp;epi=dzmes|xid:{xid}&amp;url=https%3A%2F%2Fwww.movistarplus.es%2Fcine%2Fmientras-dure-la-guerra%2Fficha%3Ftipo%3DE%26id%3D1744967\" target=\"_blank\" data-vars-ga-outbound-link=\"https:\/\/www.movistarplus.es\/cine\/mientras-dure-la-guerra\/ficha?tipo=E&amp;id=1744967\" data-vars-ga-call-to-action=\"Ver &#039;Mientras dure la guerra&#039; en Movistar\" rel=\"nofollow noopener\" data-vars-ga-ux-element=\"Hyperlink\" data-vars-ga-product-id=\"032375e8-ddef-496c-8d97-40a0ea583ae1\" data-node-id=\"30.0\" data-href=\"https:\/\/www.movistarplus.es\/cine\/mientras-dure-la-guerra\/ficha?tipo=E&amp;id=1744967\" data-product-url=\"https:\/\/www.movistarplus.es\/cine\/mientras-dure-la-guerra\/ficha?tipo=E&amp;id=1744967\" data-affiliate=\"true\" data-affiliate-url=\"https:\/\/clk.tradedoubler.com\/click?p=357743&amp;a=3281752&amp;epi=dzmes|xid:{xid}&amp;url=https%3A%2F%2Fwww.movistarplus.es%2Fcine%2Fmientras-dure-la-guerra%2Fficha%3Ftipo%3DE%26id%3D1744967\" data-affiliate-network=\"{&quot;afflink_redirect&quot;:&quot;\/_p\/afflink\/xtlB\/movistarplus-mientras-dure-la-guerra&quot;,&quot;site_id&quot;:&quot;b22e688a-7e22-416b-81d8-c6bfbd6717c5&quot;,&quot;network&quot;:{&quot;name&quot;:&quot;Trackonomics&quot;},&quot;metadata&quot;:{&quot;trackonomics&quot;:{&quot;network_name&quot;:&quot;td&quot;}},&quot;product_metadata&quot;:{&quot;b22e688a-7e22-416b-81d8-c6bfbd6717c5&quot;:{&quot;network_name&quot;:&quot;td&quot;,&quot;link&quot;:&quot;https:\/\/clk.tradedoubler.com\/click?p=357743&amp;a=3281752&amp;epi={subid}&amp;url=https%3A%2F%2Fwww.movistarplus.es%2Fcine%2Fmientras-dure-la-guerra%2Fficha%3Ftipo%3DE%26id%3D1744967&quot;}}}\" data-vars-ga-product-price=\"0,00\u00a0$\" data-vars-ga-product-retailer-id=\"5dcfcce0-bb81-42c1-b4c1-c8db0772107e\" data-vars-ga-link-treatment=\"(not set) | (not set)\" class=\"body-btn-link product-links-button css-1yd3z1 e1aq0z090\">Ver &#8216;Mientras dure la guerra&#8217; en Movistar<\/a><\/p>\n<p><img src=\"https:\/\/www.europesays.com\/es\/wp-content\/uploads\/2025\/09\/1757932989_155_04c0b0af-4dfe-409a-8e0c-876f8f325877_1664867977.file\" alt=\"Headshot of Ignacio Herruzo Mart\u00ednez\" title=\"Headshot of Ignacio Herruzo Mart\u00ednez\" width=\"100%\" height=\"100%\" decoding=\"async\" loading=\"lazy\" class=\"css-o0wq4v ev8dhu53\"\/><\/p>\n<p>Ignacio es experto en cultura, pero desde hace m\u00e1s de 10 a\u00f1os se ha especializado en cine y series, tanto las que se estrenan en la gran pantalla como en las plataformas de streaming. Lo mismo te habla de los estrenos de Netflix, HBO Max o Amazon Prime Video, como que te cuenta la \u00faltima hora de \u2018Masterchef\u2019 o de cualquier otro programa de televisi\u00f3n. \u00a0\u00a0<\/p>\n<p>Con ya una larga experiencia como cr\u00edtico, conoce las mejores series y pel\u00edculas y le encanta verlas antes que t\u00fa para poder decirte si merecen la pena o no. Conoce todos los estrenos de la semana y le encanta recomendar series y pel\u00edculas a sus amigos, familiares y a los lectores, algo que ha ido haciendo en diferentes blogs personales y a trav\u00e9s de las redes sociales. Le gusta todo: sigue a grandes directores como Martin Scorsese, Quentin Tarantino o Steven Spielberg, y se sabe de memoria todo el universo de Marvel, Star Wars, El se\u00f1or de los anillos y el mundo Disney. \u00a0\u00a0\u00a0<\/p>\n<p>La cultura es su principal hobby y aunque se considera un cin\u00e9filo, tambi\u00e9n le encanta la m\u00fasica, sobre todo internacional, y los videojuegos, a los que dedica todo el tiempo que le deja el cine y las series, claro. El deporte es su otra pasi\u00f3n, que desarroll\u00f3 en sus inicios en el diario deportivo MARCA. \u00a0\u00a0Ignacio Herruzo es Graduado en Periodismo por la Universidad Rey Juan Carlos en 2012. Desde entonces no ha parado de escribir desde que comenz\u00f3 en 2013 en el grupo Hearst, donde ha ejercido de redactor en diferentes webs y revistas como Teleprograma, Supertele y Diez Minutos. \u00a0<\/p>\n","protected":false},"excerpt":{"rendered":"Alejandro Amen\u00e1bar regresa a la gran pantalla con &#8216;El Cautivo&#8217;, un ambicioso drama hist\u00f3rico que revive el cautiverio&hellip;\n","protected":false},"author":2,"featured_media":116419,"comment_status":"","ping_status":"","sticky":false,"template":"","format":"standard","meta":{"footnotes":""},"categories":[169],"tags":[177,253,146,147,25,24,176,175,23],"class_list":{"0":"post-116418","1":"post","2":"type-post","3":"status-publish","4":"format-standard","5":"has-post-thumbnail","7":"category-cine","8":"tag-cine","9":"tag-discover","10":"tag-entertainment","11":"tag-entretenimiento","12":"tag-es","13":"tag-espana","14":"tag-film","15":"tag-movies","16":"tag-spain"},"share_on_mastodon":{"url":"","error":""},"_links":{"self":[{"href":"https:\/\/www.europesays.com\/es\/wp-json\/wp\/v2\/posts\/116418","targetHints":{"allow":["GET"]}}],"collection":[{"href":"https:\/\/www.europesays.com\/es\/wp-json\/wp\/v2\/posts"}],"about":[{"href":"https:\/\/www.europesays.com\/es\/wp-json\/wp\/v2\/types\/post"}],"author":[{"embeddable":true,"href":"https:\/\/www.europesays.com\/es\/wp-json\/wp\/v2\/users\/2"}],"replies":[{"embeddable":true,"href":"https:\/\/www.europesays.com\/es\/wp-json\/wp\/v2\/comments?post=116418"}],"version-history":[{"count":0,"href":"https:\/\/www.europesays.com\/es\/wp-json\/wp\/v2\/posts\/116418\/revisions"}],"wp:featuredmedia":[{"embeddable":true,"href":"https:\/\/www.europesays.com\/es\/wp-json\/wp\/v2\/media\/116419"}],"wp:attachment":[{"href":"https:\/\/www.europesays.com\/es\/wp-json\/wp\/v2\/media?parent=116418"}],"wp:term":[{"taxonomy":"category","embeddable":true,"href":"https:\/\/www.europesays.com\/es\/wp-json\/wp\/v2\/categories?post=116418"},{"taxonomy":"post_tag","embeddable":true,"href":"https:\/\/www.europesays.com\/es\/wp-json\/wp\/v2\/tags?post=116418"}],"curies":[{"name":"wp","href":"https:\/\/api.w.org\/{rel}","templated":true}]}}