{"id":116424,"date":"2025-09-15T10:46:10","date_gmt":"2025-09-15T10:46:10","guid":{"rendered":"https:\/\/www.europesays.com\/es\/116424\/"},"modified":"2025-09-15T10:46:10","modified_gmt":"2025-09-15T10:46:10","slug":"jueces-sin-moral-fiscales-corruptos-policia-que-roba","status":"publish","type":"post","link":"https:\/\/www.europesays.com\/es\/116424\/","title":{"rendered":"Jueces sin moral, fiscales corruptos, polic\u00eda que roba"},"content":{"rendered":"<p class=\"article-text\">\n        Especialmente en los \u00faltimo a\u00f1os, el nombre y la imagen de <strong>Jos\u00e9 Luis Moreno<\/strong> han estado ligados al esc\u00e1ndalo y las pol\u00e9micas judiciales. Por eso cuando se supo que se preparaba una docuserie sobre su vida, las palabras \u201cmorbo\u201d y \u201cpol\u00e9mica\u201d impregnaron desde el primer momento la conversaci\u00f3n en torno al proyecto. Y esos calificativos son los que pueden aplicarse a la presentaci\u00f3n que el propio productor ha realizado en el <strong>South International Series Festival<\/strong>.\n    <\/p>\n<p>    <a href=\"https:\/\/www.eldiario.es\/noticias\/jose-luis-moreno-condenado-devolver-35-millones-euros-socio-serie-san-francisco-asis_1_12126647.html\" data-mrf-recirculation=\"saber-mas\" data-dl-event=\"saber-mas\" rel=\"nofollow noopener\" target=\"_blank\"><\/p>\n<p class=\"know-more__title\">En marzo | Jos\u00e9 Luis Moreno, condenado a devolver 35 millones de euros a su socio en la serie sobre San Francisco de As\u00eds<\/p>\n<p>            <img decoding=\"async\" class=\"lazy\" loading=\"lazy\" data-src=\"https:\/\/static.eldiario.es\/clip\/6d99f3ff-f348-4880-bb81-4b5a89a654d5_16-9-aspect-ratio_default_0.jpg\" src=\"data:image\/svg+xml,%3Csvg xmlns=\" http:=\"\" viewbox=\"0 0 880 495\" alt=\"Jos\u00e9 Luis Moreno, condenado a devolver 35 millones de euros a su socio en la serie sobre San Francisco de As\u00eds\"\/><\/p>\n<p>                        <\/a><\/p>\n<p class=\"article-text\">\n        El festival que se celebra por tercer a\u00f1o en C\u00e1diz est\u00e1 producido por Womack Group, misma empresa que a trav\u00e9s de su divisi\u00f3n audiovisual Womack Studios tambi\u00e9n se encarga de la producci\u00f3n (junto a LA GOOTA Entertainment) de <strong>Toma, Moreno<\/strong>, el t\u00edtulo de la docuserie que hace referencia a la m\u00edtica expresi\u00f3n de Rockefeller, uno de los mu\u00f1ecos que lanz\u00f3 a la fama a Jos\u00e9 Luis Moreno como ventr\u00edlocuo.\n    <\/p>\n<p class=\"article-text\">\n        La productora presenta el proyecto como una \u201c<strong>docuserie <\/strong>que rastrea la fren\u00e9tica biograf\u00eda\u201d de Moreno, adelant\u00e1ndola de la siguiente forma: \u201cProductor de grandes \u00e9xitos como Aqu\u00ed no hay quien viva y Noche de fiesta y uno de los rostros m\u00e1s reconocibles del espect\u00e1culo, su nombre aparece hoy ligado a titulares muy distintos: la Operaci\u00f3n Titella, el Caso Roemmers, y recientes acusaciones de blanqueo de capitales y estafa. Pero, \u00bfqui\u00e9n es realmente Jos\u00e9 Luis Moreno? Toma, Moreno trata de esclarecer estas cuestiones <strong>sin partir de hip\u00f3tesis previas y sin juzgar <\/strong>a un hombre que conoceremos de t\u00fa a t\u00fa a lo largo del metraje\u201d.\n    <\/p>\n<p class=\"article-text\">\n        En este festival, ni la prensa acreditada ni los asistentes hemos podido ver la producci\u00f3n, s\u00f3lo un tr\u00e1iler de unos 2 minutos ofrecido en la rueda de presentaci\u00f3n. Se sabe que est\u00e1 acabada, y que seg\u00fan ha dicho el conductor del evento <strong>llegar\u00e1 en 2026<\/strong>, de momento sin que se haya anunciado qu\u00e9 cadena o plataforma habr\u00eda comprado sus derechos para emitirla.\n    <\/p>\n<p>            <img decoding=\"async\" class=\"lazy\" loading=\"lazy\" data-src=\"https:\/\/static.eldiario.es\/clip\/661e6b69-258b-4797-8b19-7db33a072f74_16-9-aspect-ratio_default_1125723.jpg\" src=\"data:image\/svg+xml,%3Csvg xmlns=\" http:=\"\" viewbox=\"0 0 5959 3352\" alt=\"Jos\u00e9 Luis Moreno viendo el tr\u00e1iler de 'Toma, Moreno'\"\/><\/p>\n<p class=\"article-text\">\n        Fuentes de Womack Studios consultadas por <a href=\"https:\/\/www.eldiario.es\/vertele\" target=\"_blank\" data-mrf-recirculation=\"links-noticia\" class=\"link\" rel=\"nofollow noopener\"><strong>verTele<\/strong><\/a><strong> <\/strong>aclaran que la docuserie no s\u00f3lo dar\u00e1 voz a Jos\u00e9 Luis Moreno, sino tambi\u00e9n a otras personas importantes a lo largo de su vida profesional y personal, repasar\u00e1 im\u00e1genes de su trayectoria, y tratar\u00e1 los distintos asuntos y pol\u00e9micas judiciales para que el productor las confronte. Es decir, que se dejar\u00e1 la \u00faltima palabra a Jos\u00e9 Luis Moreno tras presentar los titulares de sus distintas condenas y sentencias, que como el productor recurre una vez tras otra a\u00fan siguen estando judicializadas.\n    <\/p>\n<p class=\"article-text\">\n        Y justo eso, <strong>la \u00fanica palabra de Jos\u00e9 Luis Moreno<\/strong>, es lo que ha servido de presentaci\u00f3n a la docuserie.\n    <\/p>\n<p>    <strong>Las condenas judiciales a Moreno, y la &#8216;Operaci\u00f3n Titella&#8217;<\/strong><\/p>\n<p class=\"article-text\">\n        Basta con tirar de hemeroteca para conocer c\u00f3mo hac\u00eda negocios Jos\u00e9 Luis Moreno. En <strong>2014<\/strong>, Valencia le ech\u00f3 de un teatro p\u00fablico <a href=\"https:\/\/www.eldiario.es\/comunitat-valenciana\/valencia-jose-luis-moreno-publico_1_4736189.html\" data-mrf-recirculation=\"links-noticia\" class=\"link\" target=\"_blank\" rel=\"nofollow noopener\">por no pagar al fisco<\/a>, pero en <strong>2015 <\/strong>se supo que lo segu\u00eda gestionando aunque <a href=\"https:\/\/www.eldiario.es\/comunitat-valenciana\/jose-luis-moreno-municipal-valencia_1_4380818.html\" data-mrf-recirculation=\"links-noticia\" class=\"link\" target=\"_blank\" rel=\"nofollow noopener\">no pagaba a los artistas<\/a>. En <strong>2019<\/strong>, hubo una fuerte pol\u00e9mica porque se archiv\u00f3 <a href=\"https:\/\/www.eldiario.es\/cv\/exdirector-Canal-Jose-Luis-Moreno_0_949105802.html\" target=\"_blank\" data-mrf-recirculation=\"links-noticia\" class=\"link\" rel=\"nofollow noopener\">el caso del \u201csaqueo de RTVV\u201d<\/a>, la radiotelevisi\u00f3n p\u00fablica valenciana, pese a que el Ministerio P\u00fablico reconoci\u00f3 que se le pag\u00f3 1,8 millones por un programa de televisi\u00f3n valorado en 400.000 euros.\n    <\/p>\n<p class=\"article-text\">\n        En <strong>2022 <\/strong>estall\u00f3 su gran esc\u00e1ndalo. La <strong>Operaci\u00f3n Titella<\/strong>, que detall\u00f3 entonces <a href=\"https:\/\/www.eldiario.es\/politica\/operacion-marioneta-estafas-trucos-jose-luis-moreno_1_8623731.html\" data-mrf-recirculation=\"links-noticia\" class=\"link\" target=\"_blank\" rel=\"nofollow noopener\">elDiario.es<\/a>, situaba a Jos\u00e9 Luis Moreno como uno de los cabecillas de una organizaci\u00f3n criminal para blanquear el dinero estafado a inversores p\u00fablicos y privados que formaban un entramado de m\u00e1s de 700 empresas. El productor prestaba su nombre como \u201ctarjeta de visita\u201d y <strong>ped\u00eda enormes vol\u00famenes de financiaci\u00f3n<\/strong> para supuestos proyectos audiovisuales. <strong>Despu\u00e9s, el dinero se esfumaba<\/strong>. En un informe los investigadores cifraron la fortuna del empresario fuera de Espa\u00f1a entre los 400 y los 900 millones de euros.\u00a0Por eso poco antes de su detenci\u00f3n se le capt\u00f3 una conversaci\u00f3n en su tel\u00e9fono pinchado por la Polic\u00eda en la que dec\u00eda que ten\u00eda que salir de Espa\u00f1a urgentemente.\n    <\/p>\n<p class=\"article-text\">\n        Seg\u00fan los c\u00e1lculos de la Fiscal\u00eda, la red pudo causar \u201cun perjuicio evaluado en torno a los 85 millones de euros\u201d. El destino de ese dinero eran pa\u00edses como Suiza, Panam\u00e1 y Maldivas. Entre los proyectos de la organizaci\u00f3n estaba tambi\u00e9n crear un banco en Malta dise\u00f1ado para el crimen econ\u00f3mico.\n    <\/p>\n<p class=\"article-text\">\n        El ejemplo m\u00e1s medi\u00e1tico es el de los 32 millones de euros que Jos\u00e9 Luis Moreno obtuvo del magnate argentino<strong> Alejandro Roemmers<\/strong> para filmar <strong>la serie <\/strong><strong>Resplandor y Tinieblas<\/strong>, basada en la vida de San Francisco de As\u00eds.\u00a0En marzo de este mismo a\u00f1o, el productor fue <a href=\"https:\/\/www.eldiario.es\/vertele\/noticias\/jose-luis-moreno-condenado-devolver-35-millones-euros-socio-serie-san-francisco-asis_1_12126647.html\" data-mrf-recirculation=\"links-noticia\" class=\"link\" rel=\"nofollow noopener\" target=\"_blank\">condenado a devolver 35 millones<\/a> de euros a Roemmers. La financiaci\u00f3n inicial para el proyecto iba a ser de menos de la mitad, y el compromiso era entregar los cap\u00edtulos. Pese a que Moreno afirm\u00f3 que ten\u00eda 35 cap\u00edtulos de 45 minutos cada uno listos, no entreg\u00f3 ninguno. <strong>Denise Richards<\/strong>\u00a0y\u00a0<strong>Jane Seymour<\/strong>\u00a0fueron dos de las int\u00e9rpretes fichadas, y de hecho, ambas aparecen en <a href=\"https:\/\/www.youtube.com\/watch?v=LOL0VdQxqKE\" target=\"_blank\" data-mrf-recirculation=\"links-noticia\" class=\"link\" rel=\"nofollow noopener\">el tr\u00e1iler que Youmore TV lanz\u00f3 hace cinco a\u00f1os<\/a>. Richards, adem\u00e1s, fue noticia despu\u00e9s de que\u00a0Todo es mentira\u00a0sacara a luz\u00a0<a href=\"https:\/\/www.eldiario.es\/vertele\/noticias\/mentira-revela-audio-ataques-jose-luis-moreno-denise-richards-equipo-ultima-serie_1_8096645.html\" target=\"_blank\" data-mrf-recirculation=\"links-noticia\" class=\"link\" rel=\"nofollow noopener\">un audio de Jos\u00e9 Luis Moreno<\/a>\u00a0atacando a la actriz y al resto del equipo de la serie en el set de rodaje. Hasta el coro de la ficci\u00f3n <a href=\"https:\/\/www.eldiario.es\/cultura\/coro-serie-jose-luis-moreno-denuncia_1_8670207.html\" data-mrf-recirculation=\"links-noticia\" class=\"link\" target=\"_blank\" rel=\"nofollow noopener\">le denunci\u00f3<\/a>.\n    <\/p>\n<p class=\"article-text\">\n        Su \u00faltima noticia judicial es que ha negado ante el juez el <a href=\"https:\/\/www.eldiario.es\/politica\/jose-luis-moreno-niega-juez-fraude-fiscal-cerca-millon-euros-le-atribuye-hacienda_1_12099116.html\" data-mrf-recirculation=\"links-noticia\" class=\"link\" target=\"_blank\" rel=\"nofollow noopener\">fraude fiscal de cerca de un mill\u00f3n de euros<\/a> que le atribuye Hacienda. Otro caso distinto a Titella y al de Roemmers, al que se enfrenta despu\u00e9s de que un informe de\u00a0la Oficina Nacional de Investigaci\u00f3n del Fraude (ONIF) encontrase irregularidades en tres ejercicios de su declaraci\u00f3n del IRPF (fraude que se situar\u00eda por encima de los 981.000 euros) y adem\u00e1s se\u00f1alase que su sociedad <strong>Youmore TV<\/strong> cometi\u00f3 otro presunto delito contra la Hacienda P\u00fablica en los a\u00f1os 2019 y 2020 al dejar de pagar el IVA y el Impuesto de Sociedades. El fraude, en este caso, se eleva por encima de los 1.919.000 euros.\n    <\/p>\n<p>    Moreno contra todos: \u201cSe van a arrepentir.\u00a0Hasta el \u00faltimo de ellos\u201d<\/p>\n<p class=\"article-text\">\n        Ante todas estas sentencias judiciales tras diferentes investigaciones, Jos\u00e9 Luis Moreno siempre ha declarado que <a href=\"https:\/\/www.eldiario.es\/politica\/jose-luis-moreno-niega-juez-operacion-maroneta-ilegalidad-no-capo_1_8756944.html\" data-mrf-recirculation=\"links-noticia\" class=\"link\" target=\"_blank\" rel=\"nofollow noopener\">no es \u201cel capo de nada\u201d<\/a>. Y tanto en sus entrevistas con los periodistas como en la presentaci\u00f3n de su docuserie, el productor ha repetido el mismo discurso: \u201cMe he dado cuenta de que en un pa\u00eds donde est\u00e1n Falla, Lorca, pintores, escultores&#8230; tambi\u00e9n hay <strong>jueces sin moral, fiscales corruptos, polic\u00edas<\/strong> que entran en tu casa, hacen un registro de la Guardia Civil y te roban delante de ti, pr\u00e1cticamente\u201d.\n    <\/p>\n<p class=\"article-text\">\n        Moreno afirma que todo lo que le ha ocurrido \u201cera un maravilloso gui\u00f3n de una serie\u201d, y explicado que se toma esta producci\u00f3n como para <strong>\u201cadvertir a toda la gente de bien<\/strong>, que afortunadamente son mayor\u00eda, de que nos puede ocurrir cualquier cosa. Aparte de tus errores, que nada tienen que ver con el orden, con la democracia, con la pureza y con las instituciones que te tienen que proteger.\u00a0Y aunque sea minor\u00eda, <strong>el c\u00e1ncer social tambi\u00e9n est\u00e1 en ellos\u201d<\/strong>.\n    <\/p>\n<p class=\"article-text\">\n        El productor tambi\u00e9n ha apuntado <strong>contra los medios<\/strong> de comunicaci\u00f3n (afirmando que esa minor\u00eda \u201cpodrida\u201d, \u201ccuando tambi\u00e9n est\u00e1 en los medios de comunicaci\u00f3n, son un altavoz de la envidia, de la maldad\u201d), y <strong>contra los periodistas<\/strong> (\u201cmira que la prensa se lo ha currado bien\u00a0conmigo, les he venido de maravilla\u201d).\n    <\/p>\n<p>            <img decoding=\"async\" class=\"lazy\" loading=\"lazy\" data-src=\"https:\/\/static.eldiario.es\/clip\/307e5815-c4e2-4a04-aa9c-97d2d84404ff_16-9-aspect-ratio_default_1125721.jpg\" src=\"data:image\/svg+xml,%3Csvg xmlns=\" http:=\"\" viewbox=\"0 0 5805 3265\" alt=\"Jos\u00e9 Luis Moreno en la presentaci\u00f3n de 'Toma, Moreno'\"\/><\/p>\n<p class=\"article-text\">\n        Pero se ha centrado especialmente en los nombres propios que le han investigado y condenado: <strong>\u201cA m\u00ed me tocaron todos los podridos\u201d<\/strong>. Moreno ha nombrado al <strong>juez <\/strong>de la Audiencia Nacional Ismael Moreno, al <strong>fiscal <\/strong>De Azc\u00e1rraga Urteaga, o al \u201cque firm\u00f3 los informes m\u00edos, el <strong>jefe de la UDEF<\/strong>, que est\u00e1 en la c\u00e1rcel porque encontraron 27 millones emparedados en su casa del tr\u00e1fico de drogas\u201d,\n    <\/p>\n<p class=\"article-text\">\n        Moreno ha prometido vengarse: \u201cBloquearon mi vida cuatro a\u00f1os, y yo tengo que bloquear el resto de la suya para que no hagan m\u00e1s da\u00f1o\u201d, \u201cSe creen que porque son el juez se pueden permitir todo. Pero <strong>se van a arrepentir.\u00a0Hasta el \u00faltimo de ellos\u201d<\/strong>, ha avisado. Seg\u00fan \u00e9l, \u201ccuando los jueces est\u00e1n mal pagados (&#8230;), y est\u00e1n hablando de millones y de estafas, son seres humanos que <strong>han perdido la moral sin darse cuenta<\/strong>.\u00a0Todos los dem\u00e1s estamos bajo esa te\u00f3rica justicia, que hay m\u00e1s artificio que justicia\u201d. <strong>\u201cSiguen en su mediocridad, en su esp\u00edritu podrido, en su bazofia<\/strong>, y en que no est\u00e1n de acuerdo con su profesi\u00f3n, lo que ganan en ella y lo que la vida les ha reparado\u201d, les ha dedicado a los jueces e investigadores.\n    <\/p>\n<p class=\"article-text\">\n        En el breve tr\u00e1iler de la docuserie, se incluyen frases como \u201ccada vez que entraba un nuevo director o un nuevo presidente, dec\u00edan: hay que quitar al Moreno\u201d y <strong>\u201chay delincuentes enmascarados en la Audiencia Nacional\u201d<\/strong>, a la que tambi\u00e9n ha renombrado como \u201cDesgracia Nacional\u201d.\n    <\/p>\n<p>    Sobre la docuserie y pr\u00f3ximos proyectos<\/p>\n<p class=\"article-text\">\n        Sobre por qu\u00e9 ha decidido ahora hablar, y por qu\u00e9 no ha sido como siempre a trav\u00e9s de su productora sino de la mano de Womack Studios y LA GOOTA Entertainment, ha afirmado que le convenci\u00f3 estar \u201crodeado de gente joven\u201d y que vio que eran \u201cpersonas que ten\u00edan una energ\u00eda muy proactiva, que no quer\u00edan dejar de poner la parte truculenta, fea o desagradable; pero siempre dentro de los tenores de la verdad y de <strong>la gran pregunta: \u00bfQu\u00e9 habr\u00e1 de verdad en todo esto?\u201d<\/strong>. Precisamente tras plantear esa pregunta, ha asegurado que tiene lista su serie Resplandor y Tinieblas, y que cuando entreg\u00f3 a la Justicia \u201clos 12.000 minutos grabados y los 10.000 h\u00e1biles para ya emitir, el juez se ech\u00f3 para atr\u00e1s\u201d.\n    <\/p>\n<p>    <a href=\"https:\/\/www.eldiario.es\/vertele\/noticias\/luis-zahera-llama-pedazo-psicopata-jose-luis-moreno-asegura-arturo-fernandez-complicado_1_12198609.html\" data-mrf-recirculation=\"saber-mas-abajo\" data-dl-event=\"saber-mas-abajo\" rel=\"nofollow noopener\" target=\"_blank\"><\/p>\n<p class=\"know-more__title\">Luis Zahera llama \u201cpedazo de psic\u00f3pata\u201d a Jos\u00e9 Luis Moreno y asegura que Arturo Fern\u00e1ndez era \u201ccomplicado\u201d<\/p>\n<p>            <img decoding=\"async\" class=\"lazy\" loading=\"lazy\" data-src=\"https:\/\/static.eldiario.es\/clip\/511d7a27-b3ea-4f4e-b4a1-9a5064fb0d84_16-9-aspect-ratio_default_0.jpg\" src=\"data:image\/svg+xml,%3Csvg xmlns=\" http:=\"\" viewbox=\"0 0 880 495\" alt=\"Luis Zahera llama &quot;pedazo de psic\u00f3pata&quot; a Jos\u00e9 Luis Moreno y asegura que Arturo Fern\u00e1ndez era &quot;complicado&quot;\"\/><\/p>\n<p>                        <\/a><\/p>\n<p class=\"article-text\">\n        Jos\u00e9 Luis Moreno ha asegurado que esa presentaci\u00f3n en C\u00e1diz \u201cva a ser como la pista de despegue a recobrar mi vida y la felicidad\u201d, afirmando que va a hacer una <strong>serie sobre su vida en clave de humor incluyendo al juez y al fiscal<\/strong>, y que tambi\u00e9n \u201cvamos a hacer otra serie en Italia, vamos a hacer otra serie en Inglaterra, vamos a hacer otra serie en Alemania y otra en Estados Unidos de mi vida. No solo esto, este es el beb\u00e9 que ha hecho que crezca todo esto para el mundo.\u00a0As\u00ed que, de nuevo, vosotros sois sus embajadores desde C\u00e1diz, gracias\u201d.\n    <\/p>\n","protected":false},"excerpt":{"rendered":"Especialmente en los \u00faltimo a\u00f1os, el nombre y la imagen de Jos\u00e9 Luis Moreno han estado ligados al&hellip;\n","protected":false},"author":2,"featured_media":116425,"comment_status":"","ping_status":"","sticky":false,"template":"","format":"standard","meta":{"footnotes":""},"categories":[91],"tags":[38993,7734,146,147,25,24,9401,2467,2159,7820,16463,1712,586,2564,33802,23],"class_list":{"0":"post-116424","1":"post","2":"type-post","3":"status-publish","4":"format-standard","5":"has-post-thumbnail","7":"category-entretenimiento","8":"tag-corruptos","9":"tag-docuserie","10":"tag-entertainment","11":"tag-entretenimiento","12":"tag-es","13":"tag-espana","14":"tag-fiscales","15":"tag-jose","16":"tag-jueces","17":"tag-luis","18":"tag-moral","19":"tag-moreno","20":"tag-policia","21":"tag-presentar","22":"tag-roba","23":"tag-spain"},"share_on_mastodon":{"url":"","error":""},"_links":{"self":[{"href":"https:\/\/www.europesays.com\/es\/wp-json\/wp\/v2\/posts\/116424","targetHints":{"allow":["GET"]}}],"collection":[{"href":"https:\/\/www.europesays.com\/es\/wp-json\/wp\/v2\/posts"}],"about":[{"href":"https:\/\/www.europesays.com\/es\/wp-json\/wp\/v2\/types\/post"}],"author":[{"embeddable":true,"href":"https:\/\/www.europesays.com\/es\/wp-json\/wp\/v2\/users\/2"}],"replies":[{"embeddable":true,"href":"https:\/\/www.europesays.com\/es\/wp-json\/wp\/v2\/comments?post=116424"}],"version-history":[{"count":0,"href":"https:\/\/www.europesays.com\/es\/wp-json\/wp\/v2\/posts\/116424\/revisions"}],"wp:featuredmedia":[{"embeddable":true,"href":"https:\/\/www.europesays.com\/es\/wp-json\/wp\/v2\/media\/116425"}],"wp:attachment":[{"href":"https:\/\/www.europesays.com\/es\/wp-json\/wp\/v2\/media?parent=116424"}],"wp:term":[{"taxonomy":"category","embeddable":true,"href":"https:\/\/www.europesays.com\/es\/wp-json\/wp\/v2\/categories?post=116424"},{"taxonomy":"post_tag","embeddable":true,"href":"https:\/\/www.europesays.com\/es\/wp-json\/wp\/v2\/tags?post=116424"}],"curies":[{"name":"wp","href":"https:\/\/api.w.org\/{rel}","templated":true}]}}