{"id":116426,"date":"2025-09-15T10:47:08","date_gmt":"2025-09-15T10:47:08","guid":{"rendered":"https:\/\/www.europesays.com\/es\/116426\/"},"modified":"2025-09-15T10:47:08","modified_gmt":"2025-09-15T10:47:08","slug":"corsair-pagara-55-millones-tras-una-demanda-por-sus-ram","status":"publish","type":"post","link":"https:\/\/www.europesays.com\/es\/116426\/","title":{"rendered":"CORSAIR pagar\u00e1 5,5 millones tras una demanda por sus RAM"},"content":{"rendered":"<p><strong>CORSAIR<\/strong> se ha visto obligada a poner sobre la<br \/>\nmesa un acuerdo millonario despu\u00e9s de <strong>varios a\u00f1os de<br \/>\nlitigios por una demanda sobre la forma en la que promocionaba sus<br \/>\nmemorias RAM<\/strong>. Todo empez\u00f3 en <a href=\"https:\/\/elchapuzasinformatico.com\/2022\/08\/corsair-caida-ingresos-resultados-financieros-2022\/\" target=\"_blank\" rel=\"noopener nofollow\">2022<\/a> con una demanda colectiva<br \/>\nen California, en la que se acusaba a la compa\u00f1\u00eda de vender m\u00f3dulos<br \/>\nde las <strong>series Vengeance y Dominator<\/strong> con<br \/>\nvelocidades como 3.200 o 3.600 MHz, cuando en realidad arrancaban<br \/>\nde f\u00e1brica a los 2.133 MHz est\u00e1ndar que marca el JEDEC.<\/p>\n<p>Como sabemos, para alcanzar las cifras impresas en la caja, en<br \/>\nel marketing, era necesario activar perfiles XMP en la BIOS y<br \/>\nconfiar en que el IMC de la CPU soportase la velocidad a base de<br \/>\naumento de voltaje, algo que no siempre pasaba. Ahora, tras negar<br \/>\nhaber hecho nada mal, pero para zanjar el asunto, CORSAIR ha<br \/>\naceptado crear un fondo de <strong>5,5 millones de d\u00f3lares<br \/>\ndestinado a compensar a los compradores afectados en<br \/>\nEE.UU.<\/strong><\/p>\n<p>CORSAIR cede para acabar con la demanda a sus memorias RAM,<br \/>\n\u00bfarrastrar\u00e1 a la industria?<\/p>\n<p><a href=\"https:\/\/www.europesays.com\/es\/wp-content\/uploads\/2025\/09\/CORSAIR-demanda-por-sus-modulos-DRAM-con-publicidad-enganosa-en-velocidad-DRAM-y-JEDEC.jpg\"><\/p>\n<p><img fetchpriority=\"high\" decoding=\"async\" src=\"data:image\/svg+xml,%3Csvg%20xmlns=\" http:=\"\" alt=\"CORSAIR-demanda-por-sus-m\u00f3dulos-DRAM-con-publicidad-enga\u00f1osa-en-velocidad-DRAM-y-JEDEC\" width=\"1000\" height=\"500\" data-lazy- data-lazy- data-lazy-src=\"https:\/\/www.europesays.com\/es\/wp-content\/uploads\/2025\/09\/CORSAIR-demanda-por-sus-modulos-DRAM-con-publicidad-enganosa-en-velocidad-DRAM-y-JEDEC.jpg\"\/><\/p>\n<p><\/a><\/p>\n<p>El n\u00facleo de la pol\u00e9mica es f\u00e1cil de entender: un consumidor<br \/>\nmedio que adquiere una memoria anunciada a 3.600 MHz, u otra cifra<br \/>\nde velocidad, <strong>espera que funcione as\u00ed nada m\u00e1s<br \/>\ninstalarla<\/strong>. Pero la realidad t\u00e9cnica era distinta, ya que<br \/>\nesas frecuencias se logran \u00fanicamente con ajustes manuales, y<br \/>\nencima con resultados que dependen de la placa base, del procesador<br \/>\ne incluso de la suerte con el IMC para la memoria.<\/p>\n<p>Lo que la demanda subrayaba es que <strong>CORSAIR nunca lo dej\u00f3<br \/>\nclaro en su publicidad<\/strong>, generando la idea de que la<br \/>\nvelocidad indicada era la operativa por defecto. Para muchos<br \/>\njugadores que buscaban mejorar el rendimiento de sus equipos,<br \/>\ndescubrir que sus m\u00f3dulos se quedaban en los 2.133 MHz fue un jarro<br \/>\nde agua fr\u00eda.<\/p>\n<p>El acuerdo, reci\u00e9n anunciado, establece que cualquier persona<br \/>\nque haya comprado memoria de escritorio DDR4 de CORSAIR con<br \/>\nvelocidad superior a 2.133 MHz o DDR5 por encima de 4.800 MHz<br \/>\n<strong>entre el 14 de enero de 2018 y el 2 de julio de<br \/>\n2025<\/strong> puede reclamar parte del fondo. Eso s\u00ed, la compra<br \/>\ndebe haberse hecho en Estados Unidos y no aplica a m\u00f3dulos para<br \/>\nport\u00e1tiles, lo cual es muy curioso.<\/p>\n<p>Sobra decir que estas pr\u00e1cticas, aunque con menor publicidad,<br \/>\nson comunes a pr\u00e1cticamente todos los fabricantes de DRAM actuales.<br \/>\n<strong>La demanda podr\u00eda ser la chispa para que se emprendan<br \/>\nacciones contra el resto de actores del mercado<\/strong>, puesto<br \/>\nque pocos ofrecen sus m\u00f3dulos a velocidades JEDEC como tal, el<br \/>\nresto es puro overclock que, en teor\u00eda, deber\u00eda ser publicitado<br \/>\ncomo tal.<\/p>\n<p>Pagos prorrateados, plazos hasta octubre para reclamar<\/p>\n<p><a href=\"https:\/\/www.europesays.com\/es\/wp-content\/uploads\/2025\/09\/CORSAIR-demanda-por-sus-modulos-DRAM-con-publicidad-enganosa-en-velocidad-DRAM-y-JEDEC-1.jpg\"><\/p>\n<p><img loading=\"lazy\" decoding=\"async\" src=\"data:image\/svg+xml,%3Csvg%20xmlns=\" http:=\"\" alt=\"CORSAIR-demanda-por-sus-m\u00f3dulos-DRAM-con-publicidad-enga\u00f1osa-en-velocidad-DRAM-y-JEDEC\" width=\"1000\" height=\"500\" data-lazy- data-lazy- data-lazy-src=\"https:\/\/www.europesays.com\/es\/wp-content\/uploads\/2025\/09\/CORSAIR-demanda-por-sus-modulos-DRAM-con-publicidad-enganosa-en-velocidad-DRAM-y-JEDEC-1.jpg\"\/><\/p>\n<p><\/a><\/p>\n<p><strong>Los pagos se repartir\u00e1n de forma prorrateada<\/strong>,<br \/>\nes decir, en funci\u00f3n del n\u00famero de reclamaciones que se registren<br \/>\npor parte de los usuarios. Quien no presente pruebas de compra<br \/>\npuede reclamar hasta cinco m\u00f3dulos por hogar, mientras que quienes<br \/>\ns\u00ed tengan facturas o recibos podr\u00e1n superar ese l\u00edmite.<\/p>\n<p>Los plazos tambi\u00e9n est\u00e1n definidos. Quien quiera excluirse u<br \/>\nobjetar tiene hasta el <strong>3 de octubre de 2025<\/strong>,<br \/>\nmientras que la fecha l\u00edmite para presentar una reclamaci\u00f3n es el<br \/>\n<strong>28 de octubre<\/strong> del mismo a\u00f1o. La audiencia final en<br \/>\nla que se revisar\u00e1 el acuerdo est\u00e1 prevista para el <strong>8 de<br \/>\nenero de 2026.<\/strong> El dinero que toque a cada afectado<br \/>\ndepender\u00e1 de la cantidad de solicitudes v\u00e1lidas que entren en el<br \/>\nsistema, ya que el bote de <strong>5,5 millones<\/strong> se reparte<br \/>\nentre todos.<\/p>\n<p>M\u00e1s all\u00e1 del dinero, <strong>CORSAIR se ha comprometido a<br \/>\ncambiar su manera de anunciar estos productos.<\/strong> A partir de<br \/>\nahora, el empaquetado y las p\u00e1ginas oficiales deber\u00e1n dejar claro<br \/>\nque las frecuencias publicitadas <strong>son \u201chasta\u201d cierto<br \/>\nnivel<\/strong> y que requieren ajustes en la BIOS o el uso de<br \/>\nperfiles de overclock para llegar a esas cifras.<\/p>\n<p>Es un matiz que marca una gran diferencia, porque ya no quedar\u00e1<br \/>\nla impresi\u00f3n de que basta con enchufar la memoria para disfrutar de<br \/>\n3.600 MHz, o superior, garantizados. Si eres uno de esos<br \/>\nconsumidores estadounidenses <strong>puedes presentar tus<br \/>\nreclamaciones por esta demanda de RAM a trav\u00e9s de la web oficial<br \/>\ndel acuerdo,<\/strong> <a href=\"https:\/\/www.courtlistener.com\/docket\/62602447\/1\/mckinney-v-corsair-gaming-inc\/\" target=\"_blank\" rel=\"noopener nofollow\">un tr\u00e1mite sencillo y gratuito<\/a><br \/>\nque busca cerrar uno de los episodios m\u00e1s pol\u00e9micos en la<br \/>\ntrayectoria reciente de CORSAIR.<\/p>\n","protected":false},"excerpt":{"rendered":"CORSAIR se ha visto obligada a poner sobre la mesa un acuerdo millonario despu\u00e9s de varios a\u00f1os de&hellip;\n","protected":false},"author":2,"featured_media":116427,"comment_status":"","ping_status":"","sticky":false,"template":"","format":"standard","meta":{"footnotes":""},"categories":[81],"tags":[119,123,124,25,24,117,121,122,23,118,120],"class_list":{"0":"post-116426","1":"post","2":"type-post","3":"status-publish","4":"format-standard","5":"has-post-thumbnail","7":"category-ciencia-y-tecnologia","8":"tag-ciencia","9":"tag-ciencia-y-tecnologia","10":"tag-cienciaytecnologia","11":"tag-es","12":"tag-espana","13":"tag-science","14":"tag-science-and-technology","15":"tag-scienceandtechnology","16":"tag-spain","17":"tag-technology","18":"tag-tecnologia"},"share_on_mastodon":{"url":"","error":""},"_links":{"self":[{"href":"https:\/\/www.europesays.com\/es\/wp-json\/wp\/v2\/posts\/116426","targetHints":{"allow":["GET"]}}],"collection":[{"href":"https:\/\/www.europesays.com\/es\/wp-json\/wp\/v2\/posts"}],"about":[{"href":"https:\/\/www.europesays.com\/es\/wp-json\/wp\/v2\/types\/post"}],"author":[{"embeddable":true,"href":"https:\/\/www.europesays.com\/es\/wp-json\/wp\/v2\/users\/2"}],"replies":[{"embeddable":true,"href":"https:\/\/www.europesays.com\/es\/wp-json\/wp\/v2\/comments?post=116426"}],"version-history":[{"count":0,"href":"https:\/\/www.europesays.com\/es\/wp-json\/wp\/v2\/posts\/116426\/revisions"}],"wp:featuredmedia":[{"embeddable":true,"href":"https:\/\/www.europesays.com\/es\/wp-json\/wp\/v2\/media\/116427"}],"wp:attachment":[{"href":"https:\/\/www.europesays.com\/es\/wp-json\/wp\/v2\/media?parent=116426"}],"wp:term":[{"taxonomy":"category","embeddable":true,"href":"https:\/\/www.europesays.com\/es\/wp-json\/wp\/v2\/categories?post=116426"},{"taxonomy":"post_tag","embeddable":true,"href":"https:\/\/www.europesays.com\/es\/wp-json\/wp\/v2\/tags?post=116426"}],"curies":[{"name":"wp","href":"https:\/\/api.w.org\/{rel}","templated":true}]}}