{"id":116432,"date":"2025-09-15T10:50:07","date_gmt":"2025-09-15T10:50:07","guid":{"rendered":"https:\/\/www.europesays.com\/es\/116432\/"},"modified":"2025-09-15T10:50:07","modified_gmt":"2025-09-15T10:50:07","slug":"el-juicio-a-la-manada-de-castelldefels-empieza-este-martes-en-la-audiencia-de-barcelona","status":"publish","type":"post","link":"https:\/\/www.europesays.com\/es\/116432\/","title":{"rendered":"El juicio a la &#8216;manada de Castelldefels&#8217; empieza este martes en la Audiencia de Barcelona"},"content":{"rendered":"<p class=\"paragraph\"><a href=\"https:\/\/www.heraldo.es\/noticias\/aragon\/2025\/09\/15\/tres-vecinos-zaragoza-detenidos-haro-kilo-hachis-coche-1854018.html\" title=\"Tres vecinos de Zaragoza detenidos en Haro con un kilo de hach\u00eds y 110 gramos de coca\u00edna en su coche\" target=\"_blank\" rel=\"nofollow noopener\">El juicio a los 5 acusados de la conocida como &#8216;manada de Castelldefels&#8217; (Barcelona)<\/a> empieza este martes en la <b>Audiencia Provincial de Barcelona.<\/b><\/p>\n<p class=\"paragraph\">La Fiscal\u00eda solicita penas de prisi\u00f3n que oscilan entre los 28 y los 53 a\u00f1os <b>(196 a\u00f1os en total) <\/b>para los 5 acusados de agredir sexualmente a 3 mujeres entre marzo y mayo de 2021 y grabar sin su consentimiento a una cuarta mientras manten\u00eda relaciones sexuales y difundir el v\u00eddeo en un grupo de Whatsapp.<\/p>\n<p class=\"paragraph\">Seg\u00fan el escrito de acusaci\u00f3n del ministerio p\u00fablico, consultado por Europa Press, los procesados contactaron por redes sociales con j\u00f3venes que ten\u00edan una<b> baja autoestima<\/b>, se ganaron su confianza y las invitaron a fiestas en el domicilio de uno de los procesados, ubicado en Castelldefels, aprovech\u00e1ndose del cierre perimetral a causa de la pandemia por Covid-19, que supuso el cierre de lugares de ocio.<\/p>\n<p class=\"paragraph\">Las v\u00edctimas acudieron a esas fiestas de forma voluntaria, pero sin conocer <b>\u00abel car\u00e1cter grupal y sexual de las mismas\u00bb<\/b>, en las que los procesados crearon un clima de sometimiento que lleg\u00f3 a mermar e incluso anular la capacidad de reacci\u00f3n de las perjudicadas, seg\u00fan la Fiscal\u00eda.<\/p>\n<p class=\"paragraph\">Adem\u00e1s, los 5 procesados, junto a otros individuos, formaban parte de un grupo de Whatsapp llamado<b> &#8216;K-Team&#8217; <\/b>en el que seleccionaban a las j\u00f3venes que quer\u00edan llevar a la vivienda, en el que \u00abse mofaban\u00bb de lo que pretend\u00edan hacer con ellas y en el que comentaban y se jactaban de las presuntas agresiones sexuales una vez cometidas.<\/p>\n<p class=\"paragraph\">Entre las m\u00faltiples conversaciones de car\u00e1cter sexual que se recogen en el escrito de acusaci\u00f3n referentes a las presuntas agresiones sexuales figura una en la que uno de los procesados le dice a otro: \u00abTe pasar\u00eda el tel\u00e9fono de una que es muy guarra y est\u00e1 bien, pero <b>no me f\u00edo porque a esa s\u00ed la veo capaz de denunciarme\u00bb.<\/b><\/p>\n<p>Tres presuntas violaciones<\/p>\n<p class=\"paragraph\">Seg\u00fan la Fiscal\u00eda, el primero de los hechos se produjo el 27 de abril de 2021, cuando uno de los acusados, que era <b>\u00abplenamente conocedor\u00bb<\/b> de que la v\u00edctima tiene una discapacidad porque la conoc\u00eda de a\u00f1os atr\u00e1s, la invit\u00f3 a su vivienda, a la que acudieron para sorpresa de la mujer los dem\u00e1s procesados.<\/p>\n<p class=\"paragraph\">All\u00ed, la chica comenz\u00f3 a ingerir bebidas alcoh\u00f3licas que le iban ofreciendo los acusados, siendo conocedores de que se hab\u00eda medicado previamente, y cuando tuvo sus facultades cognitivas <b>\u00abintensamente disminuidas\u00bb<\/b>, 3 de ellos presuntamente la violaron en presencia de un cuarto, pese a que ella les pidi\u00f3 que pararan.<\/p>\n<p class=\"paragraph\">El segundo hecho se remonta a mayo de 2021, cuando el mismo procesado invit\u00f3 a otra mujer a su casa y, una vez all\u00ed, la v\u00edctima se <b>encontr\u00f3 sorpresivamente con el resto<\/b> de acusados.<\/p>\n<p class=\"paragraph\">Tras tomar bebidas alcoh\u00f3licas, la chica fue a una habitaci\u00f3n con uno de los procesados y se besaron voluntariamente, sin llegar a mantener relaciones \u00edntimas, momento en el que irrumpieron de manera abrupta y sin previo aviso dos de los acusados y uno de ellos la oblig\u00f3 a realizar pr\u00e1cticas sexuales, a lo que ella finalmente accedi\u00f3 por el<b> \u00abp\u00e1nico a sufrir un ataque mayor\u00bb.<\/b><\/p>\n<p class=\"paragraph\">El tercer hecho sucedi\u00f3 en marzo de 2021, cuando uno de los acusados entabl\u00f3 relaci\u00f3n con una chica a trav\u00e9s de una red social de citas y qued\u00f3 junto a otro de los procesados con ella en un hostal del barrio de Sants de Barcelona, donde los tres <b>mantuvieron relaciones sexuales consentidas.<\/b><\/p>\n<p class=\"paragraph\">Sin embargo, pese a que ella mostr\u00f3 su negativa, uno de ellos grab\u00f3 con su tel\u00e9fono m\u00f3vil las relaciones sexuales y comparti\u00f3 el v\u00eddeo por el grupo &#8216;K-Team&#8217;.<\/p>\n<p class=\"paragraph\">El cuarto hecho se produjo en mayo de 2021, cuando invitaron a una cuarta chica a una fiesta en la casa de Castelldefels y la obligaron a mantener relaciones sexuales con tres de ellos, <b>unos hechos que grabaron en v\u00eddeo<\/b>, que despu\u00e9s compartieron por el grupo &#8216;K-Team&#8217;.<\/p>\n<p>Grupo criminal\u00a0<\/p>\n<p class=\"paragraph\">Tras su detenci\u00f3n, el Juzgado de Instrucci\u00f3n n\u00famero 5 de Gav\u00e0 (Barcelona) decret\u00f3 su ingreso en prisi\u00f3n provisional, comunicada y sin fianza.<\/p>\n<p class=\"paragraph\">La Fiscal\u00eda considera que los 5 acusados intregaron <b>\u00abun grupo criminal para la comisi\u00f3n de delitos contra la indemnidad sexual\u00bb<\/b> y les atribuye, adem\u00e1s, 3 delitos de agresi\u00f3n sexual con penetraci\u00f3n (dos de ellos continuados) y dos delitos de descubrimiento y revelaci\u00f3n de secretos con difusi\u00f3n de datos de car\u00e1cter personal.<\/p>\n<p class=\"paragraph\">Por todo ello, pide un total de<b> 196 a\u00f1os de prisi\u00f3n para los 5 acusados <\/b>y que indemnicen a las v\u00edctimas con un total de 212.325,95 euros por los da\u00f1os morales ocasionados.<\/p>\n<p class=\"paragraph\">El juicio est\u00e1 previsto que se alargue hasta el pr\u00f3ximo jueves, <b>25 de septiembre.\u00a0<\/b><\/p>\n","protected":false},"excerpt":{"rendered":"El juicio a los 5 acusados de la conocida como &#8216;manada de Castelldefels&#8217; (Barcelona) empieza este martes en&hellip;\n","protected":false},"author":2,"featured_media":116433,"comment_status":"","ping_status":"","sticky":false,"template":"","format":"standard","meta":{"footnotes":""},"categories":[8],"tags":[4294,210,17,18,38994,7954,25,24,13,14,11,19,20,7797,9,10,15,16,23,12,21,22],"class_list":{"0":"post-116432","1":"post","2":"type-post","3":"status-publish","4":"format-standard","5":"has-post-thumbnail","7":"category-espana","8":"tag-audiencia","9":"tag-barcelona","10":"tag-breaking-news","11":"tag-breakingnews","12":"tag-castelldefels","13":"tag-empieza","14":"tag-es","15":"tag-espana","16":"tag-featured-news","17":"tag-featurednews","18":"tag-headlines","19":"tag-latest-news","20":"tag-latestnews","21":"tag-martes","22":"tag-news","23":"tag-noticias","24":"tag-noticias-destacadas","25":"tag-noticiasdestacadas","26":"tag-spain","27":"tag-titulares","28":"tag-ultimas-noticias","29":"tag-ultimasnoticias"},"share_on_mastodon":{"url":"","error":""},"_links":{"self":[{"href":"https:\/\/www.europesays.com\/es\/wp-json\/wp\/v2\/posts\/116432","targetHints":{"allow":["GET"]}}],"collection":[{"href":"https:\/\/www.europesays.com\/es\/wp-json\/wp\/v2\/posts"}],"about":[{"href":"https:\/\/www.europesays.com\/es\/wp-json\/wp\/v2\/types\/post"}],"author":[{"embeddable":true,"href":"https:\/\/www.europesays.com\/es\/wp-json\/wp\/v2\/users\/2"}],"replies":[{"embeddable":true,"href":"https:\/\/www.europesays.com\/es\/wp-json\/wp\/v2\/comments?post=116432"}],"version-history":[{"count":0,"href":"https:\/\/www.europesays.com\/es\/wp-json\/wp\/v2\/posts\/116432\/revisions"}],"wp:featuredmedia":[{"embeddable":true,"href":"https:\/\/www.europesays.com\/es\/wp-json\/wp\/v2\/media\/116433"}],"wp:attachment":[{"href":"https:\/\/www.europesays.com\/es\/wp-json\/wp\/v2\/media?parent=116432"}],"wp:term":[{"taxonomy":"category","embeddable":true,"href":"https:\/\/www.europesays.com\/es\/wp-json\/wp\/v2\/categories?post=116432"},{"taxonomy":"post_tag","embeddable":true,"href":"https:\/\/www.europesays.com\/es\/wp-json\/wp\/v2\/tags?post=116432"}],"curies":[{"name":"wp","href":"https:\/\/api.w.org\/{rel}","templated":true}]}}