{"id":116436,"date":"2025-09-15T10:52:12","date_gmt":"2025-09-15T10:52:12","guid":{"rendered":"https:\/\/www.europesays.com\/es\/116436\/"},"modified":"2025-09-15T10:52:12","modified_gmt":"2025-09-15T10:52:12","slug":"una-historica-alianza-para-el-gab-jaen-femenino","status":"publish","type":"post","link":"https:\/\/www.europesays.com\/es\/116436\/","title":{"rendered":"Una hist\u00f3rica alianza para el GAB Ja\u00e9n femenino"},"content":{"rendered":"<p>El <strong>balonmano femenino<\/strong> de la provincia da un paso adelante con un <strong>acuerdo hist\u00f3rico<\/strong> entre el GAB Ja\u00e9n y el BM Torredelcampo. Ambos clubes han decidido unir sus <strong>plantillas juveniles<\/strong> para formar un <strong>equipo conjunto<\/strong> que competir\u00e1 esta temporada 2025\/26 en <strong>Divisi\u00f3n de Honor<\/strong>, la m\u00e1xima categor\u00eda auton\u00f3mica. La alianza, fruto de la colaboraci\u00f3n y la suma de esfuerzos, permitir\u00e1 a un grupo de jugadoras de entre 16 y 18 a\u00f1os medirse cada semana con <strong>la \u00e9lite andaluza<\/strong>.<\/p>\n<p><strong>Alejandro Entrambasaguas<\/strong>, <strong>director t\u00e9cnico<\/strong> del GAB Ja\u00e9n, celebra\u00a0la iniciativa al considerar que \u201cabre la puerta a nuestras chicas para enfrentarse a las mejores del balonmano andaluz\u201d y destaca\u00a0que <strong>la experiencia positiva<\/strong> est\u00e1 siendo positiva desde el inicio: \u201cYa llevan cuatro\u00a0semanas entrenando juntas y cerca de la mitad conoce bien <strong>la categor\u00eda m\u00e1s alta<\/strong>\u201d. Adem\u00e1s, Entrambasaguas subraya\u00a0que \u201cen nuestro deporte no hay rivalidades; estamos encantados de estar en la categor\u00eda m\u00e1s alta para la edad de las chicas\u201d.<\/p>\n<p>Por su parte, <strong>Jos\u00e9 Ignacio Fern\u00e1ndez<\/strong>, <strong>presidente del GAB Ja\u00e9n<\/strong>, recuerda\u00a0el trabajo realizado desde <strong>1992<\/strong> para <strong>consolidar este deporte<\/strong> en la capital. \u201cEs un gran logro, fruto del esfuerzo y el compromiso continuado de mucha gente que lucha d\u00eda a d\u00eda para que el <strong>balonmano<\/strong> ocupe el lugar que realmente le corresponde en el <strong>panorama deportivo de Ja\u00e9n<\/strong>\u201d, se\u00f1ala.<\/p>\n<p>Ambas entidades destacan que el acuerdo no solo representa un <strong>\u00e9xito deportivo<\/strong>, sino tambi\u00e9n un proyecto que fortalece <strong>valores<\/strong> como el <strong>compa\u00f1erismo<\/strong>, la <strong>deportividad<\/strong> y la vida sana. Tanto el GAB Ja\u00e9n como el BM Torredelcampo hacen\u00a0un llamamiento a las aficiones y a las administraciones locales para que apoyen al equipo en esta nueva etapa. \u201cEl balonmano en general y la afici\u00f3n de Ja\u00e9n en particular merecen disfrutar de este <strong>espect\u00e1culo de primer nivel<\/strong> y estamos seguros de que nuestras chicas se lo van a brindar cada semana\u201d, concluyen\u00a0desde el club jiennense.<\/p>\n","protected":false},"excerpt":{"rendered":"El balonmano femenino de la provincia da un paso adelante con un acuerdo hist\u00f3rico entre el GAB Ja\u00e9n&hellip;\n","protected":false},"author":2,"featured_media":116437,"comment_status":"","ping_status":"","sticky":false,"template":"","format":"standard","meta":{"footnotes":""},"categories":[278],"tags":[376,15904,168,25,24,38995,375,23,167],"class_list":{"0":"post-116436","1":"post","2":"type-post","3":"status-publish","4":"format-standard","5":"has-post-thumbnail","7":"category-balonmano","8":"tag-balonmano","9":"tag-balonmano-femenino","10":"tag-deportes","11":"tag-es","12":"tag-espana","13":"tag-gab-jaen","14":"tag-handball","15":"tag-spain","16":"tag-sports"},"share_on_mastodon":{"url":"","error":""},"_links":{"self":[{"href":"https:\/\/www.europesays.com\/es\/wp-json\/wp\/v2\/posts\/116436","targetHints":{"allow":["GET"]}}],"collection":[{"href":"https:\/\/www.europesays.com\/es\/wp-json\/wp\/v2\/posts"}],"about":[{"href":"https:\/\/www.europesays.com\/es\/wp-json\/wp\/v2\/types\/post"}],"author":[{"embeddable":true,"href":"https:\/\/www.europesays.com\/es\/wp-json\/wp\/v2\/users\/2"}],"replies":[{"embeddable":true,"href":"https:\/\/www.europesays.com\/es\/wp-json\/wp\/v2\/comments?post=116436"}],"version-history":[{"count":0,"href":"https:\/\/www.europesays.com\/es\/wp-json\/wp\/v2\/posts\/116436\/revisions"}],"wp:featuredmedia":[{"embeddable":true,"href":"https:\/\/www.europesays.com\/es\/wp-json\/wp\/v2\/media\/116437"}],"wp:attachment":[{"href":"https:\/\/www.europesays.com\/es\/wp-json\/wp\/v2\/media?parent=116436"}],"wp:term":[{"taxonomy":"category","embeddable":true,"href":"https:\/\/www.europesays.com\/es\/wp-json\/wp\/v2\/categories?post=116436"},{"taxonomy":"post_tag","embeddable":true,"href":"https:\/\/www.europesays.com\/es\/wp-json\/wp\/v2\/tags?post=116436"}],"curies":[{"name":"wp","href":"https:\/\/api.w.org\/{rel}","templated":true}]}}