{"id":116438,"date":"2025-09-15T10:54:08","date_gmt":"2025-09-15T10:54:08","guid":{"rendered":"https:\/\/www.europesays.com\/es\/116438\/"},"modified":"2025-09-15T10:54:08","modified_gmt":"2025-09-15T10:54:08","slug":"diego-lopes-se-postula-de-nuevo-como-aspirante-al-titulo-de-la-ufc-tras-noquear-al-nerd-jean-silva","status":"publish","type":"post","link":"https:\/\/www.europesays.com\/es\/116438\/","title":{"rendered":"Diego Lopes se postula de nuevo como aspirante al t\u00edtulo de la UFC tras noquear al &#8216;nerd&#8217; Jean Silva"},"content":{"rendered":"<p><img decoding=\"async\" class=\"voc-author__img\" src=\"https:\/\/www.europesays.com\/es\/wp-content\/uploads\/2025\/09\/autor-1617-foto-9.jpeg\" alt=\"\u00c1lvaro Colmenero\"\/><\/p>\n<p>15\/09\/2025<br \/>\n<br \/><strong><br \/>\nActualizado a las 12:39h.<br \/>\n<\/strong><\/p>\n<p class=\"voc-p\" style=\"\"><strong>Diego Lopes ha dado un golpe de autoridad<\/strong> de cara a volver a situarse como aspirante al cintur\u00f3n del peso pluma de la UFC. El brasile\u00f1o afincado en M\u00e9xico <a href=\"https:\/\/www.abc.es\/deportes\/mma\/diego-lopes-gano-gran-actuacion-jean-silva-20250911093830-nt.html\" target=\"_self\" data-voc-vtm-id=\"in-text-traffic\" title=\"alcanz\u00f3 a Jean Silva con un codazo giratorio\" rel=\"nofollow noopener\">alcanz\u00f3 a Jean Silva con un codazo giratorio<\/a>, seguido de varios golpes m\u00e1s, que lo dejaron fuera de combate en el segundo asalto, en la pelea estelar del evento Noche UFC, que se celebr\u00f3 este s\u00e1bado en San Antonio (Texas)<\/p>\n<p class=\"voc-p\" style=\"\">Diego Lopes (27-7) fren\u00f3 en seco la racha de 13 victorias consecutivas de Jean Silva, peleador de los Fighting Nerds. Lopes estuvo a punto de acabar con Silva en el primer asalto, tras varios pu\u00f1etazos sin respuesta que llevaron a Silva (16-3 MMA) a sobrevivir al primer asalto.<\/p>\n<p class=\"voc-p\" style=\"\">Tras recuperarse de su derrota en la pelea por el t\u00edtulo en abril ante el campe\u00f3n de peso pluma de la UFC Alexander Volkanovski (27-4 MMA), Lopes no lleg\u00f3 a pedir expresamente una revancha con Volkanovski. <a href=\"https:\/\/www.abc.es\/deportes\/mma\/diego-lopes-gano-gran-actuacion-jean-silva-20250911093830-nt.html\" target=\"_self\" data-voc-vtm-id=\"in-text-traffic\" title=\"\u00abEstoy listo para el pr\u00f3ximo oponente\u00bb\" rel=\"nofollow noopener\">\u00abEstoy listo para el pr\u00f3ximo oponente\u00bb<\/a>, afirm\u00f3 tras su victoria ante el &#8216;nerd&#8217; Jean Silva.<\/p>\n<p class=\"voc-p\" style=\"\">En el combate coestelar del peso gallo, David Mart\u00ednez se impuso por decisi\u00f3n un\u00e1nime a Rob Font, utilizando golpes de gran volumen y estuvo cerca de firmar un TKO al final del tercer asalto. Finalmente se llev\u00f3 la pelea a las cartulinas por 29-28, 29-28 y 29-28. La victoria de Mart\u00ednez (13-1) fue la novena consecutiva, lo que rompi\u00f3 la racha de dos victorias consecutivas de Font (22-9).<\/p>\n<p class=\"voc-p\" style=\"\">El peso ligero Rafa Garc\u00eda se impuso por KO t\u00e9cnico en el tercer asalto al veterano de la UFC Jared Gordon, aplicando un derechazo seguido de una serie de golpes en el suelo para asegurar la segunda victoria por KO\/KO t\u00e9cnico de su carrera. Garc\u00eda (18-4) ha ganado cuatro de sus \u00faltimas cinco peleas desde diciembre de 2022, mientras que Gordon (21-8 MMA) no ha ganado dos peleas consecutivas en cuatro a\u00f1os.<\/p>\n<p class=\"voc-p\" style=\"\">En un combate de peso medio convertido en peso pactado, el antiguo ganador de Ultimate Fighter y recientemente incluido en el Sal\u00f3n de la Fama de la UFC, Kelvin Gastelum, super\u00f3 a Dustin Stoltzfus por decisi\u00f3n un\u00e1nime, con puntuaciones de 30-27, 29-28 y 29-28.<\/p>\n<p class=\"voc-p\" style=\"\">Gastelum (21-10 MMA) no alcanz\u00f3 el l\u00edmite de peso contratado de 185 libras por cinco libras el viernes, lo que le supuso una p\u00e9rdida del 35% de su bolsa, seg\u00fan la promoci\u00f3n. Gastelum, que ha ganado dos de sus \u00faltimas tres peleas, se disculp\u00f3 por no alcanzar el peso tras la pelea. Por su parte, Stoltzfus (16-8 MMA) cay\u00f3 a 3-7 en la promoci\u00f3n y ha perdido cuatro de sus seis combates anteriores.<\/p>\n<p class=\"voc-p\" style=\"\">El peso ligero Alexander Hern\u00e1ndez aprovech\u00f3 un breve descanso para noquear a Carlos Diego Ferreira (19-7 MMA) en el segundo asalto, en un combate muy re\u00f1ido. Era la segunda pelea de Hern\u00e1ndez en casi un mes, tras derrotar a Chase Hooper (16-4-1 MMA) en el UFC 319 el mes pasado en Chicago. Hern\u00e1ndez (18-8 MMA) ha ganado cuatro combates consecutivos.<\/p>\n<p class=\"voc-p\" style=\"\">La cartelera principal, compuesta por seis combates, comenz\u00f3 con la victoria del peso gallo Santiago Luna en su debut en la UFC, que noque\u00f3 a Quang Le en el primer asalto. Luna (7-0 MMA) ha continuado con su racha de victorias desde abril de 2023, mientras que Le (9-3 MMA) solo ha ganado una vez desde el pasado agosto.<\/p>\n<p>Reportar un error<\/p>\n","protected":false},"excerpt":{"rendered":"15\/09\/2025 Actualizado a las 12:39h. Diego Lopes ha dado un golpe de autoridad de cara a volver a&hellip;\n","protected":false},"author":2,"featured_media":116439,"comment_status":"","ping_status":"","sticky":false,"template":"","format":"standard","meta":{"footnotes":""},"categories":[276],"tags":[38996,168,15477,25,24,10036,8888,38997,13175,524,34415,2469,23,167,2349,575,343],"class_list":{"0":"post-116438","1":"post","2":"type-post","3":"status-publish","4":"format-standard","5":"has-post-thumbnail","7":"category-ufc","8":"tag-aspirante","9":"tag-deportes","10":"tag-diego","11":"tag-es","12":"tag-espana","13":"tag-jean","14":"tag-lopes","15":"tag-nerd","16":"tag-noquear","17":"tag-nuevo","18":"tag-postula","19":"tag-silva","20":"tag-spain","21":"tag-sports","22":"tag-titulo","23":"tag-tras","24":"tag-ufc"},"share_on_mastodon":{"url":"","error":""},"_links":{"self":[{"href":"https:\/\/www.europesays.com\/es\/wp-json\/wp\/v2\/posts\/116438","targetHints":{"allow":["GET"]}}],"collection":[{"href":"https:\/\/www.europesays.com\/es\/wp-json\/wp\/v2\/posts"}],"about":[{"href":"https:\/\/www.europesays.com\/es\/wp-json\/wp\/v2\/types\/post"}],"author":[{"embeddable":true,"href":"https:\/\/www.europesays.com\/es\/wp-json\/wp\/v2\/users\/2"}],"replies":[{"embeddable":true,"href":"https:\/\/www.europesays.com\/es\/wp-json\/wp\/v2\/comments?post=116438"}],"version-history":[{"count":0,"href":"https:\/\/www.europesays.com\/es\/wp-json\/wp\/v2\/posts\/116438\/revisions"}],"wp:featuredmedia":[{"embeddable":true,"href":"https:\/\/www.europesays.com\/es\/wp-json\/wp\/v2\/media\/116439"}],"wp:attachment":[{"href":"https:\/\/www.europesays.com\/es\/wp-json\/wp\/v2\/media?parent=116438"}],"wp:term":[{"taxonomy":"category","embeddable":true,"href":"https:\/\/www.europesays.com\/es\/wp-json\/wp\/v2\/categories?post=116438"},{"taxonomy":"post_tag","embeddable":true,"href":"https:\/\/www.europesays.com\/es\/wp-json\/wp\/v2\/tags?post=116438"}],"curies":[{"name":"wp","href":"https:\/\/api.w.org\/{rel}","templated":true}]}}