{"id":116440,"date":"2025-09-15T10:55:08","date_gmt":"2025-09-15T10:55:08","guid":{"rendered":"https:\/\/www.europesays.com\/es\/116440\/"},"modified":"2025-09-15T10:55:08","modified_gmt":"2025-09-15T10:55:08","slug":"lejos-de-los-lideres-joaquin-niemann-cierra-el-bmw-pga-championship-en-el-top-20","status":"publish","type":"post","link":"https:\/\/www.europesays.com\/es\/116440\/","title":{"rendered":"Lejos de los l\u00edderes: Joaqu\u00edn Niemann cierra el BMW PGA Championship en el top 20"},"content":{"rendered":"<p class=\"article-body__paragraph\"><a href=\"https:\/\/www.latercera.com\/etiqueta\/joaquin-niemann\/\" target=\"_blank\" rel=\"noreferrer nofollow noopener\" title=\"https:\/\/www.latercera.com\/etiqueta\/joaquin-niemann\/\"><b>Joaqu\u00edn Niemann<\/b><\/a><b> contin\u00faa con su deuda fuera del LIV Golf<\/b>. El chileno no pudo consolidarse en el <b>BMW PGA Championship y cerr\u00f3 el torneo en como T20<\/b>, con una tarjeta total de<b> -12<\/b>.<\/p>\n<p class=\"article-body__paragraph\">El talagantino salt\u00f3 al Wentworth Gc de Surrey, Inglaterra, como T12. Precisamente, <a href=\"https:\/\/www.latercera.com\/el-deportivo\/noticia\/joaquin-niemann-cumple-una-impecable-ronda-que-lo-ilusiona-con-los-primeros-puestos-del-bmw-pga-championship\/\" target=\"_blank\" rel=\"noreferrer nofollow noopener\" title=\"https:\/\/www.latercera.com\/el-deportivo\/noticia\/joaquin-niemann-cumple-una-impecable-ronda-que-lo-ilusiona-con-los-primeros-puestos-del-bmw-pga-championship\/\">ven\u00eda de su mejor d\u00eda en el fin de semana<\/a>, lo que lo llev\u00f3 a ilusionarse con alcanzar puestos m\u00e1s altos. Y si bien esto no ocurri\u00f3, <b>le bast\u00f3 para ser el mejor latino de la competencia.<\/b><\/p>\n<p class=\"article-body__paragraph\">Sin embargo, el chileno no fue consistente y cerr\u00f3 la cuarta jornada con 69 golpes totales y -3 en su papeleta, quedando lejos de los l\u00edderes. <b>El campe\u00f3n fue Alex Noren (-19)<\/b>, que se impuso sobre el franc\u00e9s Adrien Saddier (-19) en el desempate. <\/p>\n<p class=\"article-body__paragraph\">De esta forma, el sueco se consolid\u00f3 como el golfista m\u00e1s exitoso de su pa\u00eds en el DP World Tour, el principal circuito de golf profesional masculino de Europa, con 12 victorias.<\/p>\n<p>Gran premio econ\u00f3mico<\/p>\n<p class=\"article-body__paragraph\">Niemann inici\u00f3 de buena manera, enlazando birdies. El talagantino descont\u00f3 en las banderas 1 y 4, pero empez\u00f3 a sufrir con su irregularidad. <b>Un doble bogey en el 11 termin\u00f3 por sentenciar sus aspiraciones<\/b>. Volvi\u00f3 a restar en los hoyos 12, 16 y 18, pero no fue suficiente.<\/p>\n<p class=\"article-body__paragraph\">No obstante, a pesar de no conseguir meterse en la pelea por el campeonato, su participaci\u00f3n en el BMW PGA Championship <b>le permite sumar unidades en la Race to Dubai y la clasificaci\u00f3n mundial.<\/b><\/p>\n<p class=\"article-body__paragraph\">Por otra parte, el chileno consigui\u00f3 un cuantioso premio econ\u00f3mico. Niemann obtuvo poco m\u00e1s de 103 mil d\u00f3lares por su desempe\u00f1o, es decir, <b>m\u00e1s de 98 millones de pesos chilenos.<\/b><\/p>\n","protected":false},"excerpt":{"rendered":"Joaqu\u00edn Niemann contin\u00faa con su deuda fuera del LIV Golf. El chileno no pudo consolidarse en el BMW&hellip;\n","protected":false},"author":2,"featured_media":116441,"comment_status":"","ping_status":"","sticky":false,"template":"","format":"standard","meta":{"footnotes":""},"categories":[275],"tags":[30021,168,25,24,329,4544,744,23,167],"class_list":{"0":"post-116440","1":"post","2":"type-post","3":"status-publish","4":"format-standard","5":"has-post-thumbnail","7":"category-golf","8":"tag-bmw-pga-championship","9":"tag-deportes","10":"tag-es","11":"tag-espana","12":"tag-golf","13":"tag-joaquin-niemann","14":"tag-polideportivo","15":"tag-spain","16":"tag-sports"},"share_on_mastodon":{"url":"","error":""},"_links":{"self":[{"href":"https:\/\/www.europesays.com\/es\/wp-json\/wp\/v2\/posts\/116440","targetHints":{"allow":["GET"]}}],"collection":[{"href":"https:\/\/www.europesays.com\/es\/wp-json\/wp\/v2\/posts"}],"about":[{"href":"https:\/\/www.europesays.com\/es\/wp-json\/wp\/v2\/types\/post"}],"author":[{"embeddable":true,"href":"https:\/\/www.europesays.com\/es\/wp-json\/wp\/v2\/users\/2"}],"replies":[{"embeddable":true,"href":"https:\/\/www.europesays.com\/es\/wp-json\/wp\/v2\/comments?post=116440"}],"version-history":[{"count":0,"href":"https:\/\/www.europesays.com\/es\/wp-json\/wp\/v2\/posts\/116440\/revisions"}],"wp:featuredmedia":[{"embeddable":true,"href":"https:\/\/www.europesays.com\/es\/wp-json\/wp\/v2\/media\/116441"}],"wp:attachment":[{"href":"https:\/\/www.europesays.com\/es\/wp-json\/wp\/v2\/media?parent=116440"}],"wp:term":[{"taxonomy":"category","embeddable":true,"href":"https:\/\/www.europesays.com\/es\/wp-json\/wp\/v2\/categories?post=116440"},{"taxonomy":"post_tag","embeddable":true,"href":"https:\/\/www.europesays.com\/es\/wp-json\/wp\/v2\/tags?post=116440"}],"curies":[{"name":"wp","href":"https:\/\/api.w.org\/{rel}","templated":true}]}}