{"id":116442,"date":"2025-09-15T10:56:14","date_gmt":"2025-09-15T10:56:14","guid":{"rendered":"https:\/\/www.europesays.com\/es\/116442\/"},"modified":"2025-09-15T10:56:14","modified_gmt":"2025-09-15T10:56:14","slug":"us-open-2025-el-mejor-set-que-le-he-visto-jugar-a-alcaraz-tenis-deportes","status":"publish","type":"post","link":"https:\/\/www.europesays.com\/es\/116442\/","title":{"rendered":"US Open 2025: El mejor set que le he visto jugar a Alcaraz | Tenis | Deportes"},"content":{"rendered":"<p class=\"\">Carlos Alcaraz es el nuevo campe\u00f3n del US Open, confirmando las expectativas que nos hab\u00edamos ido haciendo durante estas dos semanas de competici\u00f3n en las que demostr\u00f3 que es el jugador m\u00e1s en forma del momento.<a href=\"https:\/\/elpais.com\/deportes\/tenis\/2025-09-07\/alcaraz-lo-borda-ante-sinner-y-vuelve-a-lo-mas-alto.html\" target=\"_self\" rel=\"nofollow noopener\" title=\"https:\/\/elpais.com\/deportes\/tenis\/2025-09-07\/alcaraz-lo-borda-ante-sinner-y-vuelve-a-lo-mas-alto.html\"> Esta victoria en cuatro sets <\/a>sobre el italiano Jannik Sinner ha supuesto, a buen seguro, un hito importante para Carlos. Un desenlace en la direcci\u00f3n contraria le hubiera otorgado a aquel un globo de moral y hubiera dibujado un panorama distinto para nuestro jugador.<\/p>\n<p class=\"\">Adem\u00e1s de anotarse su sexto torneo del Gran Slam, Carlos impidi\u00f3 que su gran rival le igualara a cinco en este tipo de eventos y que, casi absolutamente, lo haya desbancado en la carrera para acabar el a\u00f1o como n\u00famero uno, puesto que le acaba de robar despu\u00e9s de que el transalpino haya estado 65 semanas instalado en \u00e9l. Tal vez este domingo <a href=\"https:\/\/elpais.com\/deportes\/tenis\/2025-09-08\/no-sinner-no-esta-contento-consigo-mismo-soy-muy-predecible-necesito-hacer-cambios.html\" target=\"_self\" rel=\"nofollow noopener\" title=\"https:\/\/elpais.com\/deportes\/tenis\/2025-09-08\/no-sinner-no-esta-contento-consigo-mismo-soy-muy-predecible-necesito-hacer-cambios.html\">no vi\u00e9ramos la mejor versi\u00f3n de Jannik<\/a>, pero me atrevo a decir que aunque la hubiera dado, dudo que hubiera podido hacer frente a Carlos tal como jug\u00f3.<\/p>\n<p class=\"\">El primer set del murciano es de los mejores, si no el mejor, que yo le he visto jugar a Alcaraz. Roz\u00f3 la perfecci\u00f3n, jug\u00f3 a una alt\u00edsima velocidad, cometi\u00f3 muy pocos errores y, adem\u00e1s, supo variar el ritmo de sus golpes cuando la situaci\u00f3n lo requer\u00eda.<\/p>\n<p>M\u00e1s informaci\u00f3n<\/p>\n<p class=\"\">Si albergamos algo de intranquilidad durante el partido fue, justamente, en lo que sigui\u00f3 a continuaci\u00f3n: una segunda manga en la que Jannik fue capaz de revertir la din\u00e1mica. Aument\u00f3 la velocidad de sus golpes y se aprovech\u00f3 del ligero baj\u00f3n en el nivel de Carlos para anot\u00e1rsela a su favor. Pero el nuevo guion dio poco, muy poco de s\u00ed. Haciendo gala de su extraordinario nivel ten\u00edstico, de una garra inconmensurable, de una gran creatividad, potencia e inteligencia Carlos se hizo due\u00f1o, de nuevo, del encuentro y no dio en ning\u00fan momento opciones a su rival.<\/p>\n<p class=\"\">Creo que, con muy buen tino, tanto Alcaraz como su equipo t\u00e9cnico tomaron buena nota de lo acontecido <a href=\"https:\/\/elpais.com\/deportes\/tenis\/2025-07-13\/sinner-se-desquita-a-lo-grande-ante-alcaraz-y-conquista-wimbledon.html\" target=\"_self\" rel=\"nofollow noopener\" title=\"https:\/\/elpais.com\/deportes\/tenis\/2025-07-13\/sinner-se-desquita-a-lo-grande-ante-alcaraz-y-conquista-wimbledon.html\">en el \u00faltimo enfrentamiento de ambos en Wimbledon<\/a>. En aquella ocasi\u00f3n, vimos poca variedad en sus golpes y le permiti\u00f3 a Sinner imponer su estilo. En esta ocasi\u00f3n, sin embargo, fue nuestro jugador quien desde el inicio del encuentro marc\u00f3 el ritmo de la contienda. Jannik se vio totalmente desbordado por la intensidad y por la variedad y calidad de los golpes de su oponente. <\/p>\n<p class=\"\">Buena prueba de ello han sido sus manifestaciones en su rueda de prensa posterior a la final en la que admiti\u00f3 que, a d\u00eda de hoy, Carlos es un competidor diferente a todos los dem\u00e1s, que no tiene debilidades y que \u00e9l, por su parte, tendr\u00e1 que hacer cambios, aunque tenga que perder algunos partidos, para convertirse en un jugador un poco m\u00e1s imprevisible. A\u00f1adi\u00f3 que esto es lo que tiene que hacer para convertirse en un mejor tenista.<\/p>\n<p class=\"\">Y yo no puedo estar m\u00e1s de acuerdo. Si es cierto que el jugador transalpino cuenta con una solidez y una potencia fuera de lo com\u00fan, tambi\u00e9n lo es que tendr\u00e1 que hacer un esfuerzo por sorprender a Carlos, el \u00fanico jugador que en estos momentos lo hace todo. Y todo lo hace bien.<\/p>\n","protected":false},"excerpt":{"rendered":"Carlos Alcaraz es el nuevo campe\u00f3n del US Open, confirmando las expectativas que nos hab\u00edamos ido haciendo durante&hellip;\n","protected":false},"author":2,"featured_media":116443,"comment_status":"","ping_status":"","sticky":false,"template":"","format":"standard","meta":{"footnotes":""},"categories":[274],"tags":[545,1540,168,25,24,629,14215,544,896,1925,23,167,327,11759,326,6895,541],"class_list":{"0":"post-116442","1":"post","2":"type-post","3":"status-publish","4":"format-standard","5":"has-post-thumbnail","7":"category-tenis","8":"tag-carlos-alcaraz","9":"tag-competiciones","10":"tag-deportes","11":"tag-es","12":"tag-espana","13":"tag-estados-unidos","14":"tag-grand-slam","15":"tag-jannik-sinner","16":"tag-nueva-york","17":"tag-opinion","18":"tag-spain","19":"tag-sports","20":"tag-tenis","21":"tag-tenistas","22":"tag-tennis","23":"tag-toni-nadal","24":"tag-us-open"},"share_on_mastodon":{"url":"","error":""},"_links":{"self":[{"href":"https:\/\/www.europesays.com\/es\/wp-json\/wp\/v2\/posts\/116442","targetHints":{"allow":["GET"]}}],"collection":[{"href":"https:\/\/www.europesays.com\/es\/wp-json\/wp\/v2\/posts"}],"about":[{"href":"https:\/\/www.europesays.com\/es\/wp-json\/wp\/v2\/types\/post"}],"author":[{"embeddable":true,"href":"https:\/\/www.europesays.com\/es\/wp-json\/wp\/v2\/users\/2"}],"replies":[{"embeddable":true,"href":"https:\/\/www.europesays.com\/es\/wp-json\/wp\/v2\/comments?post=116442"}],"version-history":[{"count":0,"href":"https:\/\/www.europesays.com\/es\/wp-json\/wp\/v2\/posts\/116442\/revisions"}],"wp:featuredmedia":[{"embeddable":true,"href":"https:\/\/www.europesays.com\/es\/wp-json\/wp\/v2\/media\/116443"}],"wp:attachment":[{"href":"https:\/\/www.europesays.com\/es\/wp-json\/wp\/v2\/media?parent=116442"}],"wp:term":[{"taxonomy":"category","embeddable":true,"href":"https:\/\/www.europesays.com\/es\/wp-json\/wp\/v2\/categories?post=116442"},{"taxonomy":"post_tag","embeddable":true,"href":"https:\/\/www.europesays.com\/es\/wp-json\/wp\/v2\/tags?post=116442"}],"curies":[{"name":"wp","href":"https:\/\/api.w.org\/{rel}","templated":true}]}}