{"id":116444,"date":"2025-09-15T10:57:08","date_gmt":"2025-09-15T10:57:08","guid":{"rendered":"https:\/\/www.europesays.com\/es\/116444\/"},"modified":"2025-09-15T10:57:08","modified_gmt":"2025-09-15T10:57:08","slug":"el-director-de-la-vuelta-a-espana-las-imagenes-hablan-por-si-solas-es-lamentable-todo-lo-que-ocurrio-ciclismo-deportes","status":"publish","type":"post","link":"https:\/\/www.europesays.com\/es\/116444\/","title":{"rendered":"El director de la Vuelta a Espa\u00f1a: \u201cLas im\u00e1genes hablan por s\u00ed solas, es lamentable todo lo que ocurri\u00f3\u201d | Ciclismo | Deportes"},"content":{"rendered":"<p class=\"\">Apenas unas horas despu\u00e9s de que la Vuelta ciclista a Espa\u00f1a se viera obligada a despedir su 90\u00aa edici\u00f3n sin ganador final ni ceremonia de podio <a href=\"https:\/\/elpais.com\/deportes\/ciclismo\/2025-09-14\/los-activistas-en-favor-de-palestina-toman-las-calles-de-madrid-y-acaban-con-la-vuelta-a-espana.html\" target=\"_self\" rel=\"nofollow noopener\" title=\"https:\/\/elpais.com\/deportes\/ciclismo\/2025-09-14\/los-activistas-en-favor-de-palestina-toman-las-calles-de-madrid-y-acaban-con-la-vuelta-a-espana.html\">por las multitudinarias protestas contra la participaci\u00f3n del equipo Israel Premier-Tech en la carrera<\/a>, el director de la ronda espa\u00f1ola, Javier Guill\u00e9n, ha atendido en la ma\u00f1ana de este lunes a los medios de comunicaci\u00f3n para ofrecer su visi\u00f3n de lo sucedido este domingo en el centro de Madrid.<\/p>\n<p class=\"\">\u201cQuiero lamentar y condenar lo ocurrido durante la \u00faltima etapa. Pocos comentarios son necesarios. Las im\u00e1genes hablan por s\u00ed solas. Es lamentable todo lo que ocurri\u00f3. No podemos sacar nada bueno\u201d, ha asegurado Guill\u00e9n, <a href=\"https:\/\/elpais.com\/deportes\/2018\/01\/12\/actualidad\/1515755774_018214.html\" target=\"_self\" rel=\"nofollow noopener\" title=\"https:\/\/elpais.com\/deportes\/2018\/01\/12\/actualidad\/1515755774_018214.html\">mandam\u00e1s de la Vuelta desde 2009<\/a>, cuando asumi\u00f3 el cargo tras siete a\u00f1os en Unipublic, la empresa que organiza la prueba desde 1979. Un a\u00f1o antes de asumir el mandato, no obstante, la promotora del Tour de Francia, ASO (Amaury Sport Organisation), compr\u00f3 el 49% de la matriz espa\u00f1ola. Seis despu\u00e9s, en 2014, la compa\u00f1\u00eda francesa adquiri\u00f3 el 51% restante y la Vuelta pas\u00f3 entonces a ser propiedad completa de ASO, gestora, adem\u00e1s, de carreras como la Par\u00eds-Roubaix, la Lieja-Basto\u00f1a-Lieja, la Volta a Catalunya o el Rally Dakar.<\/p>\n<p class=\"\">\u201cNosotros somos una carrera ciclista. Lo que queremos reivindicar es eso\u201d, ha a\u00f1adido Guill\u00e9n; \u201csomos deporte y es lo que queremos ser. <a href=\"https:\/\/elpais.com\/espana\/2025-09-14\/madrid-convierte-el-final-de-la-vuelta-en-una-manifestacion-contra-israel.html\" target=\"_self\" rel=\"nofollow noopener\" title=\"https:\/\/elpais.com\/espana\/2025-09-14\/madrid-convierte-el-final-de-la-vuelta-en-una-manifestacion-contra-israel.html\">Nos parece muy bien que todo el mundo aproveche la Vuelta para reivindicar lo que quiera<\/a>, pero igual que nosotros solicitamos respeto a las manifestaciones, pedimos respeto a la carrera y a nuestros deportistas\u201d.<\/p>\n<p><img alt=\"Miles de manifestantes cortan el paso de la Vuelta a Espa\u00f1a este domingo en Madrid.\" decoding=\"auto\" class=\"_re lazyload a_m-h\" height=\"277\"  width=\"414\"  src=\"https:\/\/www.europesays.com\/es\/wp-content\/uploads\/2025\/09\/5B46WFUZMRIRZLW34Y2RNENDXQ.jpg\" loading=\"lazy\"\/>Miles de manifestantes cortan el paso de la Vuelta a Espa\u00f1a este domingo en Madrid.DPA v\u00eda Europa Press (DPA v\u00eda Europa Press)<\/p>\n<p class=\"\">\u201cLa posici\u00f3n de la Vuelta es clara. <a href=\"https:\/\/elpais.com\/deportes\/ciclismo\/2025-09-03\/solo-la-uci-puede-descalificar-al-israel-premier-tech-de-la-vuelta.html\" target=\"_self\" rel=\"nofollow noopener\" title=\"https:\/\/elpais.com\/deportes\/ciclismo\/2025-09-03\/solo-la-uci-puede-descalificar-al-israel-premier-tech-de-la-vuelta.html\">Nosotros nos guiamos por la normativa de la Uni\u00f3n Ciclista Internacional (UCI)<\/a>. Aqu\u00ed las normas de participaci\u00f3n las pone la UCI. Es a ella a quien le corresponde establecer el derecho de sanci\u00f3n o de exclusi\u00f3n durante las carreras. En todo momento nos hemos movido en esa legalidad. Nos hemos quedado ah\u00ed, no hemos querido entrar en ning\u00fan debate\u201d, ha continuado el director de la ronda espa\u00f1ola.<\/p>\n<p class=\"\">Respecto a la posici\u00f3n de la UCI en los \u00faltimos d\u00edas, Guill\u00e9n ha sido claro: \u201cHablamos con ellos para hacerles ver cu\u00e1l eran los acontecimientos que est\u00e1bamos viviendo y para que tomaran posici\u00f3n y la UCI tom\u00f3 posici\u00f3n: hizo un comunicado para mantener al equipo Israel Premier-Tech en carrera. Nosotros nos hemos guiado en todo momento por lo que ellos nos han dicho. Cualquier movimiento sin su consentimiento, adem\u00e1s, hubiera derivado en una serie de consecuencias legales muy negativas, algo que hubiera afectado a Espa\u00f1a en el marco del deporte internacional\u201d.<\/p>\n<p class=\"\">Antes de concluir su intervenci\u00f3n, de media hora y, a la vista de lo acontecido, insuficiente para responder todas las preguntas de los periodistas presentes, Guill\u00e9n ha querido subrayar que \u201cen ning\u00fan momento\u201d se plantearon la posibilidad de cancelar la \u00faltima etapa en Madrid, una jornada destinada al tradicional paseo de los ciclistas por la capital, pero con la clasificaci\u00f3n general ya decidida. \u201cTuvimos reuniones con la delegaci\u00f3n del Gobierno y consideramos que los cordones de seguridad que se hab\u00edan decretado eran suficientes\u201d, ha declarado; \u201cpor ese motivo no se consider\u00f3 la suspensi\u00f3n de la etapa\u201d.<\/p>\n<p><img alt=\"DVD 1284 El director de La Vuelta, Javier Guill\u00e9n, comparece en el Hotel Chamartin The One (Madrid), el 15 de septiembre de 2025.\" decoding=\"auto\" class=\"_re lazyload a_m-h\" height=\"277\"  width=\"414\"  src=\"https:\/\/www.europesays.com\/es\/wp-content\/uploads\/2025\/09\/WQIRFXAVUZFGNDDLRGHETOIWAI.JPG\" loading=\"lazy\"\/>DVD 1284 El director de La Vuelta, Javier Guill\u00e9n, comparece en el Hotel Chamartin The One (Madrid), el 15 de septiembre de 2025.Alvaro Garcia<\/p>\n<p class=\"\">Por \u00faltimo, el director de la Vuelta a Espa\u00f1a se ha acordado de aquellos que, dice, han promovido lo acontecido este domingo en las calles de Madrid. \u201cDesde luego, <a href=\"https:\/\/elpais.com\/espana\/2025-09-14\/el-significado-global-de-la-rebelion-de-madrid.html\" target=\"_self\" rel=\"nofollow noopener\" title=\"https:\/\/elpais.com\/espana\/2025-09-14\/el-significado-global-de-la-rebelion-de-madrid.html\">cuando llamas a boicotear la carrera y se boicotea, eso causa un da\u00f1o a todos los que hacemos esta carrera<\/a>. Esa es la parte que m\u00e1s da\u00f1o nos ha hecho\u201d, ha sentenciado antes de despejar dudas sobre el inicio del pr\u00f3ximo Tour de Francia, que, tambi\u00e9n bajo el paraguas de ASO, arrancar\u00e1 en Barcelona el pr\u00f3ximo verano. \u201cA partir de esta Vuelta, las entidades internacionales van a tener que tomar decisiones [sobre la participaci\u00f3n de Israel en competiciones deportivas], pero estoy seguro de que Barcelona va a tener su salida y va a ser un gran Tour. <a href=\"https:\/\/elpais.com\/espana\/2025-09-15\/ultima-hora-de-la-actualidad-politica-en-directo.html\" target=\"_self\" rel=\"nofollow noopener\" title=\"https:\/\/elpais.com\/espana\/2025-09-15\/ultima-hora-de-la-actualidad-politica-en-directo.html\">Ojal\u00e1 cuando llegue ese momento todo est\u00e9 solucionado<\/a> y el conflicto en Gaza haya concluido\u201d.<\/p>\n<p>El podio final, en el aparcamiento de un hotel<\/p>\n<p class=\"\">Tras cancelarse la etapa y la tradicional ceremonia de podio de este domingo, todos los ciclistas fueron trasladados en los coches de los equipos a sus respectivos hoteles en Madrid. Fue all\u00ed, en el aparcamiento del hotel Marriott, y ya con noche cerrada, cuando el Visma-Lease a Bike, equipo del <a href=\"https:\/\/elpais.com\/deportes\/ciclismo\/2025-09-14\/jonas-vingegaard-el-campeon-sin-fiesta-radiografia-de-un-triunfo-marcado-por-las-protestas-en-defensa-de-gaza.html\" target=\"_self\" rel=\"nofollow noopener\" title=\"https:\/\/elpais.com\/deportes\/ciclismo\/2025-09-14\/jonas-vingegaard-el-campeon-sin-fiesta-radiografia-de-un-triunfo-marcado-por-las-protestas-en-defensa-de-gaza.html\">ganador de la Vuelta, Jonas Vingegaard<\/a>, promovi\u00f3 una improvisada fiesta final para muchos de los ciclistas que, por sus m\u00e9ritos deportivos, hubieran tenido que subir al escenario en la c\u00e9ntrica plaza de Cibeles.<\/p>\n<blockquote class=\"twitter-tweet\">\n<p lang=\"en\" dir=\"ltr\">\ud83c\uddea\ud83c\uddf8 <a href=\"https:\/\/twitter.com\/hashtag\/LaVuelta25?src=hash&amp;ref_src=twsrc%5Etfw\" rel=\"nofollow noopener\" target=\"_blank\">#LaVuelta25<\/a><\/p>\n<p>This is footage we simply can\u2019t keep away from you. \ud83c\udfa5\ud83c\udf7f <\/p>\n<p>This is why we love cycling. <br \/>An intimate, well-deserved ceremony for all the winners of this Vuelta a Espa\u00f1a! \u2764\ufe0f\ud83d\udeb4 <a href=\"https:\/\/t.co\/4Q6kVsyEZO\" rel=\"nofollow\">pic.twitter.com\/4Q6kVsyEZO<\/a><\/p>\n<p>\u2014 Team Visma | Lease a Bike (@vismaleaseabike) <a href=\"https:\/\/twitter.com\/vismaleaseabike\/status\/1967331489697464405?ref_src=twsrc%5Etfw\" rel=\"nofollow noopener\" target=\"_blank\">September 14, 2025<\/a><\/p><\/blockquote>\n<p class=\"\">As\u00ed, sobre unas neveras en las que previamente se hab\u00edan rotulado los n\u00fameros a modo de podio (1, 2 y 3), Vingegaard, Joao Almeida, Tom Pidcock y otros corredores \u2014entre ellos, el estadounidense Matthew Riccitello, miembro del <a href=\"https:\/\/elpais.com\/deportes\/ciclismo\/2025-09-04\/sylvan-adams-el-millonario-canadiense-y-amigo-de-netanyahu-al-que-senalan-las-protestas-contra-israel-en-la-vuelta-a-espana.html\" target=\"_self\" rel=\"nofollow noopener\" title=\"https:\/\/elpais.com\/deportes\/ciclismo\/2025-09-04\/sylvan-adams-el-millonario-canadiense-y-amigo-de-netanyahu-al-que-senalan-las-protestas-contra-israel-en-la-vuelta-a-espana.html\">equipo Israel Premier-Tech<\/a> y, por tiempos, el mejor joven de esta edici\u00f3n\u2014 recibieron sus respectivos homenajes ante la atenta mirada de compa\u00f1eros, miembros de los diferentes equipos, familiares y periodistas. Un final at\u00edpico, pero seg\u00fan los propios protagonistas, festivo al fin y al cabo.<\/p>\n<p><script async src=\"https:\/\/platform.twitter.com\/widgets.js\" charset=\"utf-8\"><\/script><\/p>\n","protected":false},"excerpt":{"rendered":"Apenas unas horas despu\u00e9s de que la Vuelta ciclista a Espa\u00f1a se viera obligada a despedir su 90\u00aa&hellip;\n","protected":false},"author":2,"featured_media":116445,"comment_status":"","ping_status":"","sticky":false,"template":"","format":"standard","meta":{"footnotes":""},"categories":[273],"tags":[33642,313,2838,1540,312,168,25,24,33643,23,167,11214,31839,29262,325,7603],"class_list":{"0":"post-116444","1":"post","2":"type-post","3":"status-publish","4":"format-standard","5":"has-post-thumbnail","7":"category-ciclismo","8":"tag-aso","9":"tag-ciclismo","10":"tag-ciclistas","11":"tag-competiciones","12":"tag-cycling","13":"tag-deportes","14":"tag-es","15":"tag-espana","16":"tag-javier-guillen","17":"tag-spain","18":"tag-sports","19":"tag-uci","20":"tag-union-ciclista-internacional","21":"tag-unipublic","22":"tag-vingegaard","23":"tag-vuelta-espana"},"share_on_mastodon":{"url":"","error":""},"_links":{"self":[{"href":"https:\/\/www.europesays.com\/es\/wp-json\/wp\/v2\/posts\/116444","targetHints":{"allow":["GET"]}}],"collection":[{"href":"https:\/\/www.europesays.com\/es\/wp-json\/wp\/v2\/posts"}],"about":[{"href":"https:\/\/www.europesays.com\/es\/wp-json\/wp\/v2\/types\/post"}],"author":[{"embeddable":true,"href":"https:\/\/www.europesays.com\/es\/wp-json\/wp\/v2\/users\/2"}],"replies":[{"embeddable":true,"href":"https:\/\/www.europesays.com\/es\/wp-json\/wp\/v2\/comments?post=116444"}],"version-history":[{"count":0,"href":"https:\/\/www.europesays.com\/es\/wp-json\/wp\/v2\/posts\/116444\/revisions"}],"wp:featuredmedia":[{"embeddable":true,"href":"https:\/\/www.europesays.com\/es\/wp-json\/wp\/v2\/media\/116445"}],"wp:attachment":[{"href":"https:\/\/www.europesays.com\/es\/wp-json\/wp\/v2\/media?parent=116444"}],"wp:term":[{"taxonomy":"category","embeddable":true,"href":"https:\/\/www.europesays.com\/es\/wp-json\/wp\/v2\/categories?post=116444"},{"taxonomy":"post_tag","embeddable":true,"href":"https:\/\/www.europesays.com\/es\/wp-json\/wp\/v2\/tags?post=116444"}],"curies":[{"name":"wp","href":"https:\/\/api.w.org\/{rel}","templated":true}]}}