{"id":116448,"date":"2025-09-15T10:59:14","date_gmt":"2025-09-15T10:59:14","guid":{"rendered":"https:\/\/www.europesays.com\/es\/116448\/"},"modified":"2025-09-15T10:59:14","modified_gmt":"2025-09-15T10:59:14","slug":"el-dreamland-gran-canaria-ajusta-las-piezas-con-contratiempos","status":"publish","type":"post","link":"https:\/\/www.europesays.com\/es\/116448\/","title":{"rendered":"El Dreamland Gran Canaria ajusta las piezas con contratiempos"},"content":{"rendered":"<p><a class=\"v-mdl-ath__fig-a\" href=\"https:\/\/www.canarias7.es\/autor\/oliver-suarez-armas-3403.html\" title=\"\u00d3liver Su\u00e1rez Armas\" rel=\"nofollow noopener\" target=\"_blank\"><br \/>\n<img decoding=\"async\" class=\"v-mdl-ath__img\" src=\"https:\/\/www.europesays.com\/es\/wp-content\/uploads\/2025\/07\/autor-3403-foto-1.jpeg\" alt=\"\u00d3liver Su\u00e1rez Armas\"\/><br \/>\n<\/a><\/p>\n<p class=\"v-mdl-ath__p v-mdl-ath__p--6\">\nDomingo, 14 de septiembre 2025, 23:10<\/p>\n<p class=\"v-p\">El Dreamland Gran Canaria <strong>acelera en su puesta a punto <\/strong>para llegar en las mejores condiciones al inicio de la temporada 2025-2026 en la Liga Endesa y en la Basketball Champions League (BCL), que tendr\u00e1 lugar ante el Real Madrid, el vigente campe\u00f3n de la mejor liga de Europa, el pr\u00f3ximo 5 de octubre, a partir de las 11:30 horas, en el Movistar Arena.<\/p>\n<p class=\"v-p\">El combinado claretiano se adentra en el ecuador de la preparaci\u00f3n de la pretemporada despu\u00e9s de haber disputado cuatro encuentros amistosos ya. El Dreamland Gran Canaria <strong>sucumbi\u00f3 frente a las escuadras italianas Olimpia Mil\u00e1n (91-64) y Dinamo Sassari (90-87)<\/strong> en el 15\u00ba International Basketball Tournament-City of Cagliari el primer fin de semana de septiembre, mientras que conquist\u00f3 el <a href=\"https:\/\/www.canarias7.es\/deportes\/cb-gran-canaria\/granca-campeon-torneo-burgas-ourense-tras-vencer-20250913223642-nt.html\" data-voc-vtm-id=\"in-text-traffic\" title=\"Torneo As Burgas Basket Cup\" data-mrf-link=\"www.canarias7.es\" rel=\"nofollow noopener\" target=\"_blank\">Torneo As Burgas Basket Cup<\/a>, que se celebr\u00f3 en el Pazo dos Deportes Paco Paz de la ciudad gallega de Ourense el pasado fin de semana, despu\u00e9s de imponerse al <strong>R\u00edo Breog\u00e1n por un ajustado 90-93<\/strong> en la primera semifinal y <strong>al Surne Bilbao Basket en la final por 89-85<\/strong> en otro encuentro con final apretado.<\/p>\n<p class=\"v-p\">El m\u00e1ximo responsable t\u00e9cnico amarillo, Jaka Lakovic, ajust\u00f3 las piezas con algunos contratiempos en los citados compromisos, ya que no cont\u00f3 con el plantel al completo en Italia y Galicia. El alero argentino <strong>Nicol\u00e1s Brussino<\/strong> (reci\u00e9n llegado de disputar la final de la Copa Am\u00e9rica) y el p\u00edvot sudan\u00e9s <strong>Kur Kuath <\/strong>(con permiso del Club Baloncesto Gran Canaria para desplazarse a Estados Unidos por motivos familiares) no estuvieron en los dos primeros envites, mientras que el escolta colombiano <a href=\"https:\/\/www.canarias7.es\/deportes\/cb-gran-canaria\/angola-baja-proximos-amistosos-granca-lesion-muscular-20250911133226-nt.html\" data-voc-vtm-id=\"in-text-traffic\" title=\"Braian Angola\" data-mrf-link=\"www.canarias7.es\" rel=\"nofollow noopener\" target=\"_blank\">Braian Angola<\/a> se perdi\u00f3 los dos jugados en tierras gallegas por una lesi\u00f3n muscular en la pierna derecha.<\/p>\n<p class=\"v-p\">El Granca recibir\u00e1 al La Laguna Tenerife <strong>este jueves, a partir de las 18.30 horas, en el Gran Canaria Arena<\/strong>, mientras que devolver\u00e1 la visita este domingo, a partir de las 12.30 horas, para jugar en el Santiago Mart\u00edn.<\/p>\n<p class=\"v-p\">Por \u00faltimo, cerrar\u00e1 la pretemporada con un \u00faltimo pulso contra el Coviran de Jovan Kljajic en Granada el jueves 25.<\/p>\n<p>Comenta<\/p>\n<p>Reporta un error<\/p>\n","protected":false},"excerpt":{"rendered":"Domingo, 14 de septiembre 2025, 23:10 El Dreamland Gran Canaria acelera en su puesta a punto para llegar&hellip;\n","protected":false},"author":2,"featured_media":116449,"comment_status":"","ping_status":"","sticky":false,"template":"","format":"standard","meta":{"footnotes":""},"categories":[269],"tags":[302,299,298,168,7710,25,24,665,23,167],"class_list":{"0":"post-116448","1":"post","2":"type-post","3":"status-publish","4":"format-standard","5":"has-post-thumbnail","7":"category-baloncesto","8":"tag-acb","9":"tag-baloncesto","10":"tag-basketball","11":"tag-deportes","12":"tag-dreamland-gran-canaria","13":"tag-es","14":"tag-espana","15":"tag-liga-endesa","16":"tag-spain","17":"tag-sports"},"share_on_mastodon":{"url":"","error":""},"_links":{"self":[{"href":"https:\/\/www.europesays.com\/es\/wp-json\/wp\/v2\/posts\/116448","targetHints":{"allow":["GET"]}}],"collection":[{"href":"https:\/\/www.europesays.com\/es\/wp-json\/wp\/v2\/posts"}],"about":[{"href":"https:\/\/www.europesays.com\/es\/wp-json\/wp\/v2\/types\/post"}],"author":[{"embeddable":true,"href":"https:\/\/www.europesays.com\/es\/wp-json\/wp\/v2\/users\/2"}],"replies":[{"embeddable":true,"href":"https:\/\/www.europesays.com\/es\/wp-json\/wp\/v2\/comments?post=116448"}],"version-history":[{"count":0,"href":"https:\/\/www.europesays.com\/es\/wp-json\/wp\/v2\/posts\/116448\/revisions"}],"wp:featuredmedia":[{"embeddable":true,"href":"https:\/\/www.europesays.com\/es\/wp-json\/wp\/v2\/media\/116449"}],"wp:attachment":[{"href":"https:\/\/www.europesays.com\/es\/wp-json\/wp\/v2\/media?parent=116448"}],"wp:term":[{"taxonomy":"category","embeddable":true,"href":"https:\/\/www.europesays.com\/es\/wp-json\/wp\/v2\/categories?post=116448"},{"taxonomy":"post_tag","embeddable":true,"href":"https:\/\/www.europesays.com\/es\/wp-json\/wp\/v2\/tags?post=116448"}],"curies":[{"name":"wp","href":"https:\/\/api.w.org\/{rel}","templated":true}]}}