{"id":116450,"date":"2025-09-15T11:00:10","date_gmt":"2025-09-15T11:00:10","guid":{"rendered":"https:\/\/www.europesays.com\/es\/116450\/"},"modified":"2025-09-15T11:00:10","modified_gmt":"2025-09-15T11:00:10","slug":"jose-luis-gaya-y-su-mensaje-tras-la-humillacion-ante-el-barca","status":"publish","type":"post","link":"https:\/\/www.europesays.com\/es\/116450\/","title":{"rendered":"Jos\u00e9 Luis Gay\u00e0 y su mensaje tras la humillaci\u00f3n ante el Bar\u00e7a"},"content":{"rendered":"<p class=\"ft-text\">Nadie se escapa de la foto de los culpables de la<strong> <\/strong><a class=\"ft-link ft-link--decoration\" href=\"https:\/\/www.superdeporte.es\/valencia-cf\/2025\/09\/14\/barcelona-valencia-hartos-humillacion-121572793.html\" target=\"_blank\" rel=\"nofollow noopener\"><strong>debacle del Valencia CF ante el FC Barcelona en el Johan Cruyff<\/strong><\/a>. Pareci\u00f3 m\u00e1s un partido de entrenamiento en el que los de Flick hac\u00edan lo que quer\u00edan con un rival a su merced. Con el recuerdo todav\u00eda reciente de las goleadas recibidas el curso pasado tanto en LaLiga como en Copa del Rey, parece que cierto miedo se instaur\u00f3 en la memoria colectiva de los jugadores. De los que vivieron esos partidos y de los que ni eran valencianistas todav\u00eda. Tras la derrota, pocos dieron la cara. <a class=\"ft-link ft-link--decoration\" href=\"https:\/\/www.superdeporte.es\/valencia-cf\/2025\/09\/14\/directo-rueda-prensa-carlos-corberan-121572822.html\" target=\"_blank\" rel=\"nofollow noopener\">Carlos Corber\u00e1n en rueda de prensa<\/a> cape\u00f3 el temporal como buenamente pudo y el capit\u00e1n Gay\u00e0 hizo lo propio al reconocer que se trata de un resultado que \u00abduele mucho\u00bb.<\/p>\n<p class=\"ft-text\">El lateral del Valencia calific\u00f3 de dolorosa (6-0) la goleada ante el Barcelona, que, seg\u00fan ha admitido, parece que <strong>les tiene la \u00abmedida tomada\u00bb<\/strong>. \u00abNosotros no hemos estado finos y parece que el Bar\u00e7a nos tiene la medida tomada\u00bb, ha se\u00f1alado el capit\u00e1n del conjunto blanquinegro en declaraciones a Movistar LaLiga haciendo referencia a la goleada que su equipo ya encaj\u00f3 el curso pasado frente al conjunto azulgrana (7-1).<\/p>\n<p><img decoding=\"async\" src=\"https:\/\/www.europesays.com\/es\/wp-content\/uploads\/2025\/09\/5e2b9a42-308c-43d6-b31f-4b3468c29a73_alta-libre-aspect-ratio_default_0.jpg\" width=\"1200\" height=\"800\" alt=\"Roony Bardghji of FC Barcelona and Jose Gaya of Valencia CF compete for the ball during the Spanish league, La Liga EA Sports, football match played between FC Barcelona and Valencia CF at Johan Cruyff stadium on September 14, 2025 in Barcelona, Spain. AFP7 14\/09\/2025 ONLY FOR USE IN SPAIN. Javier Borrego \/ AFP7 \/ Europa Press;2025;SPORT;ZSPORT;SOCCER;ZSOCCER;FC Barcelona v Valencia CF - La Liga EA Sports\" class=\"ft-helper-img-rd\" loading=\"lazy\" hasdataaida=\"true\"\/><\/p>\n<p class=\"ft-helper-fontColor-quaternary ft-helper-fontSize-body-S ft-helper-spacer-t-xxs\">Roony Bardghji, agarrando a Gay\u00e0  \/ Europa Press<\/p>\n<p class=\"ft-text\">Respecto al encuentro de este domingo, Gay\u00e0 reconoci\u00f3 que el segundo tanto azulgrana, obra de Raphinha, dej\u00f3 tocado al Valencia. \u00abNo podemos perderle la cara al partido\u00bb, ha lamentado. Hay que recordar que el equipo se fue al descanso con un comedido 1-0, a pesar de que la superioridad azulgrana era evidente y s\u00f3lo dos paradones de <a class=\"ft-link ft-link--decoration\" href=\"https:\/\/www.superdeporte.es\/valencia-cf\/2025\/09\/14\/agirrezabala-partido-olvidar-mejorar-121572530.html\" target=\"_blank\" rel=\"nofollow noopener\"><strong>Julen Agirrezabala<\/strong><\/a> y alguna buena acci\u00f3n defensiva evit\u00f3 arrancar la segunda parte con un marcador insalvable. Eso s\u00ed, poco despu\u00e9s de la reanudaci\u00f3n y ya con la entrada del castigado Raphinha, el vendaval cul\u00e9 se impuso sin problema alguno en todas las l\u00edneas, dejando en evidencia varios fallos defensivos.<\/p>\n<p class=\"ft-text\">Eso s\u00ed, la abultada derrota, Gay\u00e0 se mostr\u00f3 convencido de que el equipo se recuperar\u00e1 \u00abtrabajando y mejorando\u00bb, aunque ha insistido en que es un resultado que \u00abduele mucho\u00bb. Ahora s\u00f3lo queda reponerse, como ocurri\u00f3 el curso pasado tras los correctivos de Flick, y ganar el <strong>siguiente duelo ante el Athletic Club en Mestalla<\/strong>. No vale nada m\u00e1s que la victoria ante los de Ernesto Valverde, as\u00ed que la pelota est\u00e1 en el tejado de Corber\u00e1n, <a class=\"ft-link ft-link--decoration\" href=\"https:\/\/www.superdeporte.es\/tags\/jose-luis-gaya\/\" target=\"_blank\" rel=\"nofollow noopener\">Gay\u00e0<\/a> y el resto de jugadores.<\/p>\n","protected":false},"excerpt":{"rendered":"Nadie se escapa de la foto de los culpables de la debacle del Valencia CF ante el FC&hellip;\n","protected":false},"author":2,"featured_media":116451,"comment_status":"","ping_status":"","sticky":false,"template":"","format":"standard","meta":{"footnotes":""},"categories":[268],"tags":[2296,168,25,24,881,280,282,38998,17685,29411,38999,288,8079,281,23,167,235,5419],"class_list":{"0":"post-116450","1":"post","2":"type-post","3":"status-publish","4":"format-standard","5":"has-post-thumbnail","7":"category-futbol","8":"tag-barca","9":"tag-deportes","10":"tag-es","11":"tag-espana","12":"tag-fc-barcelona","13":"tag-football","14":"tag-futbol","15":"tag-gaya","16":"tag-humillacion","17":"tag-johan-cruyff","18":"tag-jose-luis-gaya","19":"tag-laliga","20":"tag-mensaje","21":"tag-soccer","22":"tag-spain","23":"tag-sports","24":"tag-valencia","25":"tag-valencia-cf"},"share_on_mastodon":{"url":"","error":""},"_links":{"self":[{"href":"https:\/\/www.europesays.com\/es\/wp-json\/wp\/v2\/posts\/116450","targetHints":{"allow":["GET"]}}],"collection":[{"href":"https:\/\/www.europesays.com\/es\/wp-json\/wp\/v2\/posts"}],"about":[{"href":"https:\/\/www.europesays.com\/es\/wp-json\/wp\/v2\/types\/post"}],"author":[{"embeddable":true,"href":"https:\/\/www.europesays.com\/es\/wp-json\/wp\/v2\/users\/2"}],"replies":[{"embeddable":true,"href":"https:\/\/www.europesays.com\/es\/wp-json\/wp\/v2\/comments?post=116450"}],"version-history":[{"count":0,"href":"https:\/\/www.europesays.com\/es\/wp-json\/wp\/v2\/posts\/116450\/revisions"}],"wp:featuredmedia":[{"embeddable":true,"href":"https:\/\/www.europesays.com\/es\/wp-json\/wp\/v2\/media\/116451"}],"wp:attachment":[{"href":"https:\/\/www.europesays.com\/es\/wp-json\/wp\/v2\/media?parent=116450"}],"wp:term":[{"taxonomy":"category","embeddable":true,"href":"https:\/\/www.europesays.com\/es\/wp-json\/wp\/v2\/categories?post=116450"},{"taxonomy":"post_tag","embeddable":true,"href":"https:\/\/www.europesays.com\/es\/wp-json\/wp\/v2\/tags?post=116450"}],"curies":[{"name":"wp","href":"https:\/\/api.w.org\/{rel}","templated":true}]}}