{"id":116460,"date":"2025-09-15T11:07:15","date_gmt":"2025-09-15T11:07:15","guid":{"rendered":"https:\/\/www.europesays.com\/es\/116460\/"},"modified":"2025-09-15T11:07:15","modified_gmt":"2025-09-15T11:07:15","slug":"alvaro-benito-la-rodilla-me-quito-el-futbol-pero-me-asegure-de-que-no-me-quitara-nada-mas-futbol-deportes","status":"publish","type":"post","link":"https:\/\/www.europesays.com\/es\/116460\/","title":{"rendered":"\u00c1lvaro Benito: \u201cLa rodilla me quit\u00f3 el f\u00fatbol, pero me asegur\u00e9 de que no me quitara nada m\u00e1s\u201d | F\u00fatbol | Deportes"},"content":{"rendered":"<p class=\"\">La carrera del <a href=\"https:\/\/elpais.com\/noticias\/alvaro-benito-villar-alvaro\/\" target=\"_self\" rel=\"nofollow noopener\" title=\"https:\/\/elpais.com\/noticias\/alvaro-benito-villar-alvaro\/\">\u00c1lvaro Benito futbolista (Salamanca, 48 a\u00f1os)<\/a> la fren\u00f3 en seco una mala operaci\u00f3n de rodilla. Una intervenci\u00f3n para intentar poner remedio a una aparatosa lesi\u00f3n que afect\u00f3 al ligamento cruzado, el menisco interno y el ligamento colateral interno de su pierna derecha. La tr\u00edada maligna, dec\u00edan. Ten\u00eda 19 a\u00f1os. Se rompi\u00f3 en una concentraci\u00f3n de la sub-21 cuando ya era titular en el Madrid que entonces dirig\u00eda Fabio Capello. Para tapar el dolor y las operaciones, apareci\u00f3 la m\u00fasica. Y el grupo Pignoise, que hizo sonar hasta la extenuaci\u00f3n aquel Nada que perder, sinton\u00eda de la exitosa serie Los hombres de Paco. De cuando las familias todav\u00eda se reun\u00edan por las noches ante el televisor. Hoy, adem\u00e1s, es un certero comentarista y analista de f\u00fatbol. Todo eso y m\u00e1s se explica en Cicatrices, un documental de Informe Plus+ que Movistar estrena este lunes 15. <\/p>\n<p class=\"\"><b>Pregunta. <\/b>H\u00e1bleme de aquella residencia en el centro de la ciudad en la que viv\u00edan las promesas del Real Madrid de los noventa.<\/p>\n<p class=\"\"><b>Respuesta.<\/b> M\u00e1s all\u00e1 de que las instalaciones fueran mejorables, la recuerdo con cari\u00f1o. Fue una etapa muy bonita de mi vida. Pero al ver aquella escalera de madera&#8230; El primer impacto fue duro. Por todo. Ahora veo a los chicos de 14 a\u00f1os y pienso \u2018es muy peque\u00f1o\u2019. Dejar tu casa para venir a jugar en el Real Madrid, era un cambio tan brutal\u2026<\/p>\n<p class=\"\"><b>P. <\/b>\u00bfSe sent\u00eda un ni\u00f1o?<\/p>\n<p class=\"\"><b>R.<\/b> \u00a1No! Bueno, s\u00ed y no. Ahora, lo ves en perspectiva y obviamente que s\u00ed. Fue un cambio tan brutal\u2026 El d\u00eda que llegamos, mis padres comieron conmigo all\u00ed. Mi madre estaba aguant\u00e1ndose la l\u00e1grima; y mi padre me dijo: \u2018t\u00fa no te preocupes, que si no est\u00e1s contento, si no eres feliz, venimos a buscarte y te vuelves para casa\u2019. El primer a\u00f1o fue lo m\u00e1s dif\u00edcil, por la adaptaci\u00f3n a una nueva ciudad, un nuevo colegio; echas de menos a tus amigos de toda la vida. Pero en aquella pensi\u00f3n, los 20 o 30 de la cantera \u00e9ramos como una familia. Algunos de mis mejores amigos son chicos con los que he compartido convivencia all\u00ed. <\/p>\n<p class=\"\"><b>P.<\/b> \u00bfC\u00f3mo era la industria del f\u00fatbol entonces, antes de que el Madrid se hiciera gal\u00e1ctico?<\/p>\n<p class=\"\"><b>R.<\/b> Aquel era un Real Madrid en la b\u00fasqueda todav\u00eda de volver a reinar. Cuando yo llegu\u00e9 a la cantera estaba en pleno apogeo la Quinta del Buitre, que en Espa\u00f1a era un equipo muy dominante, con jugadores incre\u00edbles, pero en Europa no era todav\u00eda lo que es ahora. Ah\u00ed hab\u00eda perdido esa hegemon\u00eda y estaba en la b\u00fasqueda de recuperarla.<\/p>\n<p class=\"\"><b>P.<\/b> No creo que todo el mundo recuerde la sucesi\u00f3n de desgracias que acumul\u00f3 en esa rodilla. El documental se titula Cicatrices. \u00bfCu\u00e1nto dolieron aquellos a\u00f1os?<\/p>\n<p class=\"\"><b>R.<\/b> La herida doler\u00e1 siempre. Hay cosas en la vida que no se superan, sino que no te queda otra que seguir adelante. Ese dolor se queda ah\u00ed. Por el hecho de no poder hacer una carrera futbol\u00edstica cuando has conseguido lo m\u00e1s dif\u00edcil, que es estar en el Real Madrid y jugando de manera continuada. Pero he aprendido a vivir con ello. Y cuando miro para atr\u00e1s, coexiste la felicidad de haber vivido cosas incre\u00edbles, aunque fuera de una manera fugaz, y tambi\u00e9n el dolor de no haber podido tener una carrera. Pero se aprende. Las cicatrices, las que tengo en la rodilla, las visibles, que tengo un mont\u00f3n, son mi batalla vital; y de las invisibles no hay tantas. He tenido una vida feliz.<\/p>\n<p>M\u00e1s informaci\u00f3n<\/p>\n<p class=\"\"><b>P.<\/b> \u00bfC\u00f3mo le afecta la lesi\u00f3n en el d\u00eda a d\u00eda?<\/p>\n<p class=\"\"><b>R.<\/b> Me condiciona en mi vida normal. No puedo estar mucho rato de pie. No puedo ser un turista. Si me voy a Nueva York, s\u00e9 que voy a volver con la rodilla hecha mierda porque voy a caminar todo el d\u00eda. Esa es mi criptonita. <a href=\"https:\/\/elpais.com\/diario\/2001\/06\/24\/deportes\/993333610_850215.html\" target=\"_self\" rel=\"nofollow noopener\" title=\"https:\/\/elpais.com\/diario\/2001\/06\/24\/deportes\/993333610_850215.html\">Necesito estar mucho tiempo sentado, entrenar la rodilla, pero con cuidado<\/a>; encontrar el equilibrio de tenerla activa, pero sin pasarme de carga: si me quedo corto, se queja porque no tengo la pierna fuerte; si me paso, se queja porque la agredo. Y va a peor. Tengo una degeneraci\u00f3n articular que va a m\u00e1s y que no tiene m\u00e1s soluci\u00f3n que una pr\u00f3tesis. Pero eso ser\u00e1 ya cuando no me quede alternativa, cuando el dolor sea ya insostenible.<\/p>\n<p class=\"\"><b>P.<\/b> \u00bfDuele mucho?<\/p>\n<p class=\"\"><b>R.<\/b> Vivo con dolor. Pero no le hago ni caso. Me lleva doliendo desde hace 30 a\u00f1os. Esa fue una decisi\u00f3n vital. Cuando dej\u00e9 el f\u00fatbol me dije: la rodilla me ha quitado de jugar al f\u00fatbol, pero no me va a quitar de nada m\u00e1s.<\/p>\n<p class=\"\"><b>P. <\/b>El futbolista que sufre hoy aquella triada maligna dif\u00edcilmente correr\u00e1 ya la misma suerte; \u00bfse equivocaron mucho con su lesi\u00f3n o no estaba preparada todav\u00eda la medicina?<\/p>\n<p class=\"\"><b>R.<\/b> Antes el problema de los meniscos lo solucionaban quit\u00e1ndolos; y eso es una locura. Es incompatible con el deporte. Ahora con esa lesi\u00f3n no te retiras, pero te puede mermar. F\u00edjate la lesi\u00f3n de Ansu Fati, por ejemplo. Un chico que apuntaba a lo m\u00e1s alto y que ha podido seguir jugando, pero a otro nivel. Es muy dif\u00edcil ser el mismo despu\u00e9s de una operaci\u00f3n tan grave.<\/p>\n<p class=\"\"><b>P.<\/b> Este documental, dice, le ha venido bien para reconocerse como futbolista.<\/p>\n<p class=\"\"><b>R.<\/b> S\u00ed, para recordar todo y para saber que fue real. Porque ya empezaba a tener recuerdos muy difusos, muy vagos, lejanos. S\u00e9 que sucedi\u00f3, pero no lo ten\u00eda muy presente. En mi casa no hay ni una foto m\u00eda. Nunca he mirado para atr\u00e1s, ni con cari\u00f1o, ni con dolor. Pero me ha hecho mucha ilusi\u00f3n verme jugar, ver mis tics de futbolista, recordar c\u00f3mo conduc\u00eda el bal\u00f3n\u2026<\/p>\n<p class=\"\"><b>P.<\/b> Se define como m\u00fasico hoy y futbolista siempre, pero no dice nada de su faceta como comentarista.<\/p>\n<p class=\"\"><b>R. <\/b>Quiz\u00e1 porque es algo que nunca me hubiese imaginado ser. Es algo que entiendo que se me da bien, porque <a href=\"https:\/\/elpais.com\/videos\/universo-mundial-qatar\/2022-12-07\/la-reflexion-de-alvaro-benito-sobre-la-derrota-de-espana-no-hay-capacidad-para-hacer-dano-al-ataque.html?autoplay=1\" target=\"_self\" rel=\"nofollow noopener\" title=\"https:\/\/elpais.com\/videos\/universo-mundial-qatar\/2022-12-07\/la-reflexion-de-alvaro-benito-sobre-la-derrota-de-espana-no-hay-capacidad-para-hacer-dano-al-ataque.html?autoplay=1\">me form\u00e9 mucho en la \u00e9poca en que estudi\u00e9 para ser entrenador, entender el an\u00e1lisis del juego.<\/a> Me gusta mucho lo que hago, pero quiz\u00e1s no es comparable con jugar al f\u00fatbol, que es mi pasi\u00f3n n\u00famero uno; y muy cerquita de ah\u00ed est\u00e1 la m\u00fasica, que tambi\u00e9n es una pasi\u00f3n. <\/p>\n<p><img alt=\"\u00c1lvaro Benito posa antes de la entrevista en el Palacio de Congresos Europa, de Victoria.\" decoding=\"auto\" class=\"_re lazyload a_m-h\" height=\"276\"  width=\"414\"  src=\"https:\/\/www.europesays.com\/es\/wp-content\/uploads\/2025\/09\/VKSVBQ77BJBXVBZ3RIW7DPKH6U.jpg\" loading=\"lazy\"\/>\u00c1lvaro Benito posa antes de la entrevista en el Palacio de Congresos Europa, de Victoria.Javier Hern\u00e1ndez<\/p>\n<p class=\"\"><b>P.<\/b> Ha sido muy testarudo con todos esos sue\u00f1os que ha perseguido, salvo por<a href=\"https:\/\/elpais.com\/deportes\/2019\/03\/01\/actualidad\/1551433724_411566.html\" target=\"_self\" rel=\"nofollow noopener\" title=\"https:\/\/elpais.com\/deportes\/2019\/03\/01\/actualidad\/1551433724_411566.html\"> su intento de ser entrenador despu\u00e9s de que el Madrid le despidiera. \u00bfPor qu\u00e9 no lo volvi\u00f3 a intentar?<\/a><\/p>\n<p class=\"\"><b>R.<\/b> Porque la vida decidi\u00f3 por m\u00ed en aquel momento. Si el grupo no hubiera vuelto con fuerza, seguramente s\u00ed estar\u00eda entrenando.<\/p>\n<p class=\"\"><b>P.<\/b> A\u00fan est\u00e1 a tiempo.<\/p>\n<p class=\"\"><b>R.<\/b> Tiempo hay, pero ahora mismo vivo muy feliz. Estoy disfrutando esta segunda etapa con Pignoise mucho m\u00e1s, porque somos mucho m\u00e1s conscientes de todo, lo estamos degustando. El d\u00eda de ma\u00f1ana, si veo que me apetece, lo volver\u00e9 a intentar; empiezo desde abajo y lo persigo como he hecho siempre.<\/p>\n<p class=\"\"><b>P. <\/b>Decir que la m\u00fasica le salv\u00f3 suena muy cursi, pero no s\u00e9 si se aleja mucho de la realidad.<\/p>\n<p class=\"\"><b>R. <\/b>Me salv\u00f3 el tener un objetivo. Sin sue\u00f1os es muy dif\u00edcil vivir. Sobre todo si vienes de conseguir el sue\u00f1o de tu vida, que tu pasi\u00f3n se convierta en tu trabajo, llegar al m\u00e1ximo nivel mundial\u2026 <a href=\"https:\/\/elpais.com\/diario\/2003\/03\/31\/deportes\/1049061616_850215.html\" target=\"_self\" rel=\"nofollow noopener\" title=\"https:\/\/elpais.com\/diario\/2003\/03\/31\/deportes\/1049061616_850215.html\">La m\u00fasica me hizo tener un objetivo en la vida<\/a>, que es fundamental. Tener algo por lo que luchar, una pasi\u00f3n, una ilusi\u00f3n. Sin eso, seguramente hubiera estudiado derecho porque quer\u00eda ser notario. Hubiese sido otro tipo de persona.<\/p>\n<p class=\"\"><b>P. <\/b>No le veo de notario.<\/p>\n<p class=\"\"><b>R.<\/b> Ahora no me ves de notario, pero era el empoll\u00f3n de la clase.<\/p>\n<p class=\"\"><b>P. <\/b>\u00bfHa conseguido ya Pignoise caerle bien a la industria de la m\u00fasica?<\/p>\n<p class=\"\"><b>R.<\/b> No lo s\u00e9 y no me importa. Ahora ya, \u00bflas voces disonantes qu\u00e9 pueden decir? <a href=\"https:\/\/elpais.com\/cultura\/2025-03-02\/alvaro-benito-hay-muchos-mas-egos-en-la-musica-que-en-el-futbol.html\" target=\"_self\" rel=\"nofollow noopener\" title=\"https:\/\/elpais.com\/cultura\/2025-03-02\/alvaro-benito-hay-muchos-mas-egos-en-la-musica-que-en-el-futbol.html\">Yo voy a tocar y hay miles de personas cantando mis canciones.<\/a> As\u00ed que lo que pueda decir otro me da igual. Al principio nos trataron de manera injusta. No se nos dio siquiera la oportunidad. Pero ahora ya s\u00e9 c\u00f3mo funciona la industria y de qu\u00e9 pie cojea cada uno.<\/p>\n<p class=\"\"><b>P. <\/b>\u00bfC\u00f3mo ha logrado encontrar su sitio Pignoise?<\/p>\n<p class=\"\"><b>R.<\/b> Por las canciones. Lo \u00fanico que importa en esta industria son las canciones, hacer canciones que emocionen a la gente, da igual c\u00f3mo sean, de qu\u00e9 g\u00e9nero, c\u00f3mo est\u00e9n tocadas o qu\u00e9 digan las letras. Nunca sabes por qu\u00e9 motivo algo llega a la gente o por qu\u00e9 no llega. No est\u00e1 relacionado con el virtuosismo. Nadie tiene el secreto del \u00e9xito. Lo \u00fanico que quiere la gente es que algo le emocione.<\/p>\n<p class=\"\"><b>P.<\/b> Lo de empezar de cero, como dice la canci\u00f3n, lo ha hecho ya muchas veces, \u00bfle queda alguna vida m\u00e1s por descubrir?<\/p>\n<p class=\"\"><b>R.<\/b> Yo creo que ya est\u00e1 bien. Porque no tengo ni tiempo para plantearme nada. Ni siquiera tengo vida social. Mi padre me da mucho la turra con lo de entrenador. Porque tiene casi m\u00e1s fe en m\u00ed que yo mismo y cree que lo voy a hacer fenomenal. Yo tambi\u00e9n creo que tengo el conocimiento y la empat\u00eda. Un entrenador debe tener esa capacidad de convencer, que creo que tengo. Y de transmitir esa pasi\u00f3n a un mont\u00f3n de personas para que me sigan en mi locura. Pero qui\u00e9n sabe. Cuanto m\u00e1s tiempo pasa, m\u00e1s dif\u00edcil es.<\/p>\n","protected":false},"excerpt":{"rendered":"La carrera del \u00c1lvaro Benito futbolista (Salamanca, 48 a\u00f1os) la fren\u00f3 en seco una mala operaci\u00f3n de rodilla.&hellip;\n","protected":false},"author":2,"featured_media":116461,"comment_status":"","ping_status":"","sticky":false,"template":"","format":"standard","meta":{"footnotes":""},"categories":[93],"tags":[39002,1540,168,6084,1539,25,24,282,1538,18832,10976,303,39003,3048,23,167],"class_list":{"0":"post-116460","1":"post","2":"type-post","3":"status-publish","4":"format-standard","5":"has-post-thumbnail","7":"category-deportes","8":"tag-alvaro-benito-villar","9":"tag-competiciones","10":"tag-deportes","11":"tag-documental","12":"tag-entrenadores","13":"tag-es","14":"tag-espana","15":"tag-futbol","16":"tag-futbolistas","17":"tag-grupos-musica","18":"tag-lesiones-deportivas","19":"tag-movistar","20":"tag-pignoise","21":"tag-real-madrid","22":"tag-spain","23":"tag-sports"},"share_on_mastodon":{"url":"","error":""},"_links":{"self":[{"href":"https:\/\/www.europesays.com\/es\/wp-json\/wp\/v2\/posts\/116460","targetHints":{"allow":["GET"]}}],"collection":[{"href":"https:\/\/www.europesays.com\/es\/wp-json\/wp\/v2\/posts"}],"about":[{"href":"https:\/\/www.europesays.com\/es\/wp-json\/wp\/v2\/types\/post"}],"author":[{"embeddable":true,"href":"https:\/\/www.europesays.com\/es\/wp-json\/wp\/v2\/users\/2"}],"replies":[{"embeddable":true,"href":"https:\/\/www.europesays.com\/es\/wp-json\/wp\/v2\/comments?post=116460"}],"version-history":[{"count":0,"href":"https:\/\/www.europesays.com\/es\/wp-json\/wp\/v2\/posts\/116460\/revisions"}],"wp:featuredmedia":[{"embeddable":true,"href":"https:\/\/www.europesays.com\/es\/wp-json\/wp\/v2\/media\/116461"}],"wp:attachment":[{"href":"https:\/\/www.europesays.com\/es\/wp-json\/wp\/v2\/media?parent=116460"}],"wp:term":[{"taxonomy":"category","embeddable":true,"href":"https:\/\/www.europesays.com\/es\/wp-json\/wp\/v2\/categories?post=116460"},{"taxonomy":"post_tag","embeddable":true,"href":"https:\/\/www.europesays.com\/es\/wp-json\/wp\/v2\/tags?post=116460"}],"curies":[{"name":"wp","href":"https:\/\/api.w.org\/{rel}","templated":true}]}}