{"id":116462,"date":"2025-09-15T11:08:07","date_gmt":"2025-09-15T11:08:07","guid":{"rendered":"https:\/\/www.europesays.com\/es\/116462\/"},"modified":"2025-09-15T11:08:07","modified_gmt":"2025-09-15T11:08:07","slug":"el-diagnostico-precoz-esencial-en-el-abordaje-de-la-dermatitis-atopica-que-afecta-hasta-un-25-de-ninos-y-entre-el-3-y-el-7-de-adultos","status":"publish","type":"post","link":"https:\/\/www.europesays.com\/es\/116462\/","title":{"rendered":"El diagn\u00f3stico precoz, esencial en el abordaje de la dermatitis at\u00f3pica, que afecta hasta un 25% de ni\u00f1os y entre el 3 y el 7% de adultos"},"content":{"rendered":"<p class=\"has-black-color has-text-color has-link-color wp-elements-3bd44bb571bf4e8866603074ff6ef3ac\">Los <a href=\"https:\/\/www.pierre-fabre.com\/es-es\" target=\"_blank\" rel=\"noreferrer noopener nofollow\">laboratorios Pierre Fabre<\/a> inciden, en el marco del D\u00eda Mundial de la Dermatitis At\u00f3pica, que se celebra cada 14 de septiembre, en que es fundamental concienciar a los profesionales sanitarios y a la poblaci\u00f3n en general sobre la importancia de la dermatitis at\u00f3pica, una patolog\u00eda con un gran impacto a nivel f\u00edsico y mental en la vida de las personas que sufren esta enfermedad. La dermatitis at\u00f3pica es una enfermedad inflamatoria de la piel, cr\u00f3nica y no contagiosa, caracterizada por picor intenso, piel seca y brotes de enrojecimiento y descamaci\u00f3n que suele debutar antes de los cinco a\u00f1os de edad, afectando especialmente a las ni\u00f1as. La dermatitis inflamatoria m\u00e1s frecuente afecta hasta un 25% de ni\u00f1os y entre el 3% y el 7% de adultos. Adem\u00e1s, entre el 20 y el 30% presentan s\u00edntomas de moderado a grave.<\/p>\n<p class=\"has-black-color has-text-color has-link-color wp-elements-c79cceab56d602dfc166ebb14200f256\">Ante la elevada incidencia de la enfermedad en ni\u00f1os, el Dr. Ra\u00fal de Lucas, jefe de secci\u00f3n de Dermatolog\u00eda Pedi\u00e1trica en el Hospital de La Paz de Madrid, hace hincapi\u00e9 en que su situaci\u00f3n debe abordarse de manera especial, ya que es m\u00e1s dif\u00edcil para ellos poner de manifiesto los s\u00edntomas, por lo que es esencial buscar par\u00e1metros objetivos para abordar la dermatitis at\u00f3pica. <\/p>\n<p><strong>Diagn\u00f3stico precoz y control de la enfermedad<\/strong><\/p>\n<p class=\"has-black-color has-text-color has-link-color wp-elements-4c86bdd4954044df12ccab2fe5ffa55a\">Adem\u00e1s, insiste en el gran impacto de la patolog\u00eda en la vida de las personas con esta enfermedad: \u00abse siente un picor infinito y, en ocasiones, las personas con esta patolog\u00eda sienten exclusi\u00f3n social y alteraciones en el sue\u00f1o y el crecimiento\u00bb.<\/p>\n<p class=\"has-black-color has-text-color has-link-color wp-elements-cb3bfa672a07d60d187cdab94d5a2834\">Por otra parte, el dermat\u00f3logo enfatiza que es vital el diagn\u00f3stico precoz para intentar cambiar el curso de la enfermedad, as\u00ed como cuidar la piel utilizando los productos cosm\u00e9ticos de manera correcta y mantener un adecuado control de la patolog\u00eda por parte de un experto. Por ello, el Dr. de Lucas subraya que \u00abla educaci\u00f3n terap\u00e9utica es crucial para que el paciente tome las riendas de su propia enfermedad y mejorar la adherencia al tratamiento\u00bb.<\/p>\n<p><strong>Relaci\u00f3n m\u00e9dico-paciente, una relaci\u00f3n bidireccional<\/strong><\/p>\n<p class=\"has-black-color has-text-color has-link-color wp-elements-6861e81a450c83ef050bca0b609e3044\">El perfil de la persona con dermatitis at\u00f3pica obedece a un paciente exhausto que, en muchas ocasiones, tiene el debut cl\u00ednico siendo beb\u00e9. \u00c1frica Luca de Tena, responsable de comunicaci\u00f3n la Asociaci\u00f3n de Afectados por la Dermatitis At\u00f3pica (AADA), apunta que el paciente suele estar \u00abagotado\u00bb, ya que siente un picor insoportable, constante e intenso. \u00abTras probar tratamientos que no funcionan, se automedica porque pierde la confianza en que se va a curar y cree que sabe manejar la enfermedad y automatiza conductas\u00bb, afirma Luca de Tena.<\/p>\n<p class=\"has-black-color has-text-color has-link-color wp-elements-7e76f842520e15cd30bf028b5c1693d0\">En este sentido, es fundamental prestar atenci\u00f3n a la comunicaci\u00f3n entre el m\u00e9dico y el paciente para el adecuado abordaje de la dermatitis at\u00f3pica, ya que algunos factores como el tiempo de la consulta, la impredecibilidad de la enfermedad, la monitorizaci\u00f3n complicada y la falta de confianza mutua dificultan esta relaci\u00f3n.<\/p>\n<p class=\"has-black-color has-text-color has-link-color wp-elements-840cb06a38a61cfcf4f8ecf7b2a54beb\">Por ello, la responsable de comunicaci\u00f3n de AADA asevera que es vital la confianza del paciente en el m\u00e9dico para que ponga de manifiesto sus miedos y, a su vez, que el especialista le escuche. \u00abEn el caso de los ni\u00f1os es a\u00fan m\u00e1s importante, ya que `no tienen voz\u00b4 y pueden tener problemas como la falta de sue\u00f1o y adem\u00e1s esta situaci\u00f3n afecta a la familia entera al ser una situaci\u00f3n frustrante para los progenitores\u00bb, argumenta Luca de Tena.<\/p>\n<p class=\"has-black-color has-text-color has-link-color wp-elements-9cb42356e07adcc66118e3060610bd83\">Cabe destacar tambi\u00e9n la importancia de la esfera emocional, por lo que para la representante de AADA es vital que el paciente sepa c\u00f3mo va a cursar la enfermedad y los posibles efectos de los tratamientos. Para ello, recomienda tambi\u00e9n a los profesionales recetar acudir a sociedades de pacientes, \u00ablo m\u00e1s terap\u00e9utico\u00bb para que las personas con esta enfermedad compartan sus experiencias con personas en su misma situaci\u00f3n y se sientan comprendidos.<\/p>\n<p><strong>Inteligencia artificial aplicada a la dermatitis at\u00f3pica<\/strong><\/p>\n<p class=\"has-black-color has-text-color has-link-color wp-elements-54c651ee3f6d443871915c7043a6f7d4\">Los laboratorios Pierre Fabre han desarrollado, junto a la Fundaci\u00f3n Eczema, EczemaCARE+app, una aplicaci\u00f3n m\u00f3vil, que ayuda al manejo terap\u00e9utico del eczema, as\u00ed como a anticiparse a nuevos brotes y reconocer los signos cl\u00ednicos m\u00e1s relevantes de cada patolog\u00eda.<\/p>\n<p class=\"has-black-color has-text-color has-link-color wp-elements-7d783cd7a610cd27cda32e33a6aea3d8\">As\u00ed, Taig Mcac Carthy, director de operaciones de Legit Health, manifiesta que esta plataforma contribuye a mejorar el diagn\u00f3stico y la medici\u00f3n de la gravedad de cada caso para que se priorice en la atenci\u00f3n sanitaria a quien m\u00e1s lo necesita. Asimismo, esta herramienta tiene una gran utilidad para los pacientes ya que pueden registrar fotograf\u00edas para ense\u00f1arlas en la consulta con el fin de tener a lo largo del tiempo un mejor conocimiento y control sobre la patolog\u00eda.<\/p>\n","protected":false},"excerpt":{"rendered":"Los laboratorios Pierre Fabre inciden, en el marco del D\u00eda Mundial de la Dermatitis At\u00f3pica, que se celebra&hellip;\n","protected":false},"author":2,"featured_media":116463,"comment_status":"","ping_status":"","sticky":false,"template":"","format":"standard","meta":{"footnotes":""},"categories":[92],"tags":[970,39004,2996,25,24,165,10003,166,23,1064],"class_list":{"0":"post-116462","1":"post","2":"type-post","3":"status-publish","4":"format-standard","5":"has-post-thumbnail","7":"category-salud","8":"tag-dermatitis","9":"tag-diagnostico-precoz","10":"tag-enfermedad","11":"tag-es","12":"tag-espana","13":"tag-health","14":"tag-piel","15":"tag-salud","16":"tag-spain","17":"tag-tratamiento"},"share_on_mastodon":{"url":"","error":""},"_links":{"self":[{"href":"https:\/\/www.europesays.com\/es\/wp-json\/wp\/v2\/posts\/116462","targetHints":{"allow":["GET"]}}],"collection":[{"href":"https:\/\/www.europesays.com\/es\/wp-json\/wp\/v2\/posts"}],"about":[{"href":"https:\/\/www.europesays.com\/es\/wp-json\/wp\/v2\/types\/post"}],"author":[{"embeddable":true,"href":"https:\/\/www.europesays.com\/es\/wp-json\/wp\/v2\/users\/2"}],"replies":[{"embeddable":true,"href":"https:\/\/www.europesays.com\/es\/wp-json\/wp\/v2\/comments?post=116462"}],"version-history":[{"count":0,"href":"https:\/\/www.europesays.com\/es\/wp-json\/wp\/v2\/posts\/116462\/revisions"}],"wp:featuredmedia":[{"embeddable":true,"href":"https:\/\/www.europesays.com\/es\/wp-json\/wp\/v2\/media\/116463"}],"wp:attachment":[{"href":"https:\/\/www.europesays.com\/es\/wp-json\/wp\/v2\/media?parent=116462"}],"wp:term":[{"taxonomy":"category","embeddable":true,"href":"https:\/\/www.europesays.com\/es\/wp-json\/wp\/v2\/categories?post=116462"},{"taxonomy":"post_tag","embeddable":true,"href":"https:\/\/www.europesays.com\/es\/wp-json\/wp\/v2\/tags?post=116462"}],"curies":[{"name":"wp","href":"https:\/\/api.w.org\/{rel}","templated":true}]}}