{"id":116464,"date":"2025-09-15T11:09:08","date_gmt":"2025-09-15T11:09:08","guid":{"rendered":"https:\/\/www.europesays.com\/es\/116464\/"},"modified":"2025-09-15T11:09:08","modified_gmt":"2025-09-15T11:09:08","slug":"lolita-revela-que-vive-de-alquiler-porque-tuvo-que-vender-su-casa-para-pagar-a-hacienda-me-dan-ganas-de-pedirle-a-montoro-los-dos-millones-que-me-quito-en-ocho-anos-el-mundo","status":"publish","type":"post","link":"https:\/\/www.europesays.com\/es\/116464\/","title":{"rendered":"Lolita revela que vive de alquiler porque tuvo que vender su casa para pagar a Hacienda: &quot;Me dan ganas de pedirle a Montoro los dos millones que me quit\u00f3 en ocho a\u00f1os&quot; &#8211; El Mundo"},"content":{"rendered":"<ol>\n<li><a href=\"https:\/\/news.google.com\/rss\/articles\/CBMidkFVX3lxTFBlVDlxLU5CNVpTVGdGM0xVUkpvVUdtc1IyWkQwLUNpY29SQ1ZPVVhtQ1ZEdUZ4THF6eGExTFg0bDZNZUVqcjhaM1U2VDhoU1hoaU80TlVCeEp2aTlpTVYtaFotVmh3V2FlcThEUHFQWVdJaXRpdmc?oc=5\" target=\"_blank\" rel=\"nofollow noopener\">Lolita revela que vive de alquiler porque tuvo que vender su casa para pagar a Hacienda: \u00abMe dan ganas de pedirle a Montoro los dos millones que me quit\u00f3 en ocho a\u00f1os\u00bb<\/a>&nbsp;&nbsp;El Mundo<\/li>\n<li><a href=\"https:\/\/news.google.com\/rss\/articles\/CBMi8wFBVV95cUxQM2hZUDVXUDd6RVlVZ3ZNLVFDWUhvdWFoMTZxX084bHVZU2t0bVdjS0V3bEZWOXRnaTNIN3NnT2lIcDFaM3E4QUdWRnJOaHg1b3F3YXp6LTBDMGpCdmRjZHR3dUtmUlVfR2c4REVEMDFDWXByejNNUnRoWmxTeXJYTVhVTTRKQlprN0FzUkNrR1lSeGk4cGtZb05QR19FcnFtTmpzanptekQxZXpXYnNNNkE0ZUhuSDZBa3BuNW82QW9tekZscm9aVHBtZnNtT01YVU9STjZtNXRMcHRRRTduUjBqLTZ1U0RTUV9TbTRmQ1FyaGPSAfMBQVVfeXFMT2RKbTFFTG1GX1dsaWVHOHRCV2FFUDVQcC1SUXdSV3cxaHVudXZpcDRjWkhQdG4zTHh6QnJSbGtuM1hXaTc5RjkxbV94bVdvOVpoY2lUUHdDazlIcktjeFpFTG9PLWV1elZvcW4yTTlrMl9UY2J2UXhOVVYxY0owX1RaU0lKV19TRW5veDRfNFI2RGY5NHVlOHRBTE1xOUllenAwbV9xdEF3M01MMXN4T2dDODJlblhjWXY5N0VSV1N0WG5iS3N6N0dNNkVGRGJWTVdxMlEtMzhFa2RMYXBNUTM1bkQ3VFVPTmFTSEZEdElHVG1R?oc=5\" target=\"_blank\" rel=\"nofollow noopener\">Lolita sobre su familia: \u00abLa gente habla mucho de los Flores sin saber\u00bb<\/a>&nbsp;&nbsp;Onda Cero<\/li>\n<li><a href=\"https:\/\/news.google.com\/rss\/articles\/CBMimgFBVV95cUxNUlpCZlJUeHhyN2ZQTW8tYjFhbFJ1dE5ENEJkcndGSlhWTjAwcUozTDZCNzlBRFMyX3B3WUExUUF2eUZqSmU4MEpkbnhIS3cwLXFoNDN5eFNONkV4SWpMdk9VejNIak9GSUxlRHdCOGVtNTVFWWRhNFg2M1NOSFlTRjlaMEFPeXdpMk9LS21vN1lDRXpNWk02WThR?oc=5\" target=\"_blank\" rel=\"nofollow noopener\">Lolita admite, sin tapujos, que vive de alquiler: \u00abUn hombre de 45 o 50 a\u00f1os me vendr\u00eda muy bien, pero \u00e9l en su casa y yo en la m\u00eda\u00bb<\/a>&nbsp;&nbsp;HOLA<\/li>\n<li><a href=\"https:\/\/news.google.com\/rss\/articles\/CBMi5gFBVV95cUxOUV9ObWJGblQ2bjRmNnlfTVRlTS1UMjNJUTRDTDhQYjF2b1VqU0dSN1lrVElCa0JqT0NpT0pBNUh1d3dPclBLa01lbi1IaVRPQlNGWWFrZVA0OHZxU0RDUnFMNlNfd3R6MDFuYVphRjF0U1ZFVWxWMllHd2hPSzhLaVdueHMyVWZPNE1rVTYzNG54UkI5WkpXamdkckVBZWFiT2pYVllVSnRSZzR5XzVxZFNLVV9lT0pkQzNQNmVLMWpLREpqelp1UjJLVTdXY3d2TXhFZi1IM202VVI3a21fSms4ZUE2Zw?oc=5\" target=\"_blank\" rel=\"nofollow noopener\">Lolita admite que vive de alquiler: \u00abVend\u00ed el m\u00edo para pagar a Hacienda. Pagaba, pero luego se me hac\u00edan inspecciones\u00bb<\/a>&nbsp;&nbsp;20minutos.es<\/li>\n<li><a href=\"https:\/\/news.google.com\/rss\/articles\/CBMioAFBVV95cUxNUVNLSndGdTNuMnhfZFhvZWpFUm1MT1JmV19zSWo5cEdrUHRoNnAxMU9fNGFzcGxKQUVNTVA4cjZtcC1YelZrYlpYWFh6WV81VmxBQ1lwdGVuSFZpTm9mR1RVZjNzQjBhWU1Td0NpVGNhRnlYbEE2bnh5V1lKeERVTmtUSXVZRVZ4QnYzZmVJUFVDQkFsNGlsUGs4VWl2LURO?oc=5\" target=\"_blank\" rel=\"nofollow noopener\">Lolita Flores se confiesa: \u00abUn hombre de 45 o 50 a\u00f1os me vendr\u00eda muy bien, pero en su casa\u00bb<\/a>&nbsp;&nbsp;ABC<\/li>\n<\/ol>\n","protected":false},"excerpt":{"rendered":"Lolita revela que vive de alquiler porque tuvo que vender su casa para pagar a Hacienda: \u00abMe dan&hellip;\n","protected":false},"author":2,"featured_media":116465,"comment_status":"","ping_status":"","sticky":false,"template":"","format":"standard","meta":{"footnotes":""},"categories":[91],"tags":[652,146,147,25,24,721,13525,23,6761],"class_list":{"0":"post-116464","1":"post","2":"type-post","3":"status-publish","4":"format-standard","5":"has-post-thumbnail","7":"category-entretenimiento","8":"tag-cristobal-montoro","9":"tag-entertainment","10":"tag-entretenimiento","11":"tag-es","12":"tag-espana","13":"tag-loc","14":"tag-lolita-flores","15":"tag-spain","16":"tag-tresb"},"share_on_mastodon":{"url":"","error":""},"_links":{"self":[{"href":"https:\/\/www.europesays.com\/es\/wp-json\/wp\/v2\/posts\/116464","targetHints":{"allow":["GET"]}}],"collection":[{"href":"https:\/\/www.europesays.com\/es\/wp-json\/wp\/v2\/posts"}],"about":[{"href":"https:\/\/www.europesays.com\/es\/wp-json\/wp\/v2\/types\/post"}],"author":[{"embeddable":true,"href":"https:\/\/www.europesays.com\/es\/wp-json\/wp\/v2\/users\/2"}],"replies":[{"embeddable":true,"href":"https:\/\/www.europesays.com\/es\/wp-json\/wp\/v2\/comments?post=116464"}],"version-history":[{"count":0,"href":"https:\/\/www.europesays.com\/es\/wp-json\/wp\/v2\/posts\/116464\/revisions"}],"wp:featuredmedia":[{"embeddable":true,"href":"https:\/\/www.europesays.com\/es\/wp-json\/wp\/v2\/media\/116465"}],"wp:attachment":[{"href":"https:\/\/www.europesays.com\/es\/wp-json\/wp\/v2\/media?parent=116464"}],"wp:term":[{"taxonomy":"category","embeddable":true,"href":"https:\/\/www.europesays.com\/es\/wp-json\/wp\/v2\/categories?post=116464"},{"taxonomy":"post_tag","embeddable":true,"href":"https:\/\/www.europesays.com\/es\/wp-json\/wp\/v2\/tags?post=116464"}],"curies":[{"name":"wp","href":"https:\/\/api.w.org\/{rel}","templated":true}]}}