{"id":116466,"date":"2025-09-15T11:10:08","date_gmt":"2025-09-15T11:10:08","guid":{"rendered":"https:\/\/www.europesays.com\/es\/116466\/"},"modified":"2025-09-15T11:10:08","modified_gmt":"2025-09-15T11:10:08","slug":"cobras-el-salario-minimo-este-es-el-tiempo-que-tendrias-que-trabajar-para-pagar-el-nuevo-iphone-17","status":"publish","type":"post","link":"https:\/\/www.europesays.com\/es\/116466\/","title":{"rendered":"\u00bfCobras el salario m\u00ednimo? Este es el tiempo que tendr\u00edas que trabajar para pagar el nuevo iPhone 17"},"content":{"rendered":"<p><b>Apple vuelve a acaparar miradas<\/b>. El gigante tecnol\u00f3gico estadounidense present\u00f3 la semana pasada en Cupertino <a title=\"el esperado iPhone 17\" href=\"https:\/\/www.larazon.es\/tecnologia\/como-mejora-iphone-17-pro-iphone-15-pro-16-pro_2025091068c1ce7602666d2324a54e2e.html\" target=\"_blank\" rel=\"nofollow noopener\">el esperado iPhone 17<\/a>, durante su evento \u00abAwe-Dropping\u00bb. El nuevo dispositivo llega con mejoras de rendimiento, dise\u00f1o renovado y un precio que ya est\u00e1 generando debate.<\/p>\n<p>El pr\u00f3ximo viernes 19 de septiembre saldr\u00e1n a la venta los cuatro nuevos modelos del iPhone 17. <b>El modelo m\u00e1s sencillo de la nueva gama es el iPhone 17, que cuesta 959 euros en su versi\u00f3n de 256 GB de memoria<\/b>. Una de las grandes novedades de esta temporada es el iPhone Air, un dispositivo extrafino cuya versi\u00f3n base (256 GB) tiene un precio de 1.219 euros. Le sigue el cl\u00e1sico infalible, <a title=\"el iPhone 17 Pro\" href=\"https:\/\/www.larazon.es\/tecnologia\/como-mejora-iphone-17-pro-iphone-15-pro-16-pro_2025091068c1ce7602666d2324a54e2e.html\" target=\"_blank\" rel=\"nofollow noopener\">el iPhone 17 Pro<\/a>, con un precio de salida de 1.319 euros. Y, por \u00faltimo,<b> la joya de la corona: el iPhone 17 Pro Max, que parte de 1.469 euros<\/b>, siendo el modelo m\u00e1s caro de los presentados. Adem\u00e1s, hay otros modelos que superan los 1.500 euros: la versi\u00f3n m\u00e1s cara del iPhone 17 Pro Max -de 2TB de almacenamiento- alcanza casi los 2.500 euros. Los precios en Espa\u00f1a incluyen IVA y un redondeo al alza com\u00fan en toda la Uni\u00f3n Europea, lo que implica un valor por encima del de Estados Unidos -sin contar la influencia de los tipos de cambio y de los aranceles-.<\/p>\n<p>Estas cuant\u00edas suponen un desembolso econ\u00f3mico significativo, sobre todo para aquellos que cobran el salario m\u00ednimo en nuestro pa\u00eds. El Salario M\u00ednimo Interprofesional (SMI) en Espa\u00f1a se sit\u00faa <b>en los 1.184 euros brutos al mes repartidos en 14 pagas anuales<\/b> o 1.381,33 euros si se reparte en 12 pagas, esto es, con las pagas extra prorrateadas. De esta forma, varios modelos de la nueva generaci\u00f3n de iPhone valen lo mismo o incluso superan el sueldo mensual de muchos espa\u00f1oles.<\/p>\n<p>Un espa\u00f1ol que cobre el salario m\u00ednimo <b>necesitar\u00e1 21 d\u00edas para comprar el iPhone 17<\/b>. Para adquirir el iPhone Air, la versi\u00f3n extrafina de la gama, hacen falta 26 d\u00edas y medio de salario. Aquellos que quieran comprar el iPhone Pro deber\u00edan dedicar casi un mes de trabajo (29 d\u00edas) para ello, mientras que para tener el iPhone 17 Pro Max necesitar\u00edan 32 d\u00edas.<\/p>\n<p>La brecha con Latinoam\u00e9rica es evidente. En Costa Rica, donde se registra el salario m\u00ednimo m\u00e1s alto de la regi\u00f3n (unos 620 euros), <b>har\u00edan falta 46 d\u00edas de trabajo para alcanzar los 959 euros que cuesta el iPhone 17<\/b>. En M\u00e9xico, con un salario m\u00ednimo de 355 euros, la cifra se dispara hasta 81 jornadas. Y en Argentina, donde el m\u00ednimo ronda los 224 euros, la cuenta es todav\u00eda m\u00e1s dura: <b>ser\u00edan necesarios 129 d\u00edas completos de trabajo para poder comprar el nuevo dispositivo de <a title=\"Apple\" href=\"https:\/\/www.larazon.es\/tags\/apple\/\" target=\"_blank\" rel=\"nofollow noopener\">Apple<\/a>.<\/b><\/p>\n","protected":false},"excerpt":{"rendered":"Apple vuelve a acaparar miradas. El gigante tecnol\u00f3gico estadounidense present\u00f3 la semana pasada en Cupertino el esperado iPhone&hellip;\n","protected":false},"author":2,"featured_media":116467,"comment_status":"","ping_status":"","sticky":false,"template":"","format":"standard","meta":{"footnotes":""},"categories":[81],"tags":[119,123,124,25,24,117,121,122,23,118,120],"class_list":{"0":"post-116466","1":"post","2":"type-post","3":"status-publish","4":"format-standard","5":"has-post-thumbnail","7":"category-ciencia-y-tecnologia","8":"tag-ciencia","9":"tag-ciencia-y-tecnologia","10":"tag-cienciaytecnologia","11":"tag-es","12":"tag-espana","13":"tag-science","14":"tag-science-and-technology","15":"tag-scienceandtechnology","16":"tag-spain","17":"tag-technology","18":"tag-tecnologia"},"share_on_mastodon":{"url":"","error":""},"_links":{"self":[{"href":"https:\/\/www.europesays.com\/es\/wp-json\/wp\/v2\/posts\/116466","targetHints":{"allow":["GET"]}}],"collection":[{"href":"https:\/\/www.europesays.com\/es\/wp-json\/wp\/v2\/posts"}],"about":[{"href":"https:\/\/www.europesays.com\/es\/wp-json\/wp\/v2\/types\/post"}],"author":[{"embeddable":true,"href":"https:\/\/www.europesays.com\/es\/wp-json\/wp\/v2\/users\/2"}],"replies":[{"embeddable":true,"href":"https:\/\/www.europesays.com\/es\/wp-json\/wp\/v2\/comments?post=116466"}],"version-history":[{"count":0,"href":"https:\/\/www.europesays.com\/es\/wp-json\/wp\/v2\/posts\/116466\/revisions"}],"wp:featuredmedia":[{"embeddable":true,"href":"https:\/\/www.europesays.com\/es\/wp-json\/wp\/v2\/media\/116467"}],"wp:attachment":[{"href":"https:\/\/www.europesays.com\/es\/wp-json\/wp\/v2\/media?parent=116466"}],"wp:term":[{"taxonomy":"category","embeddable":true,"href":"https:\/\/www.europesays.com\/es\/wp-json\/wp\/v2\/categories?post=116466"},{"taxonomy":"post_tag","embeddable":true,"href":"https:\/\/www.europesays.com\/es\/wp-json\/wp\/v2\/tags?post=116466"}],"curies":[{"name":"wp","href":"https:\/\/api.w.org\/{rel}","templated":true}]}}