{"id":116472,"date":"2025-09-15T11:13:07","date_gmt":"2025-09-15T11:13:07","guid":{"rendered":"https:\/\/www.europesays.com\/es\/116472\/"},"modified":"2025-09-15T11:13:07","modified_gmt":"2025-09-15T11:13:07","slug":"un-hombre-de-77-es-el-primer-muerto-por-fiebre-del-nilo-en-lo-que-va-de-ano-en-espana-sociedad","status":"publish","type":"post","link":"https:\/\/www.europesays.com\/es\/116472\/","title":{"rendered":"Un hombre de 77 es el primer muerto por fiebre del Nilo en lo que va de a\u00f1o en Espa\u00f1a | Sociedad"},"content":{"rendered":"<p class=\"\">El Servicio Extreme\u00f1o de Salud (SES) <a href=\"https:\/\/elpais.com\/sociedad\/2025-05-23\/el-virus-del-nilo-ya-es-el-del-guadalquivir-los-especialistas-alertan-de-que-espana-no-esta-preparada-para-las-infecciones-tropicales.html\" target=\"_self\" rel=\"nofollow noopener\" title=\"https:\/\/elpais.com\/sociedad\/2025-05-23\/el-virus-del-nilo-ya-es-el-del-guadalquivir-los-especialistas-alertan-de-que-espana-no-esta-preparada-para-las-infecciones-tropicales.html\">ha confirmado este lunes el fallecimiento de una persona por fiebre del Nilo Occidental, <\/a>un var\u00f3n de 77 a\u00f1os que estaba ingresado en el Hospital de Don Benito-Villanueva. Se trata de la primera persona que fallece en Espa\u00f1a por esta fiebre en lo que va de a\u00f1o. El pasado a\u00f1o murieron 11 personas. <\/p>\n<p class=\"\">El Centro Europeo para la Prevenci\u00f3n y el Control de las Enfermedades (ECDC, por sus siglas en ingl\u00e9s) ten\u00eda la semana pasada contabilizados cinco casos y cero muertes. <a href=\"https:\/\/elpais.com\/espana\/andalucia\/2024-12-03\/un-vecino-de-los-palacios-sevilla-nueva-victima-mortal-del-virus-del-nilo.html\" target=\"_self\" rel=\"nofollow noopener\" title=\"https:\/\/elpais.com\/espana\/andalucia\/2024-12-03\/un-vecino-de-los-palacios-sevilla-nueva-victima-mortal-del-virus-del-nilo.html\">Un vecino de 70 a\u00f1os del municipio sevillano de Los Palacios fue la \u00faltima v\u00edctima contabilizada en Espa\u00f1a.<\/a> Falleci\u00f3 el pasado diciembre.<\/p>\n<p class=\"\">En total se han registrado 11 casos de fiebre del Nilo Occidental en Extremadura en 2025, cuatro de los cuales permanecen ingresados en este mismo centro hospitalario, seg\u00fan ha informado la Junta de Extremadura. <\/p>\n<p class=\"\">El SES ha pedido a las gerencias de las ocho \u00e1reas de salud de Extremadura estar pendiente ante cualquier sospecha de casos de cl\u00ednica compatible con el virus. Mantendr\u00e1n as\u00ed una actitud de alerta frente a posibles casos, lo que permitir\u00eda aumentar la capacidad diagn\u00f3stica, aunque el 80% las infecciones en humanos son asintom\u00e1ticas, seg\u00fan ha aclarado.<\/p>\n<p class=\"\">El SES ha vuelto a recomendar que se mantengan en buenas condiciones las piscinas, estanques y balsas, y evitar que contengan agua objetos como platos debajo de tiestos, jarras, cubos, juguetes, platos de animales dom\u00e9sticos y neum\u00e1ticos, entre otros. Tambi\u00e9n aconseja tapar recipientes o contenedores con agua en el exterior y mantener limpios los canalones de recolecci\u00f3n de aguas en los tejados y los desag\u00fces de los patios, adem\u00e1s de vestir ropa de colores claros y, si es posible, <a href=\"https:\/\/elpais.com\/sociedad\/2025-05-06\/sanidad-ultima-un-sistema-de-vigilancia-de-patogenos-en-aguas-residuales-para-monitorear-amenazas-epidemiologicas.html\" target=\"_self\" rel=\"nofollow noopener\" title=\"https:\/\/elpais.com\/sociedad\/2025-05-06\/sanidad-ultima-un-sistema-de-vigilancia-de-patogenos-en-aguas-residuales-para-monitorear-amenazas-epidemiologicas.html\">cubrir la mayor zona del cuerpo con manga larga, pantalones largos y calzado cerrado. <\/a><\/p>\n<p class=\"\">Asimismo, el servicio aconseja evitar el uso de jabones aromatizados, perfumes y aerosoles para el pelo, ya que pueden atraer insectos, y utilizar repelentes e insecticidas de uso por el p\u00fablico en general, siempre que est\u00e9n autorizados, como lociones, spray o pulseras. Sugiere adem\u00e1s la instalaci\u00f3n de mosquiteras en puertas y ventanas para evitar as\u00ed la entrada de mosquitos.<\/p>\n","protected":false},"excerpt":{"rendered":"El Servicio Extreme\u00f1o de Salud (SES) ha confirmado este lunes el fallecimiento de una persona por fiebre del&hellip;\n","protected":false},"author":2,"featured_media":116473,"comment_status":"","ping_status":"","sticky":false,"template":"","format":"standard","meta":{"footnotes":""},"categories":[8],"tags":[7235,17,18,25061,1293,16436,25,24,7234,13,14,11,19,20,8509,9,10,15,16,166,1452,492,23,12,21,22],"class_list":{"0":"post-116472","1":"post","2":"type-post","3":"status-publish","4":"format-standard","5":"has-post-thumbnail","7":"category-espana","8":"tag-badajoz","9":"tag-breaking-news","10":"tag-breakingnews","11":"tag-don-benito","12":"tag-enfermedades","13":"tag-epidemiologia","14":"tag-es","15":"tag-espana","16":"tag-extremadura","17":"tag-featured-news","18":"tag-featurednews","19":"tag-headlines","20":"tag-latest-news","21":"tag-latestnews","22":"tag-ministerio-de-sanidad","23":"tag-news","24":"tag-noticias","25":"tag-noticias-destacadas","26":"tag-noticiasdestacadas","27":"tag-salud","28":"tag-salud-publica","29":"tag-sociedad","30":"tag-spain","31":"tag-titulares","32":"tag-ultimas-noticias","33":"tag-ultimasnoticias"},"share_on_mastodon":{"url":"","error":""},"_links":{"self":[{"href":"https:\/\/www.europesays.com\/es\/wp-json\/wp\/v2\/posts\/116472","targetHints":{"allow":["GET"]}}],"collection":[{"href":"https:\/\/www.europesays.com\/es\/wp-json\/wp\/v2\/posts"}],"about":[{"href":"https:\/\/www.europesays.com\/es\/wp-json\/wp\/v2\/types\/post"}],"author":[{"embeddable":true,"href":"https:\/\/www.europesays.com\/es\/wp-json\/wp\/v2\/users\/2"}],"replies":[{"embeddable":true,"href":"https:\/\/www.europesays.com\/es\/wp-json\/wp\/v2\/comments?post=116472"}],"version-history":[{"count":0,"href":"https:\/\/www.europesays.com\/es\/wp-json\/wp\/v2\/posts\/116472\/revisions"}],"wp:featuredmedia":[{"embeddable":true,"href":"https:\/\/www.europesays.com\/es\/wp-json\/wp\/v2\/media\/116473"}],"wp:attachment":[{"href":"https:\/\/www.europesays.com\/es\/wp-json\/wp\/v2\/media?parent=116472"}],"wp:term":[{"taxonomy":"category","embeddable":true,"href":"https:\/\/www.europesays.com\/es\/wp-json\/wp\/v2\/categories?post=116472"},{"taxonomy":"post_tag","embeddable":true,"href":"https:\/\/www.europesays.com\/es\/wp-json\/wp\/v2\/tags?post=116472"}],"curies":[{"name":"wp","href":"https:\/\/api.w.org\/{rel}","templated":true}]}}