{"id":116478,"date":"2025-09-15T11:16:11","date_gmt":"2025-09-15T11:16:11","guid":{"rendered":"https:\/\/www.europesays.com\/es\/116478\/"},"modified":"2025-09-15T11:16:11","modified_gmt":"2025-09-15T11:16:11","slug":"curro-vazquez-ejemplo-de-toreria","status":"publish","type":"post","link":"https:\/\/www.europesays.com\/es\/116478\/","title":{"rendered":"Curro Vazquez, ejemplo de torer\u00eda"},"content":{"rendered":"<p><strong>Curro V\u00e1zquez,<\/strong> atendiendo la invitaci\u00f3n de <strong>Morante de la Puebla,<\/strong> volver\u00e1 a pisar la arena vestido de corto. Ser\u00e1 el d\u00eda de la Hispanidad en Las Ventas del Esp\u00edritu Santo. Escenario de sus m\u00e1s grandes d\u00edas de gloria pero tambi\u00e9n de mucho dolor. \u00a1En la memoria aquella cogida del tres de junio de 1983 infligida por un toro de Saltillo, en la que la providencia y el buen hacer del equipo m\u00e9dico le salvaron la vida! Pero la causa, festival pro monumento a su gran amigo y admirado <strong>Antonio Chenel \u201cAnto\u00f1ete\u201d,<\/strong> ha podido m\u00e1s que la prudencia que se deber\u00eda tener cuando ya se han sumado siete d\u00e9cadas de vida. El gesto, por generoso, se merece todo el respeto hacia quien desde que comenz\u00f3 a querer ser torero ha venido haciendo gala de una ejemplar torer\u00eda.<\/p>\n<p>El espada de Linares, por su trayectoria de torero de culto, por las grandes, unas graves y otras gloriosas, vicisitudes de las que ha sido protagonista durante su longeva carrera (tambi\u00e9n por ser hombre respetuoso y por ende respetado) ha obtenido el privilegio de que intelectuales, escritores y cr\u00edticos se hayan ocupado de contar y cantarle lo que ha sido su vida en los ruedos desde el momento en que le descubri\u00f3 quien fuese un gran catador de toreros, el singular y creativo <strong>Rafael S\u00e1nchez \u201cEl Pipo\u201d.<\/strong> Contaba entonces Curro apenas trece a\u00f1os.<\/p>\n<p>Por tanto, no voy a caer en la tentaci\u00f3n de repetir lo ya sabido, pero s\u00ed que tan especial ocasi\u00f3n me ha venido a dar la oportunidad para presumir de una amistad que comenz\u00f3 a forjarse cuando a <strong>Cayetano Rivera Ord\u00f3\u00f1ez<\/strong>, con quien me unen lazos de sincera y familiar amistad, se le despert\u00f3 el gen torero de su sangre y <strong>Curro<\/strong> asumi\u00f3 la responsabilidad de dirigir su carrera. Fue a partir de ese momento cuando comenc\u00e9 a disfrutar de todo el caudal de virtudes art\u00edsticas y personales que atesora este <strong>Curro<\/strong>, el <strong>Curro<\/strong> de Linares del que hay que resaltar que esparci\u00f3 su torer\u00eda por todo el universo torero.<\/p>\n<p>Es sabido que tuvo el privilegio de formar parte de una de las familias, los <strong>Domingu\u00edn<\/strong>, de gran solera taurina e intelectual, a trav\u00e9s de <strong>Domingo Domingu\u00edn<\/strong> quien fue el padre de su esposa. Mucho inter\u00e9s debi\u00f3 poner nuestro personaje en asimilar todo el conocimiento que atesoraban aquellos personajes irrepetibles con los que tuvo la suerte de convivir, porque hoy, cuando escasean tantos valores -dentro y fuera de los toros-, puedo afirmar que este <strong>Curro V\u00e1zquez<\/strong> es el m\u00e1s fiel guardi\u00e1n de tan singular legado.<\/p>\n<p>Ahora, ante el compromiso adquirido, quienes admiramos su trayectoria, lo que deseamos es que goce este pase\u00edllo con la intensidad, la torer\u00eda y la pasi\u00f3n que siempre ha presidido su estar en el toreo, ora de torero, ora de apoderado, apartado este \u00faltimo en el que tambi\u00e9n ha aplicado la templanza y el bien hacer. Adem\u00e1s de lanzar la carrera de <strong>Cayetano<\/strong>, que nombres tan se\u00f1eros como <strong>Morante<\/strong> y <strong>Talavante<\/strong> le hayan confiado puntualmente su carrera, dice mucho.<\/p>\n","protected":false},"excerpt":{"rendered":"Curro V\u00e1zquez, atendiendo la invitaci\u00f3n de Morante de la Puebla, volver\u00e1 a pisar la arena vestido de corto.&hellip;\n","protected":false},"author":2,"featured_media":116479,"comment_status":"","ping_status":"","sticky":false,"template":"","format":"standard","meta":{"footnotes":""},"categories":[277],"tags":[45,373,39005,168,25,24,3931,205,23,167,374],"class_list":{"0":"post-116478","1":"post","2":"type-post","3":"status-publish","4":"format-standard","5":"has-post-thumbnail","7":"category-toreo","8":"tag-45","9":"tag-bullfighting","10":"tag-curro-vazquez","11":"tag-deportes","12":"tag-es","13":"tag-espana","14":"tag-festival","15":"tag-madrid","16":"tag-spain","17":"tag-sports","18":"tag-toreo"},"share_on_mastodon":{"url":"","error":""},"_links":{"self":[{"href":"https:\/\/www.europesays.com\/es\/wp-json\/wp\/v2\/posts\/116478","targetHints":{"allow":["GET"]}}],"collection":[{"href":"https:\/\/www.europesays.com\/es\/wp-json\/wp\/v2\/posts"}],"about":[{"href":"https:\/\/www.europesays.com\/es\/wp-json\/wp\/v2\/types\/post"}],"author":[{"embeddable":true,"href":"https:\/\/www.europesays.com\/es\/wp-json\/wp\/v2\/users\/2"}],"replies":[{"embeddable":true,"href":"https:\/\/www.europesays.com\/es\/wp-json\/wp\/v2\/comments?post=116478"}],"version-history":[{"count":0,"href":"https:\/\/www.europesays.com\/es\/wp-json\/wp\/v2\/posts\/116478\/revisions"}],"wp:featuredmedia":[{"embeddable":true,"href":"https:\/\/www.europesays.com\/es\/wp-json\/wp\/v2\/media\/116479"}],"wp:attachment":[{"href":"https:\/\/www.europesays.com\/es\/wp-json\/wp\/v2\/media?parent=116478"}],"wp:term":[{"taxonomy":"category","embeddable":true,"href":"https:\/\/www.europesays.com\/es\/wp-json\/wp\/v2\/categories?post=116478"},{"taxonomy":"post_tag","embeddable":true,"href":"https:\/\/www.europesays.com\/es\/wp-json\/wp\/v2\/tags?post=116478"}],"curies":[{"name":"wp","href":"https:\/\/api.w.org\/{rel}","templated":true}]}}