{"id":116480,"date":"2025-09-15T11:18:13","date_gmt":"2025-09-15T11:18:13","guid":{"rendered":"https:\/\/www.europesays.com\/es\/116480\/"},"modified":"2025-09-15T11:18:13","modified_gmt":"2025-09-15T11:18:13","slug":"la-ii-forty-golf-cup-consagra-alicante-como-capital-nacional-del-golf-amateur","status":"publish","type":"post","link":"https:\/\/www.europesays.com\/es\/116480\/","title":{"rendered":"La II Forty Golf Cup consagra Alicante como capital nacional del golf amateur"},"content":{"rendered":"<p>ALICANTE.\u00a0Este s\u00e1bado Alicante ha vuelto a hacer historia. La II edici\u00f3n de la Forty Golf Cup (<strong>FGC<\/strong>) ha superado todas las expectativas, consolid\u00e1ndose como uno de los eventos de golf amateur m\u00e1s ambiciosos y populares de Espa\u00f1a. Durante cuatro jornadas consecutivas, m\u00e1s de 1.500 personas han participado en un evento que ha combinado competici\u00f3n, formaci\u00f3n, experiencias al aire libre y actividades abiertas al p\u00fablico. Una cita que confirma que el golf est\u00e1 de moda, es accesible y genera impacto econ\u00f3mico y tur\u00edstico en la Comunidad Valenciana.<\/p>\n<p class=\"western\" lang=\"es-ES\" style=\"margin-right:0.24cm; margin-top:0.29cm; text-align:justify; margin-left:0cm; margin-bottom:0cm\">La FGC ha superado su impacto con una participaci\u00f3n r\u00e9cord de 260 jugadores, frente a los 180 de la primera edici\u00f3n. A ello se suman dos exitosas jornadas Open Day para todos los p\u00fablicos. Adem\u00e1s, se ha superado tambi\u00e9n la cifra de cursos de iniciaci\u00f3n impartidos: cerca de 700 personas han participado en clinics gratuitos, confirmando el creciente inter\u00e9s por el golf entre nuevos p\u00fablicos.<\/p>\n<p class=\"western\" lang=\"es-ES\" style=\"margin-right:0.24cm; margin-top:0.29cm; text-align:justify; margin-left:0cm; margin-bottom:0cm\">La FGC tambi\u00e9n ha reunido a rostros reconocidos del deporte y la comunicaci\u00f3n que no han querido perderse esta cita. Entre ellos, <strong>Toni Nadal<\/strong>, exentrenador de Rafa Nadal y firme defensor del golf como disciplina formativa; <strong>Jorge Armenteros<\/strong>, periodista deportivo y conductor de Ryder COPE; y <strong>Elena Jim\u00e9nez<\/strong>, hist\u00f3rica reportera de TVE especializada en deporte ol\u00edmpico. Tambi\u00e9n han participado <strong>I\u00f1aki Cano<\/strong>, veterano comunicador con una larga trayectoria en prensa, radio y televisi\u00f3n, y <strong>Lorenzo Sanz Dur\u00e1n<\/strong>, exjugador de baloncesto, dirigente deportivo y heredero de una de las sagas m\u00e1s emblem\u00e1ticas del deporte espa\u00f1ol. A ellos se ha sumado tambi\u00e9n la golfista y vicepresidenta de la Federaci\u00f3n Espa\u00f1ola de Golf, <strong>Mar Ruiz de la Torre<\/strong> o rostros conocidos como<strong> Miguel Carnero<\/strong>, <strong>Jaime Astrain<\/strong> o <strong>Fidel <\/strong><strong>Alonso<\/strong>.<\/p>\n<p class=\"western\" lang=\"es-ES\" style=\"margin-right:0.24cm; margin-top:0.29cm; text-align:justify; margin-left:0cm; margin-bottom:0cm\">\u00a0<\/p>\n<p>&#13;<br \/>\n<img decoding=\"async\" alt=\"\" itemprop=\"url\" src=\"https:\/\/www.europesays.com\/es\/wp-content\/uploads\/2025\/09\/articulos-1667262.jpg\" title=\" - FOTOS: RAFA MOLINA\"\/>&#13;<br \/>\n&#13;<br \/>\n&#13;<br \/>\n&#13;<br \/>\n&#13;<\/p>\n<p class=\"western\" lang=\"es-ES\" style=\"margin-right:0.24cm; margin-top:0.3cm; text-align:justify; margin-left:0cm; margin-bottom:0cm\">Una de las grandes novedades de esta edici\u00f3n ha sido la incorporaci\u00f3n del Ladies International Team Trophy, un torneo femenino por equipos con car\u00e1cter internacional que apuesta firmemente por la visibilidad y el liderazgo femenino en el golf amateur. Adem\u00e1s de las competiciones, durante los d\u00edas previos al torneo se desarrollaron ponencias, encuentros empresariales, cursos abiertos, y charlas.<\/p>\n<p class=\"western\" lang=\"es-ES\" style=\"margin-right:0.24cm; margin-top:0.3cm; text-align:justify; margin-left:0cm; margin-bottom:0cm\">Mar Ruiz de la Torre, vicepresidenta de la Real Federaci\u00f3n Espa\u00f1ola de Golf, ha destacado el impacto del evento tanto en t\u00e9rminos de participaci\u00f3n como de promoci\u00f3n del deporte base:\u00a0\u201cEn la Comunidad Valenciana estamos viviendo un momento de auge. Las inscripciones a clinics y cursos se han disparado, y eventos como la FORTY Golf Cup apoyan la difusi\u00f3n y demuestran que el golf es una puerta de entrada a h\u00e1bitos saludables y redes personales y profesionales valiosas\u201d.<\/p>\n<p class=\"western\" lang=\"es-ES\" style=\"margin-right:0.24cm; margin-top:0.29cm; text-align:justify; margin-left:0cm; margin-bottom:0cm\">Ruiz de la Torre ha subrayado tambi\u00e9n el papel clave de los clubes y organizadores: \u201cEs fundamental para el desarrollo del golf que las comunidades cuenten con clubes involucrados y buenos gestores\u201d. Impresionada por la dimensi\u00f3n social de la FGC, remat\u00f3 su intervenci\u00f3n con un mensaje contundente: \u201cLo que m\u00e1s me ha emocionado es ver a familias enteras, ni\u00f1os y adultos, m\u00e1s de 700 personas que han pasado por aqu\u00ed para descubrir el golf y probarlo por primera vez. A la promoci\u00f3n y al trabajo del equipo de la FGC le doy un 12 sobre 10\u201d.<\/p>\n<p class=\"western\" lang=\"es-ES\" style=\"margin-right:0.24cm; margin-top:0.29cm; text-align:justify; margin-left:0cm; margin-bottom:0cm\">\u00a0<\/p>\n<p>&#13;<br \/>\n<img decoding=\"async\" alt=\"\" itemprop=\"url\" src=\"https:\/\/www.europesays.com\/es\/wp-content\/uploads\/2025\/09\/articulos-1667263.jpg\" title=\" - FOTOS: RAFA MOLINA\"\/>&#13;<br \/>\n&#13;<br \/>\n&#13;<br \/>\n&#13;<br \/>\n&#13;<\/p>\n<p class=\"western\" lang=\"es-ES\" style=\"margin-right:0.24cm; margin-top:0.29cm; text-align:justify; margin-left:0cm; margin-bottom:0cm\">El golf es mucho m\u00e1s que un deporte. Es una palanca econ\u00f3mica que impulsa sectores como la hosteler\u00eda, los servicios o el ocio. Seg\u00fan datos del sector, por cada euro que un turista gasta en golf, otros siete se invierten en servicios locales. En ese sentido, la FGC refuerza la provincia de Alicante como destino tur\u00edstico de calidad y contribuye al desarrollo del territorio.<\/p>\n<p>Gran fiesta de clausura<\/p>\n<p class=\"western\" lang=\"es-ES\" style=\"margin: 0.29cm 0.25cm 0cm 0cm; text-align: justify;\">M\u00e1s de 1.000 personas se dieron cita en la gran fiesta de clausura, celebrada en Puntapiedra Coast Club, donde se entregaron los trofeos a los campeones del torneo. <strong>El equipo Bella Golf &amp; Vodzka se alz\u00f3 con la victoria absoluta<\/strong>, mientras que la pareja formada por <strong>Alejandro Alonso<\/strong> y <strong>Liam Murray<\/strong> fue la ganadora en la categor\u00eda Scratch. En la modalidad H\u00e1ndicap, el primer puesto fue para la pareja compuesta por <strong>Eduardo Ipiens<\/strong> y <strong>Jaume Valens<\/strong>.<\/p>\n<p>&#13;<br \/>\n<img decoding=\"async\" alt=\"\" itemprop=\"url\" src=\"https:\/\/www.europesays.com\/es\/wp-content\/uploads\/2025\/09\/articulos-1667414.jpg\" title=\" - \"\/>&#13;<br \/>\n&#13;<br \/>\n&#13;<br \/>\n&#13;<br \/>\n&#13;<\/p>\n<p class=\"western\" lang=\"es-ES\" style=\"margin: 0.29cm 0.24cm 0cm 0cm; text-align: justify;\">\u201cLa uni\u00f3n y el trabajo del equipo de Forty han llevado el golf y sus valores m\u00e1s all\u00e1 de nuestras fronteras. Es un honor organizar un evento que siempre unir\u00e1 a las personas en torno al deporte, la amistad, la familia y el golf\u201d, se\u00f1alaba emocionado Emilio Del Barrio, presidente de Forty Group y promotor del torneo.<\/p>\n<p class=\"western\" lang=\"es-ES\" style=\"margin-right:0.24cm; margin-top:0.29cm; text-align:justify; margin-left:0cm; margin-bottom:0cm\">As\u00ed se clausuraba un evento que va m\u00e1s all\u00e1 del golf, una propuesta que impulsa el bienestar, el ocio de calidad y la creaci\u00f3n de comunidad en torno a un deporte en auge. La FGC ya pone la vista en nuevos destinos del panorama nacional, con el objetivo de seguir llevando el golf m\u00e1s lejos, a m\u00e1s gente y con m\u00e1s impacto.<\/p>\n<p>&#13;<br \/>\n<img decoding=\"async\" alt=\"\" itemprop=\"url\" src=\"https:\/\/www.europesays.com\/es\/wp-content\/uploads\/2025\/09\/articulos-1667415.jpg\" title=\" - \"\/>&#13;<br \/>\n&#13;<br \/>\n&#13;<br \/>\n&#13;<br \/>\n&#13;<\/p>\n<p>Ganadores \u2013 II Forty Golf Cup<\/p>\n<p><strong>Tercera pareja clasificada h\u00e1ndicap<\/strong><br \/>&#13;<br \/>\nAndr\u00e9s Pintado y Laurentiu Pletea<\/p>\n<p><strong>Segunda pareja clasificada h\u00e1ndicap<\/strong><br \/>&#13;<br \/>\nRoberto Ortiz y Juan Gabriel Ferriol<\/p>\n<p><strong>Pareja ganadora Scratch<\/strong><br \/>&#13;<br \/>\nAlejandro Alonso y Liam Murray<\/p>\n<p><strong>Primera pareja clasificada h\u00e1ndicap<\/strong><br \/>&#13;<br \/>\nEduardo Ipiens y Jaume Valens<\/p>\n<p><strong>Premio especial \u00faltima pareja clasificada h\u00e1ndicap<\/strong><br \/>&#13;<br \/>\nEugene Clancy y Adriana Van Rooden<\/p>\n<p><strong>Equipo subcampe\u00f3n del torneo<\/strong><br \/>&#13;<br \/>\nCaponata di Mare<\/p>\n<p><strong>Equipo campe\u00f3n del torneo<\/strong><br \/>&#13;<br \/>\nBella Golf &amp; Vodzka<\/p>\n","protected":false},"excerpt":{"rendered":"ALICANTE.\u00a0Este s\u00e1bado Alicante ha vuelto a hacer historia. La II edici\u00f3n de la Forty Golf Cup (FGC) ha&hellip;\n","protected":false},"author":2,"featured_media":116481,"comment_status":"","ping_status":"","sticky":false,"template":"","format":"standard","meta":{"footnotes":""},"categories":[275],"tags":[168,25,24,329,23,167],"class_list":{"0":"post-116480","1":"post","2":"type-post","3":"status-publish","4":"format-standard","5":"has-post-thumbnail","7":"category-golf","8":"tag-deportes","9":"tag-es","10":"tag-espana","11":"tag-golf","12":"tag-spain","13":"tag-sports"},"share_on_mastodon":{"url":"","error":""},"_links":{"self":[{"href":"https:\/\/www.europesays.com\/es\/wp-json\/wp\/v2\/posts\/116480","targetHints":{"allow":["GET"]}}],"collection":[{"href":"https:\/\/www.europesays.com\/es\/wp-json\/wp\/v2\/posts"}],"about":[{"href":"https:\/\/www.europesays.com\/es\/wp-json\/wp\/v2\/types\/post"}],"author":[{"embeddable":true,"href":"https:\/\/www.europesays.com\/es\/wp-json\/wp\/v2\/users\/2"}],"replies":[{"embeddable":true,"href":"https:\/\/www.europesays.com\/es\/wp-json\/wp\/v2\/comments?post=116480"}],"version-history":[{"count":0,"href":"https:\/\/www.europesays.com\/es\/wp-json\/wp\/v2\/posts\/116480\/revisions"}],"wp:featuredmedia":[{"embeddable":true,"href":"https:\/\/www.europesays.com\/es\/wp-json\/wp\/v2\/media\/116481"}],"wp:attachment":[{"href":"https:\/\/www.europesays.com\/es\/wp-json\/wp\/v2\/media?parent=116480"}],"wp:term":[{"taxonomy":"category","embeddable":true,"href":"https:\/\/www.europesays.com\/es\/wp-json\/wp\/v2\/categories?post=116480"},{"taxonomy":"post_tag","embeddable":true,"href":"https:\/\/www.europesays.com\/es\/wp-json\/wp\/v2\/tags?post=116480"}],"curies":[{"name":"wp","href":"https:\/\/api.w.org\/{rel}","templated":true}]}}