{"id":116482,"date":"2025-09-15T11:19:04","date_gmt":"2025-09-15T11:19:04","guid":{"rendered":"https:\/\/www.europesays.com\/es\/116482\/"},"modified":"2025-09-15T11:19:04","modified_gmt":"2025-09-15T11:19:04","slug":"sale-a-la-luz-que-tipo-de-relacion-mantienen-carlos-alcaraz-y-brooks-nader-hay-un-interes","status":"publish","type":"post","link":"https:\/\/www.europesays.com\/es\/116482\/","title":{"rendered":"Sale a la luz qu\u00e9 tipo de relaci\u00f3n mantienen Carlos Alcaraz y Brooks Nader: \u00abHay un inter\u00e9s\u00bb"},"content":{"rendered":"<p class=\"ft-text\"><strong>Carlos Alcaraz sigue haciendo historia en el tenis<\/strong>. El \u00faltimo logr\u00f3 del tenista fue alzarse como campe\u00f3n del US Open 2025 tras ganar en cuatro sets a Jannik Sinner. Con el triunfo, el murciano volvi\u00f3 a recuperar el n\u00famero uno del ranking ATP. No obstante, Alcaraz est\u00e1 dando mucho de qu\u00e9 hablar por su supuesto romance con Brooks Nader, modelo estadounidense.<\/p>\n<p class=\"ft-text\">Varios medios del coraz\u00f3n publicaron que el tenista espa\u00f1ol estaba manteniendo un romance clandestino con la estadounidense. Aunque desde Estados Unidos, apuntaron que <strong>Nader habr\u00eda mantenido otra relaci\u00f3n sentimental con Sinner<\/strong>, seg\u00fan explic\u00f3 el medio &#8216;Page Six&#8217;.<\/p>\n<p class=\"ft-text\">Despu\u00e9s de toda la rumorolog\u00eda, la hermana de Brooks, Grace Ann Nader, fue quien confirm\u00f3 la relaci\u00f3n en &#8216;E!News&#8217;: \u00ab<strong>Los rumores son ciertos<\/strong>. Salir con alguien es un t\u00e9rmino muy impreciso. Pero s\u00e9 que es el hombre del momento\u00bb. Adem\u00e1s, desvel\u00f3 que \u00ab<strong>muero por conocerlo. Es un bomb\u00f3n<\/strong>\u00ab.<\/p>\n<p class=\"ft-text\">Ayer, Javi Hoyos destap\u00f3 qu\u00e9 tipo de relaci\u00f3n mantienen Alcaraz y Brooks. \u00ab<strong>\u00bfSon novios realmente c\u00f3mo ha dicho la hermana de Brooks o se lo ha inventado todo?<\/strong>\u00ab, empez\u00f3 diciendo en TikTok.<\/p>\n<p class=\"ft-text\">El creador de contenido explic\u00f3 que Alberto Guzm\u00e1n, colaborador de &#8216;D Coraz\u00f3n&#8217;, <strong>habr\u00eda hablado con el entorno m\u00e1s cercano del tenista murciano<\/strong> para contrastar la informaci\u00f3n sobre la posible relaci\u00f3n con la modelo estadounidense.<\/p>\n<p class=\"ft-text\">\u00abEl entorno de Carlos Alcaraz ha dicho a Alberto Guzm\u00e1n que la hermana de Brooks miente&#8230; <strong>no es verdad que tengan una relaci\u00f3n<\/strong>\u00ab, coment\u00f3 en la red social.<\/p>\n<p class=\"ft-text\"><strong>El colaborador de &#8216;D Coraz\u00f3n&#8217; explic\u00f3 que Carlos Alcaraz \u00abest\u00e1 soltero\u00bb<\/strong>, aunque no sabe si se han besado en alguna ocasi\u00f3n.<\/p>\n<p class=\"ft-text\">Javi Hoyos se anim\u00f3 a desvelar el motivo por el que Grace minti\u00f3 sobre la relaci\u00f3n de Alcaraz y su hermana Brooks: \u00ab<strong>Ha habido un inter\u00e9s de promocionar el documental de Brooks Nader<\/strong>\u00ab.<\/p>\n","protected":false},"excerpt":{"rendered":"Carlos Alcaraz sigue haciendo historia en el tenis. El \u00faltimo logr\u00f3 del tenista fue alzarse como campe\u00f3n del&hellip;\n","protected":false},"author":2,"featured_media":116483,"comment_status":"","ping_status":"","sticky":false,"template":"","format":"standard","meta":{"footnotes":""},"categories":[274],"tags":[168,25,24,256,2313,1875,14620,5977,5150,23,167,327,326,6593],"class_list":{"0":"post-116482","1":"post","2":"type-post","3":"status-publish","4":"format-standard","5":"has-post-thumbnail","7":"category-tenis","8":"tag-deportes","9":"tag-es","10":"tag-espana","11":"tag-famosos","12":"tag-fuera-de-juego","13":"tag-luz","14":"tag-mantienen","15":"tag-relacion","16":"tag-sale","17":"tag-spain","18":"tag-sports","19":"tag-tenis","20":"tag-tennis","21":"tag-tipo"},"share_on_mastodon":{"url":"","error":""},"_links":{"self":[{"href":"https:\/\/www.europesays.com\/es\/wp-json\/wp\/v2\/posts\/116482","targetHints":{"allow":["GET"]}}],"collection":[{"href":"https:\/\/www.europesays.com\/es\/wp-json\/wp\/v2\/posts"}],"about":[{"href":"https:\/\/www.europesays.com\/es\/wp-json\/wp\/v2\/types\/post"}],"author":[{"embeddable":true,"href":"https:\/\/www.europesays.com\/es\/wp-json\/wp\/v2\/users\/2"}],"replies":[{"embeddable":true,"href":"https:\/\/www.europesays.com\/es\/wp-json\/wp\/v2\/comments?post=116482"}],"version-history":[{"count":0,"href":"https:\/\/www.europesays.com\/es\/wp-json\/wp\/v2\/posts\/116482\/revisions"}],"wp:featuredmedia":[{"embeddable":true,"href":"https:\/\/www.europesays.com\/es\/wp-json\/wp\/v2\/media\/116483"}],"wp:attachment":[{"href":"https:\/\/www.europesays.com\/es\/wp-json\/wp\/v2\/media?parent=116482"}],"wp:term":[{"taxonomy":"category","embeddable":true,"href":"https:\/\/www.europesays.com\/es\/wp-json\/wp\/v2\/categories?post=116482"},{"taxonomy":"post_tag","embeddable":true,"href":"https:\/\/www.europesays.com\/es\/wp-json\/wp\/v2\/tags?post=116482"}],"curies":[{"name":"wp","href":"https:\/\/api.w.org\/{rel}","templated":true}]}}