{"id":116484,"date":"2025-09-15T11:20:03","date_gmt":"2025-09-15T11:20:03","guid":{"rendered":"https:\/\/www.europesays.com\/es\/116484\/"},"modified":"2025-09-15T11:20:03","modified_gmt":"2025-09-15T11:20:03","slug":"los-espanoles-peor-clasificados-que-en-el-ano-de-la-despedida-de-indurain-el-mundo","status":"publish","type":"post","link":"https:\/\/www.europesays.com\/es\/116484\/","title":{"rendered":"Los espa\u00f1oles: peor clasificados que en el a\u00f1o de la despedida de Indurain &#8211; El Mundo"},"content":{"rendered":"<ol>\n<li><a href=\"https:\/\/news.google.com\/rss\/articles\/CBMingFBVV95cUxQenZDdEcwQ05pNC1rLUU2djc5V1B5UUJ6TUdHLXgwdFlzSDFscXBPNFJnSE40c3ZYY3lzbG1SWFVoNzBDQXVHbVUxc2pkWncxYnRkQWhiTVJmWWhvVi16aEJYUXBfYkhuTlVOTHRJR3Z5c1A0TWdIM1o1elJQZHhUX2VfZXZKcHJmbVQyZlk0QjRhajQ3RzRwbFNBNlRJZ9IBngFBVV95cUxQTW8tMXlIZkotYnM4R2J0Tm1JRmFESzljQ05uZG1FLTdkVkYxLW9LZlYxQTNHVkQ5UDBPQ3hhbmlCYXpJRlBBR3pWalZCRDNQWFhOOGN6dWplODB3WDVBdGRWY1hKTDB0UWpPbGxqcEpHQ2lhMXNSV0Q2WHR2YkZteXd2RjJNeUwwNzN0Y2xCZFpTUktRRXZkckNyazRydw?oc=5\" target=\"_blank\" rel=\"nofollow noopener\">Los espa\u00f1oles: peor clasificados que en el a\u00f1o de la despedida de Indurain<\/a>&nbsp;&nbsp;El Mundo<\/li>\n<li><a href=\"https:\/\/news.google.com\/rss\/articles\/CBMikwFBVV95cUxNeWhQUmdxSWhjZ0l5STdrTXlMWjRLV1ZsWVVOSTdPbU9wcmpMdTg1RmVkZ0hDbjRYdDlqWENxaVBYdUlSV2lKYVA5elY4Zjh1Z1JrNi1ZWlhYaFlma09JcEJVZnUzYlpuU1NJbC1NZUxoN0F6d29yb1BUNWZBRHAxLXZGU0M1Vzk3bGhQR3B6ZktIQ03SAZMBQVVfeXFMTTJhamtWNURlQnlHWW5DTGFoT3RLMU1YaTQwMm9JQWVORWRJbWdtZElFSTJVUVdoRktLZldQYzZTLVY0ZEJSWGh5c2Jab1BwY0dmZmdnRjVUVHAxSE5URm5Zc3NiZE82NU9kUUpKRGc2NVlkVmhUU0JMNUNZWjdfNHd0QWpTNjlJVlBFNW5nRnhYdVpJ?oc=5\" target=\"_blank\" rel=\"nofollow noopener\">La Vuelta 2025 ser\u00e1 tambi\u00e9n recordada por la ausencia de espa\u00f1oles en los puestos de privilegio<\/a>&nbsp;&nbsp;RTVE.es<\/li>\n<li><a href=\"https:\/\/news.google.com\/rss\/articles\/CBMiakFVX3lxTE00WWpIN1pNSXFuTERxYXBQMWQyblRlb1VFdmROSHVvWXhPXzVCRVkwUXJBVFh4Zkc5LURQSllkY01xTGdTWmp1bEhoVzkxX1UySjZqdzFFX3paN2FJOUZyazNrdUhLZEtuanc?oc=5\" target=\"_blank\" rel=\"nofollow noopener\">Los ciclistas espa\u00f1oles completan su peor Vuelta a Espa\u00f1a de la historia<\/a>&nbsp;&nbsp;Ciclismo<\/li>\n<li><a href=\"https:\/\/news.google.com\/rss\/articles\/CBMilgJBVV95cUxQMzg4U3VVdkVuczd6bU8wX1JfNUREcFRxLTcyV2JpaWFWOUh2dDJkTF9RUkFZTGp2WFFwU2lIQU5XMTRPQzhfaTg2RXFqNE5Zc3ZYT3g5eFJ0eEhjeERWWDBNdW9Nejc5QXgzZVZ6ek55UXZjU2hOZlZmaWdORHlPaW81UmxMT1NyRGVOLWcyTzVfaUcxNklNUkNqN2daeHJlMGZnYi0ycGZRUDEzWGE0SWlJd2YxcWhVU290NU1SUjd1dUd5V21fTlRDZDN2WWRRZkJQenZwNTM5cUp4Y29tVnBEaXpGVWhEaVpUQ3N6ek1pZG9QR2EyVW42RkpQVTYtNm1qUlV6ZGh5UWNOYnZENlRoN3VCQQ?oc=5\" target=\"_blank\" rel=\"nofollow noopener\">La &#8216;savia nueva&#8217; espa\u00f1ola pide paso tras una Vuelta tan dura como esperanzadora<\/a>&nbsp;&nbsp;Eurosport<\/li>\n<li><a href=\"https:\/\/news.google.com\/rss\/articles\/CBMisAFBVV95cUxPQzNSN0F4MXdBX1ExdDhNTjhmRXd2Z2lMbFpMN3dESkg3SmtMQnZyLU9ab3VhSnU1WWY4aDF4VDN2QmNmcTZWNF96QzB6T2dCcGItMFQxTEVtTzRpeWtKeEZ6dEF5RkFmVVI2blY4dV8wQkFPTURnS0V5REVoS1ZDUkZwbVdWb2cxd2xEUDZsVHhQZFdzLU5zUmE1TkJaeTNXMVNDLVdlaVlFOUtNRUlwMNIBsAFBVV95cUxNRlZJTkxDU3gtWm9GYU5kWGYwRWdzUTV0Qy1TZTFwY1VmbU11S3hRSi1JNGdmcnROem1vYXJiUm5MQlNoUzlBVGM1RDdBSjNmVXExLXlBWHVkT2JVbXRFS1M0Y0VZWmRiTE11SzFaZEtrVTlyX0RrUnlISWlhOEVXMjVpWUdBdVV3Q1h0cEdWck8xM1Z0dDJya2VPUy1XMGNpbnlZb1YyQ2w1Z1ZsUkhIYg?oc=5\" target=\"_blank\" rel=\"nofollow noopener\">As\u00ed qued\u00f3 la Clasificaci\u00f3n General de La Vuelta a Espa\u00f1a 2025<\/a>&nbsp;&nbsp;MARCA<\/li>\n<\/ol>\n","protected":false},"excerpt":{"rendered":"Los espa\u00f1oles: peor clasificados que en el a\u00f1o de la despedida de Indurain&nbsp;&nbsp;El Mundo La Vuelta 2025 ser\u00e1&hellip;\n","protected":false},"author":2,"featured_media":116485,"comment_status":"","ping_status":"","sticky":false,"template":"","format":"standard","meta":{"footnotes":""},"categories":[273],"tags":[313,312,168,33229,25,24,2945,23,167,5411],"class_list":{"0":"post-116484","1":"post","2":"type-post","3":"status-publish","4":"format-standard","5":"has-post-thumbnail","7":"category-ciclismo","8":"tag-ciclismo","9":"tag-cycling","10":"tag-deportes","11":"tag-deportes-ciclismo-vuelta-a-espana","12":"tag-es","13":"tag-espana","14":"tag-jonas-vingegaard","15":"tag-spain","16":"tag-sports","17":"tag-vuelta-a-espana"},"share_on_mastodon":{"url":"","error":""},"_links":{"self":[{"href":"https:\/\/www.europesays.com\/es\/wp-json\/wp\/v2\/posts\/116484","targetHints":{"allow":["GET"]}}],"collection":[{"href":"https:\/\/www.europesays.com\/es\/wp-json\/wp\/v2\/posts"}],"about":[{"href":"https:\/\/www.europesays.com\/es\/wp-json\/wp\/v2\/types\/post"}],"author":[{"embeddable":true,"href":"https:\/\/www.europesays.com\/es\/wp-json\/wp\/v2\/users\/2"}],"replies":[{"embeddable":true,"href":"https:\/\/www.europesays.com\/es\/wp-json\/wp\/v2\/comments?post=116484"}],"version-history":[{"count":0,"href":"https:\/\/www.europesays.com\/es\/wp-json\/wp\/v2\/posts\/116484\/revisions"}],"wp:featuredmedia":[{"embeddable":true,"href":"https:\/\/www.europesays.com\/es\/wp-json\/wp\/v2\/media\/116485"}],"wp:attachment":[{"href":"https:\/\/www.europesays.com\/es\/wp-json\/wp\/v2\/media?parent=116484"}],"wp:term":[{"taxonomy":"category","embeddable":true,"href":"https:\/\/www.europesays.com\/es\/wp-json\/wp\/v2\/categories?post=116484"},{"taxonomy":"post_tag","embeddable":true,"href":"https:\/\/www.europesays.com\/es\/wp-json\/wp\/v2\/tags?post=116484"}],"curies":[{"name":"wp","href":"https:\/\/api.w.org\/{rel}","templated":true}]}}