{"id":116486,"date":"2025-09-15T11:21:16","date_gmt":"2025-09-15T11:21:16","guid":{"rendered":"https:\/\/www.europesays.com\/es\/116486\/"},"modified":"2025-09-15T11:21:16","modified_gmt":"2025-09-15T11:21:16","slug":"la-fia-deja-sin-efecto-la-sancion-a-carlos-sainz-por-el-incidente-con-liam-lawson","status":"publish","type":"post","link":"https:\/\/www.europesays.com\/es\/116486\/","title":{"rendered":"La FIA deja sin efecto la sanci\u00f3n a Carlos Sainz por el incidente con Liam Lawson"},"content":{"rendered":"<p>La <strong>impugnaci\u00f3n de la escuder\u00eda Williams<\/strong> sobre la sanci\u00f3n impuesta a Carlos Sainz durante el <strong>Gran Premio de los Pa\u00edses Bajos 2025 en Zandvoort<\/strong> ha sido <strong>estimada<\/strong>.<\/p>\n<p>\u00a0<\/p>\n<p>Los comisarios de la <strong>FIA decidieron anular la penalizaci\u00f3n de 10 segundos<\/strong> que hab\u00eda recibido el piloto espa\u00f1ol tras su colisi\u00f3n con Liam Lawson de Racing Bulls, ocurrida al final de la vuelta 26.<\/p>\n<p>\u00a0<\/p>\n<p>El pasado <strong>31 de agosto<\/strong>, la escuder\u00eda solicit\u00f3 formalmente la <strong>revisi\u00f3n del caso contra Sainz<\/strong>. La audiencia se llev\u00f3 a cabo el <strong>viernes 12 de septiembre<\/strong>, con la participaci\u00f3n de representantes de Williams mediante videoconferencia.<\/p>\n<p>\u00a0<\/p>\n<p>La <strong>FIA<\/strong>, en un comunicado, explic\u00f3 que el objetivo inicial de la audiencia era determinar si exist\u00eda un <strong>\u201celemento nuevo, significativo y relevante\u201d<\/strong> que no estuviera disponible en el momento de la decisi\u00f3n original. Williams cumpli\u00f3 con este requisito al aportar <strong>im\u00e1genes de una c\u00e1mara 360\u00b0 a bordo del coche de Sainz<\/strong>, lo que permiti\u00f3 reconsiderar el incidente.<\/p>\n<p>\u00a0<\/p>\n<p><img decoding=\"async\" alt=\"[Img #175462]\" class=\"RichTextAlignCenter\" src=\"https:\/\/www.europesays.com\/es\/wp-content\/uploads\/2025\/09\/8508_81520252746.jpg\"\/><\/p>\n<p>\u00a0<\/p>\n<p>Tras evaluar las pruebas, los comisarios <strong>revocaron la decisi\u00f3n inicial<\/strong> y catalogaron la colisi\u00f3n entre Sainz y Lawson como un <strong>incidente de carrera<\/strong>. En el documento oficial se lee que, <strong>\u201cNing\u00fan piloto fue total o predominantemente responsable\u201d<\/strong>, y, aunque, Sainz asumi\u00f3 un riesgo al pelear rueda a rueda, no fue de manera culpable.<\/p>\n<p>\u00a0<\/p>\n<p>Aunque la <strong>penalizaci\u00f3n de 10 segundos ya ha sido cumplida<\/strong>, <strong>Sainz ha recuperado los dos puntos de penalizaci\u00f3n<\/strong> que hab\u00edan sido a\u00f1adidos a su superlicencia.<\/p>\n<p>\u00a0<\/p>\n","protected":false},"excerpt":{"rendered":"La impugnaci\u00f3n de la escuder\u00eda Williams sobre la sanci\u00f3n impuesta a Carlos Sainz durante el Gran Premio de&hellip;\n","protected":false},"author":2,"featured_media":116487,"comment_status":"","ping_status":"","sticky":false,"template":"","format":"standard","meta":{"footnotes":""},"categories":[270],"tags":[307,168,25,24,306,2041,271,272,39006,39007,11597,38748,23,167,308,25649],"class_list":{"0":"post-116486","1":"post","2":"type-post","3":"status-publish","4":"format-standard","5":"has-post-thumbnail","7":"category-formula-1","8":"tag-carlos-sainz","9":"tag-deportes","10":"tag-es","11":"tag-espana","12":"tag-f1","13":"tag-fia","14":"tag-formula-1","15":"tag-formula1","16":"tag-gran-premio-paises-bajos-2025","17":"tag-incidente-de-carrera","18":"tag-liam-lawson","19":"tag-sancion-anulada","20":"tag-spain","21":"tag-sports","22":"tag-williams","23":"tag-zandvoort"},"share_on_mastodon":{"url":"","error":""},"_links":{"self":[{"href":"https:\/\/www.europesays.com\/es\/wp-json\/wp\/v2\/posts\/116486","targetHints":{"allow":["GET"]}}],"collection":[{"href":"https:\/\/www.europesays.com\/es\/wp-json\/wp\/v2\/posts"}],"about":[{"href":"https:\/\/www.europesays.com\/es\/wp-json\/wp\/v2\/types\/post"}],"author":[{"embeddable":true,"href":"https:\/\/www.europesays.com\/es\/wp-json\/wp\/v2\/users\/2"}],"replies":[{"embeddable":true,"href":"https:\/\/www.europesays.com\/es\/wp-json\/wp\/v2\/comments?post=116486"}],"version-history":[{"count":0,"href":"https:\/\/www.europesays.com\/es\/wp-json\/wp\/v2\/posts\/116486\/revisions"}],"wp:featuredmedia":[{"embeddable":true,"href":"https:\/\/www.europesays.com\/es\/wp-json\/wp\/v2\/media\/116487"}],"wp:attachment":[{"href":"https:\/\/www.europesays.com\/es\/wp-json\/wp\/v2\/media?parent=116486"}],"wp:term":[{"taxonomy":"category","embeddable":true,"href":"https:\/\/www.europesays.com\/es\/wp-json\/wp\/v2\/categories?post=116486"},{"taxonomy":"post_tag","embeddable":true,"href":"https:\/\/www.europesays.com\/es\/wp-json\/wp\/v2\/tags?post=116486"}],"curies":[{"name":"wp","href":"https:\/\/api.w.org\/{rel}","templated":true}]}}