{"id":116492,"date":"2025-09-15T11:24:10","date_gmt":"2025-09-15T11:24:10","guid":{"rendered":"https:\/\/www.europesays.com\/es\/116492\/"},"modified":"2025-09-15T11:24:10","modified_gmt":"2025-09-15T11:24:10","slug":"sydney-sweeney-triunfa-en-la-lista-de-las-mejor-vestidas-de-los-premios-emmy-2025-las-ganadoras","status":"publish","type":"post","link":"https:\/\/www.europesays.com\/es\/116492\/","title":{"rendered":"Sydney Sweeney triunfa en la lista de las mejor vestidas de los Premios Emmy 2025: las ganadoras"},"content":{"rendered":"<p><b>La 77\u00aa edici\u00f3n anual de los premios Emmy<\/b> reuni\u00f3 este domingo, madrugada del lunes en Espa\u00f1a, a los nombres m\u00e1s importantes de la televisi\u00f3n en el Teatro Peacock de Los \u00c1ngeles. Sydney Sweeney, de 28 a\u00f1os, rein\u00f3 en la noche con un vestido rojo intenso de Oscar de la Renta con gran escote. La estrella de Euphoria complement\u00f3 su deslumbrante vestido con una impresionante colecci\u00f3n de joyas de Lorraine Schwartz, incluido un collar de diamantes de 120 quilates.<\/p>\n<p>                            <img decoding=\"async\" src=\"https:\/\/www.europesays.com\/es\/wp-content\/uploads\/2025\/09\/0000emmy-1-1-1-1.jpg\" loading=\"lazy\"\/><\/p>\n<p>                            <img decoding=\"async\" src=\"https:\/\/www.europesays.com\/es\/wp-content\/uploads\/2025\/09\/000-emmy-1.jpg\" loading=\"lazy\"\/><\/p>\n<p>La estrella de Mi\u00e9rcoles, <b>Jenna Ortega<\/b>,<b> <\/b>de 22 a\u00f1os, mostr\u00f3 su un look de transparencias, firmado por Givenchy, que inclu\u00eda un top con gemas gruesas de varios colores y una sencilla falda negra con una abertura hasta el muslo. La actriz parec\u00eda homenajear el personaje de Isabella Rossellini en la pel\u00edcula de 1992 La muerte le sienta bien.<\/p>\n<p>                            <img decoding=\"async\" src=\"https:\/\/www.europesays.com\/es\/wp-content\/uploads\/2025\/09\/000-emmy-miercoles-2.jpg\" loading=\"lazy\"\/><\/p>\n<p>                            <img decoding=\"async\" src=\"https:\/\/www.europesays.com\/es\/wp-content\/uploads\/2025\/09\/000-emmy-miercoles-1.jpg\" loading=\"lazy\"\/><\/p>\n<p><b>Selena Gomez<\/b>, de 33 a\u00f1os, con un glamoroso vestido rojo personalizado de<b> Louis Vuitton<\/b>, con su cabello oscuro recogido en un elegante. La actriz estuvo acompa\u00f1ada por su prometido Benny Blanco, de 37 a\u00f1os. Los enamorados se entregaron muestras de afecto, incluso compartiendo un beso en la alfombra roja.<\/p>\n<p>                            <img decoding=\"async\" src=\"https:\/\/www.europesays.com\/es\/wp-content\/uploads\/2025\/09\/000-emmy-selena-3.jpg\" loading=\"lazy\"\/><\/p>\n<p>                            <img decoding=\"async\" src=\"https:\/\/www.europesays.com\/es\/wp-content\/uploads\/2025\/09\/000-emmy-selena-2.jpg\" loading=\"lazy\"\/><\/p>\n<p>                            <img decoding=\"async\" src=\"https:\/\/www.europesays.com\/es\/wp-content\/uploads\/2025\/09\/000-emmy-selena-1.jpg\" loading=\"lazy\"\/><\/p>\n<p>Mientras tanto, la estrella de The White Lotus, <b>Meghann Fahy<\/b>, de 35 a\u00f1os, llam\u00f3 la atenci\u00f3n con un vestido de terciopelo negro pronunciado con una atrevida abertura frontal.<\/p>\n<p>                            <img decoding=\"async\" src=\"https:\/\/www.europesays.com\/es\/wp-content\/uploads\/2025\/09\/000-emmy-eghan-lotus-2.jpg\" loading=\"lazy\"\/><\/p>\n<p>La actriz de Succession,<b> Justine Lupe<\/b>, de 36 a\u00f1os, inaugur\u00f3 la alfombra roja con un revelador vestido halter con espejos de Carolina Herrera. La escultural estrella llam\u00f3 la atenci\u00f3n al no usar sost\u00e9n con su escotado look, que inclu\u00eda discos plateados por todas partes. Llevaba su cabello rubio cayendo en cascada sobre sus hombros y adornado con joyas de plata.<\/p>\n<p>                            <img decoding=\"async\" src=\"https:\/\/www.europesays.com\/es\/wp-content\/uploads\/2025\/09\/000-rmmy-lupe-1-1-1-1.jpg\" loading=\"lazy\"\/><\/p>\n<p><b>Catherine Zeta-Jones<\/b>, de 55 a\u00f1os, aport\u00f3 dramatismo con un vestido negro sin tirantes y un elaborado cors\u00e9 de encaje negro que se transform\u00f3 en una falda negra brillante.<\/p>\n<p>                            <img decoding=\"async\" src=\"https:\/\/www.europesays.com\/es\/wp-content\/uploads\/2025\/09\/000-emmy-catherine-1.jpg\" loading=\"lazy\"\/><\/p>\n<p><b>Scarlett Johansson<\/b>, de 40 a\u00f1os, luci\u00f3 sensacional con un elegante vestido amarillo p\u00e1lido sin mangas de Prada, con un amplio fruncido. La acompa\u00f1\u00f3 su esposo, Colin Jost, quien luci\u00f3 un elegante esmoquin negro.<\/p>\n<p>                            <img decoding=\"async\" src=\"https:\/\/www.europesays.com\/es\/wp-content\/uploads\/2025\/09\/000-emmy-scarlett-1.jpg\" loading=\"lazy\"\/><\/p>\n<p><b>Cate Blanchett<\/b>, de 56 a\u00f1os, hizo alarde de su estilo atrevido, luciendo un mono de terciopelo negro con hombros claramente estructurados.<\/p>\n<p>                            <img decoding=\"async\" src=\"https:\/\/www.europesays.com\/es\/wp-content\/uploads\/2025\/09\/000-emmy-cate-22.jpg\" loading=\"lazy\"\/><\/p>\n<p>                            <img decoding=\"async\" src=\"https:\/\/www.europesays.com\/es\/wp-content\/uploads\/2025\/09\/000-emmy-cate-1.jpg\" loading=\"lazy\"\/><\/p>\n<p><b>Aimee Lou Wood<\/b>, de 31 a\u00f1os, luc\u00eda deslumbrante con un vestido de sat\u00e9n rosa p\u00e1lido y rojo, que presentaba un escote de coraz\u00f3n con tela roja que se asomaba por la parte superior de las copas rosas, as\u00ed como una larga cola.<\/p>\n<p>                            <img decoding=\"async\" src=\"https:\/\/www.europesays.com\/es\/wp-content\/uploads\/2025\/09\/000-emmy-aimeeee-6.jpg\" loading=\"lazy\"\/><\/p>\n<p>                            <img decoding=\"async\" src=\"https:\/\/www.europesays.com\/es\/wp-content\/uploads\/2025\/09\/000-emmy-aimeeee3.jpg\" loading=\"lazy\"\/><\/p>\n<p>Aimee hizo una poderosa declaraci\u00f3n con y coloc\u00f3 un pin de alto el fuego en su vestido en solidaridad con los afectados por el conflicto en Gaza.<\/p>\n<p>                            <img decoding=\"async\" src=\"https:\/\/www.europesays.com\/es\/wp-content\/uploads\/2025\/09\/000-emmy-lotus-aimee.jpg\" loading=\"lazy\"\/><\/p>\n<p>La estrella de Gossip Girl, <b>Leighton Meester<\/b>, de 39 a\u00f1os, luci\u00f3 un vestido de Prada con aberturas laterales. La acompa\u00f1\u00f3 su esposo, Adam Brody.<\/p>\n<p>                            <img decoding=\"async\" src=\"https:\/\/www.europesays.com\/es\/wp-content\/uploads\/2025\/09\/000-emmy-leighton-1.jpg\" loading=\"lazy\"\/><\/p>\n<p><b>Michelle Williams<\/b>, de 45 a\u00f1os, nominada por Dying for sex, luci\u00f3 un rom\u00e1ntico vestido de Chanel en color blanco de un solo tirante.<\/p>\n<p>                            <img decoding=\"async\" src=\"https:\/\/www.europesays.com\/es\/wp-content\/uploads\/2025\/09\/770x_michelle-emmy.jpg\" loading=\"lazy\"\/><\/p>\n<p><b>Michelle Monaghan<\/b>, de la serie The White Lotus, de 49 a\u00f1os, se lanz\u00f3 al brillo total con este vestido de acabado met\u00e1lico, a juego con su bolso.<\/p>\n<p>                            <img decoding=\"async\" src=\"https:\/\/www.europesays.com\/es\/wp-content\/uploads\/2025\/09\/770x_michell-monagan-emmy.jpg\" loading=\"lazy\"\/><\/p>\n<p><b>El actor Pedro Pascal<\/b>, de 50 a\u00f1os, con una candidatura por The Last of Us, opt\u00f3 por un sastre en color blanco roto, con americana de solapa cruzada y sin corbata, lo que relajaba mucho su elecci\u00f3n.<\/p>\n<p>                            <img decoding=\"async\" src=\"https:\/\/www.europesays.com\/es\/wp-content\/uploads\/2025\/09\/770x_pedro-pascal-emmy.jpg\" loading=\"lazy\"\/><\/p>\n<p>WhatsApp<a href=\"https:\/\/api.whatsapp.com\/send?text=https:\/\/www.eleconomista.es\/informalia\/television\/noticias\/13545110\/09\/25\/sydney-sweeney-triunfa-en-la-lista-de-las-mejor-vestidas-de-los-premios-emmy-2025-las-ganadoras.html?utm_source%3Dwhatsapp%26utm_medium%3Dshare_button&amp;id=1648118629957_whatsapp\" target=\"_blank\" data-action=\"share\/whatsapp\/share\" aria-label=\"Compartir en Whatsapp\" rel=\"nofollow noopener\"><\/a>Facebook<a id=\"fb-share\" href=\"#\" target=\"_blank\" rel=\"noopener noreferrer\" aria-label=\"Compartir en Facebook\"><\/a>Twitter<a href=\"https:\/\/twitter.com\/share?text=Sydney+Sweeney+triunfa+en+la+lista+de+las+mejor+vestidas+de+los+Premios+Emmy+2025%3A+las+ganadoras&amp;url=https:\/\/www.eleconomista.es\/informalia\/television\/noticias\/13545110\/09\/25\/sydney-sweeney-triunfa-en-la-lista-de-las-mejor-vestidas-de-los-premios-emmy-2025-las-ganadoras.html&amp;via=Informalia&amp;id=1648118839245_twitter\" target=\"_blank\" aria-label=\"Compartir en Twitter\" rel=\"nofollow noopener\"><\/a>Linkedin<a onclick=\"return abrirLinkedin();\" href=\"https:\/\/www.linkedin.com\/shareArticle?text=Sydney+Sweeney+triunfa+en+la+lista+de+las+mejor+vestidas+de+los+Premios+Emmy+2025%3A+las+ganadoras&amp;url=https:\/\/www.eleconomista.es\/informalia\/television\/noticias\/13545110\/09\/25\/sydney-sweeney-triunfa-en-la-lista-de-las-mejor-vestidas-de-los-premios-emmy-2025-las-ganadoras.html&amp;mini=true\" target=\"_blank\" aria-label=\"Compartir en linkedin\" rel=\"nofollow noopener\"><\/a>Beloud<a href=\"https:\/\/beloud.com\/share?text=Sydney+Sweeney+triunfa+en+la+lista+de+las+mejor+vestidas+de+los+Premios+Emmy+2025%3A+las+ganadoras&amp;url=https:\/\/www.eleconomista.es\/informalia\/television\/noticias\/13545110\/09\/25\/sydney-sweeney-triunfa-en-la-lista-de-las-mejor-vestidas-de-los-premios-emmy-2025-las-ganadoras.html&amp;via=Informalia&amp;id=1648118839245_beloud\" target=\"_blank\" aria-label=\"Compartir en beloud\" rel=\"nofollow noopener\"><\/a>Bluesky<a href=\"https:\/\/bsky.app\/intent\/compose?text=https:\/\/bsky.app\/intent\/compose?text=https:\/\/www.eleconomista.es\/informalia\/television\/noticias\/13545110\/09\/25\/sydney-sweeney-triunfa-en-la-lista-de-las-mejor-vestidas-de-los-premios-emmy-2025-las-ganadoras.html&amp;url=https:\/\/www.eleconomista.es\/informalia\/television\/noticias\/13545110\/09\/25\/sydney-sweeney-triunfa-en-la-lista-de-las-mejor-vestidas-de-los-premios-emmy-2025-las-ganadoras.html&amp;via=elEconomistaes&amp;id=1648118839245_bluesky\" target=\"_blank\" aria-label=\"Compartir en bluesky\" rel=\"nofollow noopener\"><\/a><\/p>\n<p><script async src=\"https:\/\/platform.twitter.com\/widgets.js\" charset=\"utf-8\"><\/script><\/p>\n","protected":false},"excerpt":{"rendered":"La 77\u00aa edici\u00f3n anual de los premios Emmy reuni\u00f3 este domingo, madrugada del lunes en Espa\u00f1a, a los&hellip;\n","protected":false},"author":2,"featured_media":116493,"comment_status":"","ping_status":"","sticky":false,"template":"","format":"standard","meta":{"footnotes":""},"categories":[174],"tags":[255,146,147,25,24,256,23,807],"class_list":{"0":"post-116492","1":"post","2":"type-post","3":"status-publish","4":"format-standard","5":"has-post-thumbnail","7":"category-famosos","8":"tag-celebrities","9":"tag-entertainment","10":"tag-entretenimiento","11":"tag-es","12":"tag-espana","13":"tag-famosos","14":"tag-spain","15":"tag-television"},"share_on_mastodon":{"url":"","error":""},"_links":{"self":[{"href":"https:\/\/www.europesays.com\/es\/wp-json\/wp\/v2\/posts\/116492","targetHints":{"allow":["GET"]}}],"collection":[{"href":"https:\/\/www.europesays.com\/es\/wp-json\/wp\/v2\/posts"}],"about":[{"href":"https:\/\/www.europesays.com\/es\/wp-json\/wp\/v2\/types\/post"}],"author":[{"embeddable":true,"href":"https:\/\/www.europesays.com\/es\/wp-json\/wp\/v2\/users\/2"}],"replies":[{"embeddable":true,"href":"https:\/\/www.europesays.com\/es\/wp-json\/wp\/v2\/comments?post=116492"}],"version-history":[{"count":0,"href":"https:\/\/www.europesays.com\/es\/wp-json\/wp\/v2\/posts\/116492\/revisions"}],"wp:featuredmedia":[{"embeddable":true,"href":"https:\/\/www.europesays.com\/es\/wp-json\/wp\/v2\/media\/116493"}],"wp:attachment":[{"href":"https:\/\/www.europesays.com\/es\/wp-json\/wp\/v2\/media?parent=116492"}],"wp:term":[{"taxonomy":"category","embeddable":true,"href":"https:\/\/www.europesays.com\/es\/wp-json\/wp\/v2\/categories?post=116492"},{"taxonomy":"post_tag","embeddable":true,"href":"https:\/\/www.europesays.com\/es\/wp-json\/wp\/v2\/tags?post=116492"}],"curies":[{"name":"wp","href":"https:\/\/api.w.org\/{rel}","templated":true}]}}