{"id":116494,"date":"2025-09-15T11:25:06","date_gmt":"2025-09-15T11:25:06","guid":{"rendered":"https:\/\/www.europesays.com\/es\/116494\/"},"modified":"2025-09-15T11:25:06","modified_gmt":"2025-09-15T11:25:06","slug":"lo-primero-que-tiraria-de-un-salon-son-los-mil-millones-de-adornos-que-pone-la-gente-en-el-mueble-de-la-television-adios-fotos-de-la-familia","status":"publish","type":"post","link":"https:\/\/www.europesays.com\/es\/116494\/","title":{"rendered":"\u201cLo primero que tirar\u00eda de un sal\u00f3n son los mil millones de adornos que pone la gente en el mueble de la televisi\u00f3n. Adi\u00f3s fotos de la familia\u201d"},"content":{"rendered":"<p>Llega el oto\u00f1o y es buena idea revisar la <strong>decoraci\u00f3n del sal\u00f3n<\/strong> para transformarlo en un espacio m\u00e1s agradable y actual. Para no dar palos de ciego, le hemos preguntado a la interiorista Virginia S\u00e1nchez qu\u00e9 se debe evitar. Su recomendaci\u00f3n: huir de<strong> productos que no sean sostenibles y no pasarse con los recuerdos personales. <\/strong>Concretamente, recomienda <a href=\"https:\/\/www.revistainteriores.es\/ideas-casa\/marta-llorente-interiorista-estanteria-vitrina-libreria-salon_11196\" rel=\"nofollow noopener\" target=\"_blank\">prescindir de las fotos familiares en el mueble de la televisi\u00f3n<\/a>\u00a0y de alfombras que imitan pieles animales y colchas de pelo sint\u00e9tico. \u201cEn su lugar, es mejor elegir una alfombra de pl\u00e1stico reciclado, que parecen 100 % de lana y que son hipoalerg\u00e9nicas, limpias y ecol\u00f3gicas\u201d, dice. \u00bfQuieres saber de qu\u00e9 otras cosas del sal\u00f3n deber\u00edas ir deshaci\u00e9ndote a la voz de ya?<\/p>\n<p>&#13;<\/p>\n<p>My Player placeholder<\/p>\n<p>\u00bfNecesitas inspiraci\u00f3n para darle una vida nueva a tu cocina blanca? \u00a1Haz clic en el v\u00eddeo y toma nota de estas elegantes ideas!<\/p>\n<p class=\"by\">Interiores<\/p>\n<p>10 cocinas blancas con grandes ideas <\/p>\n","protected":false},"excerpt":{"rendered":"Llega el oto\u00f1o y es buena idea revisar la decoraci\u00f3n del sal\u00f3n para transformarlo en un espacio m\u00e1s&hellip;\n","protected":false},"author":2,"featured_media":116495,"comment_status":"","ping_status":"","sticky":false,"template":"","format":"standard","meta":{"footnotes":""},"categories":[173],"tags":[229,233,231,230,232,234,146,147,25,24,23],"class_list":{"0":"post-116494","1":"post","2":"type-post","3":"status-publish","4":"format-standard","5":"has-post-thumbnail","7":"category-arte-y-diseno","8":"tag-arte","9":"tag-arte-y-diseno","10":"tag-arts","11":"tag-arts-and-design","12":"tag-design","13":"tag-diseno","14":"tag-entertainment","15":"tag-entretenimiento","16":"tag-es","17":"tag-espana","18":"tag-spain"},"share_on_mastodon":{"url":"","error":""},"_links":{"self":[{"href":"https:\/\/www.europesays.com\/es\/wp-json\/wp\/v2\/posts\/116494","targetHints":{"allow":["GET"]}}],"collection":[{"href":"https:\/\/www.europesays.com\/es\/wp-json\/wp\/v2\/posts"}],"about":[{"href":"https:\/\/www.europesays.com\/es\/wp-json\/wp\/v2\/types\/post"}],"author":[{"embeddable":true,"href":"https:\/\/www.europesays.com\/es\/wp-json\/wp\/v2\/users\/2"}],"replies":[{"embeddable":true,"href":"https:\/\/www.europesays.com\/es\/wp-json\/wp\/v2\/comments?post=116494"}],"version-history":[{"count":0,"href":"https:\/\/www.europesays.com\/es\/wp-json\/wp\/v2\/posts\/116494\/revisions"}],"wp:featuredmedia":[{"embeddable":true,"href":"https:\/\/www.europesays.com\/es\/wp-json\/wp\/v2\/media\/116495"}],"wp:attachment":[{"href":"https:\/\/www.europesays.com\/es\/wp-json\/wp\/v2\/media?parent=116494"}],"wp:term":[{"taxonomy":"category","embeddable":true,"href":"https:\/\/www.europesays.com\/es\/wp-json\/wp\/v2\/categories?post=116494"},{"taxonomy":"post_tag","embeddable":true,"href":"https:\/\/www.europesays.com\/es\/wp-json\/wp\/v2\/tags?post=116494"}],"curies":[{"name":"wp","href":"https:\/\/api.w.org\/{rel}","templated":true}]}}