{"id":116496,"date":"2025-09-15T11:26:08","date_gmt":"2025-09-15T11:26:08","guid":{"rendered":"https:\/\/www.europesays.com\/es\/116496\/"},"modified":"2025-09-15T11:26:08","modified_gmt":"2025-09-15T11:26:08","slug":"el-francotirador-finlandes-que-mato-a-mas-de-500-sovieticos-y-ahora-tiene-libro-superventas","status":"publish","type":"post","link":"https:\/\/www.europesays.com\/es\/116496\/","title":{"rendered":"El francotirador finland\u00e9s que mat\u00f3 a m\u00e1s de 500 sovi\u00e9ticos (y ahora tiene libro superventas)"},"content":{"rendered":"\n<p> \u00abDurante mucho tiempo, <strong><a href=\"https:\/\/www.elconfidencial.com\/tags\/lugares\/finlandia-8886\/\" target=\"_blank\" rel=\"nofollow noopener\">Finlandia <\/a>perteneci\u00f3 a otros.<\/strong> Durante siglos, form\u00f3 parte del reino de <strong>Suecia<\/strong>. Y durante un siglo m\u00e1s, pas\u00f3 a estar bajo la soberan\u00eda de Rusia, tuvo que esperar hasta 1917 para lograr su independencia. En 1939, el pa\u00eds ten\u00eda veintid\u00f3s a\u00f1os. Con veintid\u00f3s a\u00f1os no se es un hombre, mucho menos una naci\u00f3n. En una tormenta de plomo y de fuego, el<strong> Ej\u00e9rcito Rojo de Stalin<\/strong>, el m\u00e1s grande del mundo, se despleg\u00f3 en este pa\u00eds neutro y mal armado en un conflicto que la<strong> historia dar\u00eda en llamar la Guerra de Invierno<\/strong>\u00ab. <\/p>\n<p> Es este el comienzo de  Los guerreros del invierno (Istoria, Grupo Planeta)<strong>, novela de Olivier Norek <\/strong>publicada en nuestro pa\u00eds el pasado 10 de septiembre, que ha sido una aut\u00e9ntica sensaci\u00f3n en Francia (ha vendido m\u00e1s de 300.000 ejemplares y ha sido seleccionada para el <strong>prestigioso Premio Goncourt<\/strong>). Lo dice su propio autor \u2014el cual, antes de convertirse en escritor, fue teniente en el <strong>departamento judicial de Sena Saint-Denis<\/strong>\u2014, aunque es una novela, los di\u00e1logos provienen de archivos y ning\u00fan hecho armado o an\u00e9cdota han sido inventados. Norek ha decidido relatar, por tanto, una historia de guerra de un pa\u00eds diminuto y otro gigantesco que se enfrentaron en <strong>aquella conocida como<\/strong><a href=\"https:\/\/es.wikipedia.org\/wiki\/Guerra_de_Invierno\" target=\"_blank\" rel=\"nofollow noopener\"> Guerra de Invierno,<\/a> cuando las tropas sovi\u00e9ticas encontraron un adversario mucho m\u00e1s s\u00f3lido de lo que esperaban. <\/p>\n<p class=\"bodyObject bodyBlockquote\">En aquella conocida como Guerra de Invierno, las tropas sovi\u00e9ticas encontraron un adversario mucho m\u00e1s s\u00f3lido de lo que esperaban<\/p>\n<p> Ah\u00ed es donde entra la <strong>fascinante figura de Simo H\u00e4yh\u00e4.<\/strong> Pero, \u00bfqui\u00e9n fue? <\/p>\n<p> Simo H\u00e4yh\u00e4, nacido el 17 de diciembre de 1905 en <strong>Rautj\u00e4rvi<\/strong> (peque\u00f1o pueblo finland\u00e9s cerca de la frontera con Rusia) fue antes de nada un pastor m\u00e1s, como tantos, de esas fr\u00edas llanuras en las que se cri\u00f3, y que le sirvieron para desarrollar las<strong> habilidades que en el futuro le ser\u00edan tan \u00fatiles. <\/strong>A los 19 a\u00f1os cumpli\u00f3 con el servicio militar obligatorio, donde descubrir\u00eda la pasi\u00f3n y el talento que le convertir\u00edan en una leyenda: el tiro. <\/p>\n<p>               Simo H\u00e4yh\u00e4 con un rifle modelo 28. (Finnish Military Services)             <\/p>\n<p> Porque el que una vez fue pastor se convirti\u00f3 m\u00e1s adelante en el m\u00e1s mort\u00edfero <a href=\"https:\/\/www.elconfidencial.com\/mundo\/2022-03-23\/francotirador-canadiense-wali-guerra-ucrania-rusia_3396356\/\" target=\"_blank\" rel=\"nofollow noopener\">adversario de los sovi\u00e9ticos. <\/a>No med\u00eda m\u00e1s de metro y medio, pera era temible. Gracias a su destreza para camuflarse en la nieve y a su impresionante punter\u00eda, H\u00e4yh\u00e4 ser\u00eda despu\u00e9s conocido como \u00abLa muerte Blanca\u00bb. <strong>Un h\u00e9roe para los finlandeses.<\/strong> Y tambi\u00e9n el mejor francotirador de la historia. La vida en el campo le hab\u00eda ense\u00f1ado a esquiar y cazar, dos habilidades que le sirvieron para sobrevivir ante el ej\u00e9rcito de Stalin. Seg\u00fan cuentan, su precisi\u00f3n era tal que pod\u00eda acertar a disparar el mismo objeto desde una distancia de 150 metros y hasta 16 veces por minuto. A veces consegu\u00eda<strong> eliminar a sus objetivos<\/strong> hasta a 300 metros de distancia. <\/p>\n<p> La resurrecci\u00f3n literaria de este mito por parte de su autor responde a su propio inter\u00e9s por una confrontaci\u00f3n incre\u00edblemente asim\u00e9trica y, por tanto, muy impactante. <strong>Frente a la maquinaria de guerra sovi\u00e9tica<\/strong>, los finlandeses solo pudieron combatir con el ingenio de sus soldados campesinos. Norek ha decidido rescatar un episodio poco <strong>conocido de la<a href=\"https:\/\/www.elconfidencial.com\/tags\/otros\/segunda-guerra-mundial-8391\/\" target=\"_blank\" rel=\"nofollow noopener\"> Segunda Guerra Mundial<\/a> <\/strong>para luchar contra la visi\u00f3n euroc\u00e9ntrica de la historia. Adem\u00e1s, orquesta la narrativa de manera coral y no con una \u00fanica voz o un narrador omnisciente tradicional, con la idea de dar un enfoque que ayude a entender la complejidad del conflicto en una guerra fragmentada y compuesta por m\u00faltiples microbatallas. <\/p>\n<p class=\"bodyObject bodyBlockquote\">A veces consegu\u00eda eliminar a sus objetivos hasta a 300 metros de distancia<\/p>\n<p> En el caso de H\u00e4yh\u00e4, sirvi\u00f3 como francotirador del<strong> Ej\u00e9rcito Finland\u00e9s en la 6\u00aa Compa\u00f1\u00eda de JR 34 en el R\u00edo Kollaa. <\/strong>Utilizaba la mira de hierro en lugar de miras telesc\u00f3picas con la idea de convertirse en un blanco m\u00e1s peque\u00f1o para los enemigos. El resto de tiradores sol\u00edan usar miras telesc\u00f3picas y con ellas deb\u00edan (y deben) levantar la cabeza para obtener mayor estabilidad. Adem\u00e1s, estos francotiradores eran frecuentemente delatados por el reflejo del sol en las lentes de esas miras que, adem\u00e1s, por las bajas temperaturas se empa\u00f1aban y romp\u00edan con facilidad. La historia cuenta que el antiguo pastor logr\u00f3 matar a m\u00e1s de <strong>quinientos soldados sovi\u00e9ticos durante la guerra.<\/strong> <\/p>\n<p>                   Cubierta de &#8216;Los guerreros de invierno&#8217;. (istoria)             <\/p>\n<p> Pero no era indestructible. Un 6 de enero de 1940, una bala explosiva alcanz\u00f3 el rostro de H\u00e4yh\u00e4, desfigur\u00e1ndole la cara y dej\u00e1ndole en coma durante una semana. Cuando despert\u00f3, la guerra hab\u00eda terminado y finalmente Finlandia hab\u00eda tenido que ceder territorio a la <strong>inconmensurable Uni\u00f3n Sovi\u00e9tica.<\/strong> Por su parte, el francotirador necesit\u00f3 26 cirug\u00edas para reconstruir su rostro, que qued\u00f3 marcado para siempre con cicatrices (no solo f\u00edsicas). Tras la guerra, volvi\u00f3 a su anterior vida como cazador y criador de perros. Falleci\u00f3 en 2002. <\/p>\n<p> \u00abAlgunas historias te encuentran y no te dan otra opci\u00f3n que contarlas\u00bb, explic\u00f3 el propio autor. \u00abYo me cruc\u00e9 con la de Simo H\u00e4yha hace una d\u00e9cada, y desde ese momento sab\u00eda que un d\u00eda seguir\u00eda sus pasos\u00bb. Norek ha decidido representar al finland\u00e9s no como un h\u00e9roe, sino como<strong> un ser humano con claroscuros<\/strong>, que se mantiene en todo momento en una zona de<a href=\"https:\/\/www.elconfidencial.com\/espana\/2024-09-27\/justicia-reconoce-francotirador-incapacidad-trastorno-mental-irak_3971152\/\" target=\"_blank\" rel=\"nofollow noopener\"> incertidumbre moral.<\/a> <\/p>\n<p> Adem\u00e1s de haberse convertido en uno de los <strong>\u00e9xitos literarios de 2024<\/strong> (fue el a\u00f1o pasado cuando se public\u00f3 en Francia), ya se sabe que la novela ser\u00e1 adaptada al cine por<strong> Dimitri Rassam,<\/strong> productor de los recientes<a href=\"https:\/\/www.elconfidencial.com\/cultura\/2024-08-10\/conde-montecristo-peliculas-version-2024_3939269\/\" target=\"_blank\" rel=\"nofollow noopener\"> El Conde de Montecristo<\/a> y Los Tres Mosqueteros. La adaptaci\u00f3n coincide con varios proyectos relacionados con el universo de Olivier Norek, cuyas novelas suelen ser policiacas y <strong>abordan temas pol\u00edticos y sociales.<\/strong> <\/p>\n<p> \u00abDurante mucho tiempo, <strong><a href=\"https:\/\/www.elconfidencial.com\/tags\/lugares\/finlandia-8886\/\" target=\"_blank\" rel=\"nofollow noopener\">Finlandia <\/a>perteneci\u00f3 a otros.<\/strong> Durante siglos, form\u00f3 parte del reino de <strong>Suecia<\/strong>. Y durante un siglo m\u00e1s, pas\u00f3 a estar bajo la soberan\u00eda de Rusia, tuvo que esperar hasta 1917 para lograr su independencia. En 1939, el pa\u00eds ten\u00eda veintid\u00f3s a\u00f1os. Con veintid\u00f3s a\u00f1os no se es un hombre, mucho menos una naci\u00f3n. En una tormenta de plomo y de fuego, el<strong> Ej\u00e9rcito Rojo de Stalin<\/strong>, el m\u00e1s grande del mundo, se despleg\u00f3 en este pa\u00eds neutro y mal armado en un conflicto que la<strong> historia dar\u00eda en llamar la Guerra de Invierno<\/strong>\u00ab. <\/p>\n","protected":false},"excerpt":{"rendered":"\u00abDurante mucho tiempo, Finlandia perteneci\u00f3 a otros. Durante siglos, form\u00f3 parte del reino de Suecia. Y durante un&hellip;\n","protected":false},"author":2,"featured_media":116497,"comment_status":"","ping_status":"","sticky":false,"template":"","format":"standard","meta":{"footnotes":""},"categories":[172],"tags":[224,146,147,25,24,225,23],"class_list":{"0":"post-116496","1":"post","2":"type-post","3":"status-publish","4":"format-standard","5":"has-post-thumbnail","7":"category-libros","8":"tag-books","9":"tag-entertainment","10":"tag-entretenimiento","11":"tag-es","12":"tag-espana","13":"tag-libros","14":"tag-spain"},"share_on_mastodon":{"url":"","error":""},"_links":{"self":[{"href":"https:\/\/www.europesays.com\/es\/wp-json\/wp\/v2\/posts\/116496","targetHints":{"allow":["GET"]}}],"collection":[{"href":"https:\/\/www.europesays.com\/es\/wp-json\/wp\/v2\/posts"}],"about":[{"href":"https:\/\/www.europesays.com\/es\/wp-json\/wp\/v2\/types\/post"}],"author":[{"embeddable":true,"href":"https:\/\/www.europesays.com\/es\/wp-json\/wp\/v2\/users\/2"}],"replies":[{"embeddable":true,"href":"https:\/\/www.europesays.com\/es\/wp-json\/wp\/v2\/comments?post=116496"}],"version-history":[{"count":0,"href":"https:\/\/www.europesays.com\/es\/wp-json\/wp\/v2\/posts\/116496\/revisions"}],"wp:featuredmedia":[{"embeddable":true,"href":"https:\/\/www.europesays.com\/es\/wp-json\/wp\/v2\/media\/116497"}],"wp:attachment":[{"href":"https:\/\/www.europesays.com\/es\/wp-json\/wp\/v2\/media?parent=116496"}],"wp:term":[{"taxonomy":"category","embeddable":true,"href":"https:\/\/www.europesays.com\/es\/wp-json\/wp\/v2\/categories?post=116496"},{"taxonomy":"post_tag","embeddable":true,"href":"https:\/\/www.europesays.com\/es\/wp-json\/wp\/v2\/tags?post=116496"}],"curies":[{"name":"wp","href":"https:\/\/api.w.org\/{rel}","templated":true}]}}