{"id":116515,"date":"2025-09-15T11:38:20","date_gmt":"2025-09-15T11:38:20","guid":{"rendered":"https:\/\/www.europesays.com\/es\/116515\/"},"modified":"2025-09-15T11:38:20","modified_gmt":"2025-09-15T11:38:20","slug":"al-replasa-beti-onak-se-le-esfuman-dos-puntos","status":"publish","type":"post","link":"https:\/\/www.europesays.com\/es\/116515\/","title":{"rendered":"Al Replasa Beti Onak se le esfuman dos puntos"},"content":{"rendered":"<p>\n        Hay veces que la moneda <strong>cae de cara<\/strong>, como ocurri\u00f3 en el primer partido con el empate in extremis ante el <strong>M\u00e1laga<\/strong>, y otras que directamente<strong> sale cruz<\/strong>. Y as\u00ed ocurri\u00f3 en el partido de este s\u00e1bado en el <strong>Hermanos Indur\u00e1in<\/strong>. El <a href=\"https:\/\/www.noticiasdenavarra.com\/tags\/replasa-beti-onak\/\" title=\"Replasa Beti Onak\" target=\"_blank\" class=\"link copy\" rel=\"nofollow noopener\">Replasa Beti Onak<\/a> dej\u00f3 escapar dos puntos en el tercer partido de Liga, tras <strong>perder por la m\u00ednima (24-25)<\/strong> ante el <strong>Conservas Orbe Zendal BM Porri\u00f1o<\/strong>. Bien es cierto que la motivaci\u00f3n y la intensidad de aquel primer encuentro no se vieron <strong>reflejadas <\/strong>sobre la pista, pero tambi\u00e9n es verdad que al equipo navarro, lastrado a\u00fan por<strong> las lesiones<\/strong>, se le empieza a acumular <strong>el cansancio y la carga f\u00edsica <\/strong>tras un inicio de temporada en el que ya ha disputado<strong> cinco partidos<\/strong> en tan s\u00f3lo<strong> 15 d\u00edas<\/strong>.\n<\/p>\n<p class=\"article-body__text \">\n        Las de <a href=\"https:\/\/www.noticiasdenavarra.com\/tags\/miguel-etxeberria\/\" title=\"Miguel Etxeberria\" target=\"_blank\" class=\"link copy\" rel=\"nofollow noopener\">Miguel Etxeberria<\/a> encarrilaron bien un partido marcado <strong>por la alternancia <\/strong>en su inicio. <strong>Mica Casasola,<\/strong> que se enfrentaba a sus excompa\u00f1eras, est\u00e1 demostrando ser un fichaje de los que <strong>marcan la diferencia<\/strong>. En ataque se mostr\u00f3 efectiva, con sus <strong>lanzamientos endiablados<\/strong> desde el exterior, a la vez que supo responder desde los siete metros. Sus nueve goles lo corroboran.\u00a0\n<\/p>\n<p class=\"article-body__text \">\n        <strong>Adriana Mallo<\/strong>, que regresaba a la que ha sido su casa en las \u00faltimas campa\u00f1as y recibi\u00f3 una <strong>fuerte ovaci\u00f3n,<\/strong> puso en el m.7 por delante al <strong>Porri\u00f1o por primera vez (2-3)<\/strong>. Ser\u00eda una ventaja ef\u00edmera, que tan s\u00f3lo aflorar\u00eda en el desenlace del encuentro, cuando las gallegas remataron el partido.\n<\/p>\n<p class=\"article-body__text \">\n        Con Casasola enchufada en la primera l\u00ednea y <strong>Almudena Guti\u00e9rrez<\/strong> cumpliendo desde el pivote, el <strong>Replasa Beti Onak <\/strong>fue abriendo diferencia (8-5, m.12). Sobre la pista reapareci\u00f3 <strong>Brasil Pereira<\/strong>, que hasta ahora no hab\u00eda podido participar por molestias en la espalda. Etxeberria, poco a poco, <strong>va recuperando efectivos<\/strong>, como ya hiciera con<strong> Laida Urbitarte <\/strong>en la Supercopa.\n<\/p>\n<p class=\"article-photo__footer\">\n            Brasil Pereira, ya recuperada, junto a Carmen Prelchi.            I\u00f1aki Porto        <\/p>\n<p class=\"article-body__text \">\n        Las navarras aprovecharon <strong>la exclusi\u00f3n de Zhukova<\/strong> para irse cuatro arriba (10-6, m.17), lo que oblig\u00f3 a <strong>Ismael Mart\u00ednez<\/strong> a parar el choque. Sin demasiados aspavientos, el Beti dominaba a un Porri\u00f1o que se estrellaba en varias ocasiones con<strong> Patri Encinas<\/strong> bajo los palos y que no pudo evitar irse al descanso con cuatro de desventaja (14-10).\n<\/p>\n<p><strong>REPLASA BETI ONAK  24<\/strong><\/p>\n<p><strong>PORRI\u00d1O  25<\/strong><\/p>\n<p><strong>Replasa Beti Onak (14+10)<\/strong> Patri Encinas (portera), Mica Casasola (9, 2p), Ayel\u00e9n Garc\u00eda (1), Luzia Zamora, Isi Fern\u00e1ndez-Agust\u00ed (1), Maca Sans (4) y Almudena Guti\u00e9rrez (2) \u2013siete inicial\u2013. Olaia Luzuriaga (portera), Aileen Ripa, Elsa Ventura, Ane Zalguizuri (1), Sara Tard\u00edo, Nerea Canas (5, 3p), Brasil Pereira (1), Laida Urbitarte y Alaitz Ripa.<\/p>\n<p><strong>Conservas Orbe Zendal BM Porri\u00f1o (10+15)<\/strong> Ana Bel\u00e9n Palomino (portera), Adriana Mallo (4), Zhukova (2), Paulina P\u00e9rez (4), Carmen Prelchi (1), Manterola (1) y Laguna (3) \u2013siete inicial\u2013. Ferrarin (portera), Bono (6, 3p), Pestana (3), Zsembery, Rial (1), Santos, Alicia Campo y Aroa Fern\u00e1ndez.<\/p>\n<p><strong>Marcador cada cinco minutos<\/strong> 2-1, 5-3, 8-5, 11-7, 12-9 y 14-10 (descanso); 16-11, 18-16, 20-19, 22-21, 22-21 y 24-25 (final).<\/p>\n<p><strong>\u00c1rbitros <\/strong>Miquel Florenza Virgili y Jordi Ausas Busquets (Catalunya). Excluyeron a Almudena Guti\u00e9rrez (2) por las navarras y a Zhukova por las gallegas.<\/p>\n<p><strong>Pabell\u00f3n <\/strong>Hermanos Indur\u00e1in. Unos 900 espectadores.<\/p>\n<p class=\"article-body__text \">\n        El equipo gallego ejerci\u00f3 una<strong> mayor presi\u00f3n defensiva<\/strong> en el segundo acto y, aunque cambi\u00f3 a <strong>Palomino por Ferrain<\/strong> bajo los palos, la primera acabar\u00eda volviendo a pista y amargando a las locales. Con todo, no empez\u00f3 mal la escuadra de Etxeberria, poniendo la<strong> renta m\u00e1xima en cinco goles<\/strong> gracias a un gol de Casasola (15-10).\n<\/p>\n<p class=\"article-body__text \">\n        Sin embargo, el Porri\u00f1o acabar\u00eda por aprovechar los <strong>descuidos y ventajas<\/strong> que le dieron las navarras. Por ejemplo, la primera exclusi\u00f3n de Almudena Guti\u00e9rrez o los <strong>errores en los lanzamientos, <\/strong>con dos balones estrellados en el poste. El acierto en el ataque de <strong>Paulina P\u00e9rez, Laguna y Pestana<\/strong> se tradujo en un 1\/3 de parcial que oblig\u00f3 a Etxeberria a detener el tiempo (20-19, m.44). Las gallegas apretaban, tambi\u00e9n con una defensa m\u00e1s adelantada, y segu\u00edan<strong> sacando r\u00e9dito<\/strong> de los fallos de cara a porter\u00eda del Beti Onak y de otra exclusi\u00f3n de Almudena Guti\u00e9rrez.\n<\/p>\n<p class=\"article-body__text \">\n        Las navarras se atascaron, con <strong>Palomino <\/strong>apareciendo en momentos clave bajo los palos, y estuvieron<strong> diez minutos sin anotar gol<\/strong>, hasta que Ayel\u00e9n Garc\u00eda desatasc\u00f3 el ataque. <strong>Carolina Bono<\/strong>, en el <strong>m.58, <\/strong>pon\u00eda por delante de nuevo a las suyas (23-24),<strong> 51 minutos despu\u00e9s<\/strong>. En el peor lance.<strong> Maca Sans<\/strong> estuvo lista para empatar con la porter\u00eda gallega vac\u00eda por un descuido. Pero un tanto de <strong>Paulina P\u00e9rez<\/strong> y la mala suerte de <strong>Ayel\u00e9n Garc\u00eda<\/strong> con un tiro que<strong> se estrell\u00f3 contra el poste<\/strong> dieron el triunfo a las visitantes.\u00a0\n<\/p>\n<p class=\"article-body__text \">\n        El <strong>Replasa Beti Onak <\/strong>afronta ahora un <strong>par\u00f3n <\/strong>de selecciones en el que perder\u00e1 varias internacionales, pero que al menos le servir\u00e1 <strong>para respirar.<\/strong>\n<\/p>\n<p>  Etxeberria: \u00abHay que jugar los 60 minutos para puntuar\u00bb<\/p>\n<p class=\"article-body__text \">\n        <strong>Miguel Etxeberria<\/strong> analizaba tras el partido que su equipo hizo \u201clo dif\u00edcil\u201d, que era \u201ccoger <strong>una renta <\/strong>e intentar estar dentro del partido\u201d. Valor\u00f3 que el <strong>Replasa Beti Onak<\/strong> complet\u00f3 \u201cmuy buen partido durante 45 minutos\u201d, pero record\u00f3 \u201cque hay que<strong> jugar los 60 <\/strong>para poder puntuar\u201d. \u201cVoluntad no ha faltado, pero al final ha sido un poco el cambio de tendencia, de din\u00e1mica, del encuentro. Eso, unido un poco al <strong>desgaste f\u00edsico<\/strong> que venimos acumulando\u201d. Asimismo, el t\u00e9cnico navarro reconoci\u00f3 que las suyas <strong>no estuvieron \u201cfinas\u201d a la hora de lanzar <\/strong>y que de haber acertado \u201cdos acciones\u201d m\u00e1s en este sentido, hubiese supuesto cambiar \u201cel signo del partido\u201d. Tambi\u00e9n se lament\u00f3 de la <strong>sequ\u00eda goleadora<\/strong> durante diez minutos, un per\u00edodo \u201cmuy largo para no marcar\u201d. \u201cEs verdad que<strong> atr\u00e1s no hemos estado mal <\/strong>del todo, pero cuando no rematas cuando tienes la oportunidad, lo pagas\u201d.<\/p>\n","protected":false},"excerpt":{"rendered":"Hay veces que la moneda cae de cara, como ocurri\u00f3 en el primer partido con el empate in&hellip;\n","protected":false},"author":2,"featured_media":116516,"comment_status":"","ping_status":"","sticky":false,"template":"","format":"standard","meta":{"footnotes":""},"categories":[278],"tags":[376,7952,168,25,39011,24,375,3294,7953,7951,23,167],"class_list":{"0":"post-116515","1":"post","2":"type-post","3":"status-publish","4":"format-standard","5":"has-post-thumbnail","7":"category-balonmano","8":"tag-balonmano","9":"tag-beti","10":"tag-deportes","11":"tag-es","12":"tag-esfuman","13":"tag-espana","14":"tag-handball","15":"tag-le","16":"tag-onak","17":"tag-replasa","18":"tag-spain","19":"tag-sports"},"share_on_mastodon":{"url":"","error":""},"_links":{"self":[{"href":"https:\/\/www.europesays.com\/es\/wp-json\/wp\/v2\/posts\/116515","targetHints":{"allow":["GET"]}}],"collection":[{"href":"https:\/\/www.europesays.com\/es\/wp-json\/wp\/v2\/posts"}],"about":[{"href":"https:\/\/www.europesays.com\/es\/wp-json\/wp\/v2\/types\/post"}],"author":[{"embeddable":true,"href":"https:\/\/www.europesays.com\/es\/wp-json\/wp\/v2\/users\/2"}],"replies":[{"embeddable":true,"href":"https:\/\/www.europesays.com\/es\/wp-json\/wp\/v2\/comments?post=116515"}],"version-history":[{"count":0,"href":"https:\/\/www.europesays.com\/es\/wp-json\/wp\/v2\/posts\/116515\/revisions"}],"wp:featuredmedia":[{"embeddable":true,"href":"https:\/\/www.europesays.com\/es\/wp-json\/wp\/v2\/media\/116516"}],"wp:attachment":[{"href":"https:\/\/www.europesays.com\/es\/wp-json\/wp\/v2\/media?parent=116515"}],"wp:term":[{"taxonomy":"category","embeddable":true,"href":"https:\/\/www.europesays.com\/es\/wp-json\/wp\/v2\/categories?post=116515"},{"taxonomy":"post_tag","embeddable":true,"href":"https:\/\/www.europesays.com\/es\/wp-json\/wp\/v2\/tags?post=116515"}],"curies":[{"name":"wp","href":"https:\/\/api.w.org\/{rel}","templated":true}]}}