{"id":116519,"date":"2025-09-15T11:41:07","date_gmt":"2025-09-15T11:41:07","guid":{"rendered":"https:\/\/www.europesays.com\/es\/116519\/"},"modified":"2025-09-15T11:41:07","modified_gmt":"2025-09-15T11:41:07","slug":"buen-final-de-rahm-en-wentworth-gana-noren","status":"publish","type":"post","link":"https:\/\/www.europesays.com\/es\/116519\/","title":{"rendered":"Buen final de Rahm en Wentworth; gana Noren"},"content":{"rendered":"<p>\n        <a href=\"https:\/\/www.deia.eus\/tags\/jon-rahm\/\" title=\"Jon Rahm\" class=\"link copy\" rel=\"nofollow noopener\" target=\"_blank\"><strong>Jon Rahm <\/strong><\/a><strong>exprimi\u00f3 hasta el final su participaci\u00f3n en el BMW PGA Championship de Wentworth y concluy\u00f3 en la decimotercera posici\u00f3n <\/strong>con trece golpes bajo tras una \u00faltima ronda de seis bajo par, la mejor de la semana.<strong> Probablemente, el resultado no cubra sus expectativas en un campo en el que hab\u00eda acabado sus tres participaciones anteriores entre los cuatro primeros, pero tiene m\u00e9rito porque despu\u00e9s de ronda y media ten\u00eda complicado pasar el corte.<\/strong>\n<\/p>\n<p class=\"article-body__text \">\n        Ayer<strong> el barrikoztarra arranc\u00f3 con tres birdies seguidos y cuatro en los seis primeros, lo que le aproximaba al liderato, pese a no aprovechar el par 5 del hoyo 4<\/strong>. Luego, no pudo mantener ese alto nivel y en la segunda mitad del recorrido hizo tres birdies y un bogey.<strong> Lament\u00f3 no hacer birdie en el 18, no porque le diera opciones de ganar, sino porque ese golpe le apart\u00f3 del Top 10.<\/strong>\n<\/p>\n<p class=\"article-body__text \">\n        Era la mejor tarjeta en la casa club en ese momento, pero faltaban muchos jugadores por acabar y fue perdiendo posiciones.  Al final, <strong>el triunfo fue para Alex Noren, que derrot\u00f3 en el desempate al galo Adrian Saddier. <\/strong>Es el segundo triunfo en tres semanas del veterano sueco y su segundo en Wentworth tras el de 2017, quien va a estar en la Ryder Cup como vicecapit\u00e1n y visto su nivel podr\u00eda estar como jugador.<\/p>\n","protected":false},"excerpt":{"rendered":"Jon Rahm exprimi\u00f3 hasta el final su participaci\u00f3n en el BMW PGA Championship de Wentworth y concluy\u00f3 en&hellip;\n","protected":false},"author":2,"featured_media":8942,"comment_status":"","ping_status":"","sticky":false,"template":"","format":"standard","meta":{"footnotes":""},"categories":[275],"tags":[5436,168,25,24,1058,329,330,23,167,36268],"class_list":{"0":"post-116519","1":"post","2":"type-post","3":"status-publish","4":"format-standard","5":"has-post-thumbnail","7":"category-golf","8":"tag-buen","9":"tag-deportes","10":"tag-es","11":"tag-espana","12":"tag-final","13":"tag-golf","14":"tag-rahm","15":"tag-spain","16":"tag-sports","17":"tag-wentworth"},"share_on_mastodon":{"url":"","error":""},"_links":{"self":[{"href":"https:\/\/www.europesays.com\/es\/wp-json\/wp\/v2\/posts\/116519","targetHints":{"allow":["GET"]}}],"collection":[{"href":"https:\/\/www.europesays.com\/es\/wp-json\/wp\/v2\/posts"}],"about":[{"href":"https:\/\/www.europesays.com\/es\/wp-json\/wp\/v2\/types\/post"}],"author":[{"embeddable":true,"href":"https:\/\/www.europesays.com\/es\/wp-json\/wp\/v2\/users\/2"}],"replies":[{"embeddable":true,"href":"https:\/\/www.europesays.com\/es\/wp-json\/wp\/v2\/comments?post=116519"}],"version-history":[{"count":0,"href":"https:\/\/www.europesays.com\/es\/wp-json\/wp\/v2\/posts\/116519\/revisions"}],"wp:featuredmedia":[{"embeddable":true,"href":"https:\/\/www.europesays.com\/es\/wp-json\/wp\/v2\/media\/8942"}],"wp:attachment":[{"href":"https:\/\/www.europesays.com\/es\/wp-json\/wp\/v2\/media?parent=116519"}],"wp:term":[{"taxonomy":"category","embeddable":true,"href":"https:\/\/www.europesays.com\/es\/wp-json\/wp\/v2\/categories?post=116519"},{"taxonomy":"post_tag","embeddable":true,"href":"https:\/\/www.europesays.com\/es\/wp-json\/wp\/v2\/tags?post=116519"}],"curies":[{"name":"wp","href":"https:\/\/api.w.org\/{rel}","templated":true}]}}