{"id":116520,"date":"2025-09-15T11:42:08","date_gmt":"2025-09-15T11:42:08","guid":{"rendered":"https:\/\/www.europesays.com\/es\/116520\/"},"modified":"2025-09-15T11:42:08","modified_gmt":"2025-09-15T11:42:08","slug":"canada-vive-un-fin-de-semana-marcado-por-el-boicot-deportivo-a-israel-en-tenis-y-ciclismo","status":"publish","type":"post","link":"https:\/\/www.europesays.com\/es\/116520\/","title":{"rendered":"Canad\u00e1 vive un fin de semana marcado por el boicot deportivo a Israel en tenis y ciclismo"},"content":{"rendered":"<p>Aunque haya quien intente hacer creer <a href=\"https:\/\/www.huffingtonpost.es\/virales\/ayuso-habla-vuelta-dice-carlos-alcaraz-traer-cola-espana-semana.html\" target=\"_blank\" rel=\"nofollow noopener\">que solo en Espa\u00f1a<\/a> se organizan boicots o protestas contra la participaci\u00f3n de Israel en eventos deportivos, no solo <a href=\"https:\/\/www.huffingtonpost.es\/deporte\/la-organizacion-vuelta-modifica-recorrido-ultima-etapa-80-kilometros-meta-madrid.html\" target=\"_blank\" rel=\"nofollow noopener\">en La Vuelta<\/a> ciclista a Espa\u00f1a sino tambi\u00e9n, por ejemplo, en un torneo de ajedrez en Sestao, no es as\u00ed. Los discursos chocan demasiadas veces contra la realidad. A pesar de que estos d\u00edas toda la atenci\u00f3n estaba puesta en la carrera ciclista, en Canad\u00e1, como en el resto del mundo, tambi\u00e9n suced\u00edan cosas. Entre otras, el equipo canadiense de tenis se enfrentaba este fin de semana contra el conjunto de Israel en la Copa Davis, pero sin p\u00fablico. <b>\u00bfPor qu\u00e9? Pues s\u00ed, por lo mismo que ocurri\u00f3 en La Vuelta, por Israel<\/b>.<\/p>\n<p>Ya en agosto, m\u00e1s de 400 personalidades canadienses del mundo del deporte pidieron a la Federaci\u00f3n de Tenis de su pa\u00eds que cancelasen la eliminatoria contra Israel que se ten\u00eda que celebrar en Halifax. \u00ab<b>Mientras Israel contin\u00faa su genocidio en la Franja de Gaza y fomenta la violencia de los colonos en Cisjordania, las sanciones deportivas contra esa naci\u00f3n constituyen una herramienta fundamental para mostrar la desaprobaci\u00f3n constante de Canad\u00e1 frente a las acciones israel\u00edes<\/b>\u00ab, dijeron en su petici\u00f3n, firmada entre otros por el corredor ol\u00edmpico Mohammed Ahmed, quien gan\u00f3 para Canad\u00e1 una medalla de plata en los Juegos Ol\u00edmpicos de Tokyo 2020.<\/p>\n<p>Esa presi\u00f3n, sumada a \u00abla informaci\u00f3n recibida de las autoridades locales y las agencias de seguridad nacional\u00bb, adem\u00e1s de \u201clas interrupciones observadas en otros eventos recientes, tanto en Canad\u00e1 como a nivel internacional\u00bb, obligaron a la Federaci\u00f3n de Tenis canadiense <a href=\"https:\/\/www.tenniscanada.com\/news\/pro-tennis\/2025\/davis-cup-tie-halifax-played-closed-venue-format\" target=\"_blank\" rel=\"nofollow noopener\">a tomar una decisi\u00f3n<\/a>. <b>No cancelaron el evento, pero s\u00ed consultaron con la Federaci\u00f3n Internacional de Tenis (ITF) y optaron por jugar el partido a puerta cerrada, \u00absin p\u00fablico presente\u00bb<\/b>. \u00abNos hemos visto obligados a concluir que jugar a puerta cerrada es la \u00fanica manera de proteger a los participantes y preservar el evento\u00bb, dijo Gavin Ziv, director ejecutivo de Tennis Canada la semana pasada.<\/p>\n<p>Durante la celebraci\u00f3n de los partidos de la Davis, los alrededores del estadio, el Scotiabank Centre, <b>se llenaron de manifestantes propalestinos<\/b>. Las protestas lograron no solo que el partido se disputara sin p\u00fablico, sino que el Ayuntamiento de Halifax retirase el premio de 50.000 d\u00f3lares que pensaba entregar al ganador.<\/p>\n<p>Pero es que no solo pas\u00f3 eso. Al igual que en Espa\u00f1a, en Canad\u00e1 se celebraron estos d\u00edas dos eventos ciclistas, dos grandes premios en Montreal y Quebec que tambi\u00e9n contaron con la presencia del equipo Israel-Premier Tech, cuyo propietario, Sylvan Adams, es un empresario canadiense-israel\u00ed. Bueno, pues <b>en sendos eventos hubo centenares de personas que protestaron contra la presencia del conjunto de Israel. Exactamente igual que durante La Vuelta a Espa\u00f1a<\/b>.<\/p>\n<p>En el diario Montreal Gazette se hicieron eco de las declaraciones de Safa Chebbi, portavoz de Desinversi\u00f3n en Palestina, una de las organizaciones que convoc\u00f3 las protestas tanto en Montreal como en Quebec. \u00ab<b>Israel Premier-Tech no es solo un equipo deportivo: es una m\u00e1quina de propaganda<\/b>. Permitirle participar es aceptar que Montreal siga siendo c\u00f3mplice del genocidio en Gaza. Nos negamos a permitir que nuestras calles y eventos, financiados en parte con fondos p\u00fablicos de Canad\u00e1 y la ciudad de Montreal, se utilicen para encubrir los cr\u00edmenes de una entidad colonial y genocida\u00bb.<\/p>\n<p>As\u00ed que no, <b>no solo pasa en Espa\u00f1a<\/b>.<\/p>\n","protected":false},"excerpt":{"rendered":"Aunque haya quien intente hacer creer que solo en Espa\u00f1a se organizan boicots o protestas contra la participaci\u00f3n&hellip;\n","protected":false},"author":2,"featured_media":116521,"comment_status":"","ping_status":"","sticky":false,"template":"","format":"standard","meta":{"footnotes":""},"categories":[274],"tags":[3730,168,25,24,694,74,76,23,167,327,326,5411],"class_list":{"0":"post-116520","1":"post","2":"type-post","3":"status-publish","4":"format-standard","5":"has-post-thumbnail","7":"category-tenis","8":"tag-canada","9":"tag-deportes","10":"tag-es","11":"tag-espana","12":"tag-gaza","13":"tag-israel","14":"tag-palestina","15":"tag-spain","16":"tag-sports","17":"tag-tenis","18":"tag-tennis","19":"tag-vuelta-a-espana"},"share_on_mastodon":{"url":"","error":""},"_links":{"self":[{"href":"https:\/\/www.europesays.com\/es\/wp-json\/wp\/v2\/posts\/116520","targetHints":{"allow":["GET"]}}],"collection":[{"href":"https:\/\/www.europesays.com\/es\/wp-json\/wp\/v2\/posts"}],"about":[{"href":"https:\/\/www.europesays.com\/es\/wp-json\/wp\/v2\/types\/post"}],"author":[{"embeddable":true,"href":"https:\/\/www.europesays.com\/es\/wp-json\/wp\/v2\/users\/2"}],"replies":[{"embeddable":true,"href":"https:\/\/www.europesays.com\/es\/wp-json\/wp\/v2\/comments?post=116520"}],"version-history":[{"count":0,"href":"https:\/\/www.europesays.com\/es\/wp-json\/wp\/v2\/posts\/116520\/revisions"}],"wp:featuredmedia":[{"embeddable":true,"href":"https:\/\/www.europesays.com\/es\/wp-json\/wp\/v2\/media\/116521"}],"wp:attachment":[{"href":"https:\/\/www.europesays.com\/es\/wp-json\/wp\/v2\/media?parent=116520"}],"wp:term":[{"taxonomy":"category","embeddable":true,"href":"https:\/\/www.europesays.com\/es\/wp-json\/wp\/v2\/categories?post=116520"},{"taxonomy":"post_tag","embeddable":true,"href":"https:\/\/www.europesays.com\/es\/wp-json\/wp\/v2\/tags?post=116520"}],"curies":[{"name":"wp","href":"https:\/\/api.w.org\/{rel}","templated":true}]}}