{"id":116528,"date":"2025-09-15T11:46:15","date_gmt":"2025-09-15T11:46:15","guid":{"rendered":"https:\/\/www.europesays.com\/es\/116528\/"},"modified":"2025-09-15T11:46:15","modified_gmt":"2025-09-15T11:46:15","slug":"vlachodimos-aprieta-para-pasar-a-nyland","status":"publish","type":"post","link":"https:\/\/www.europesays.com\/es\/116528\/","title":{"rendered":"Vlachodimos aprieta para pasar a Nyland"},"content":{"rendered":"<p style=\"\">El empate casero ante el Elche (2-2) dej\u00f3 diferentes lecturas en Nervi\u00f3n, pero quiz\u00e1 las m\u00e1s apremiante vuelve a apuntar a los mecanismos defensivos del conjunto de <strong>Almeyda<\/strong>. Y eso que el estratega argentino reforz\u00f3 la zaga con un dibujo de tres centrales  &#8230; en busca de dotar a los suyos de una mayor solidez atr\u00e1s. El resultado, a grandes rasgos, esboz\u00f3 sus fases satisfactorias en el desarrollo del choque y quiz\u00e1 un molde interesante sobre el que seguir trabajando para ganar esa seguridad que persigue el t\u00e9cnico argentino en la trasera del equipo. El caso es que el <strong>Sevilla<\/strong> volvi\u00f3 a encajar otros dos goles con bastante facilidad, jugando en casa y ante un rival reci\u00e9n ascendido, m\u00e1s all\u00e1 del buen arranque firmado en la competici\u00f3n por el grupo de Eder Sarabia, al que tampoco consiguieron doblegar Atl\u00e9tico de Madrid y Betis. El cuerpo t\u00e9cnico de Almeyda escruta los detalles a subsanar, algunos de ellos vinculados a errores no forzados o una concentraci\u00f3n mejorable en muchos casos. En este sentido, el foco vuelve a ponerse sobre la actuaci\u00f3n del portero <strong>Orjan Nyland<\/strong>. El noruego ha sido uno de los pilares del equipo desde su llegada a Nervi\u00f3n hace dos veranos. Pero en este arranque de temporada, donde lo ha jugado todo, est\u00e1 combinando sus habituales buenas apariciones con otras menos afortunadas que han costado puntos al equipo. Son <strong>siete goles<\/strong> los que ha encajado el Sevilla FC en las cuatro primeras jornadas de LaLiga.<\/p>\n<p class=\"voc-p\" style=\"\">Irremediablemente, con un compa\u00f1ero de filas de vasto curr\u00edculum como <strong>Odysseas Vlachodimos<\/strong>, apretando en los entrenamientos y pidiendo paso, el debate en la porter\u00eda sevillista se intensifica. Para eso ha venido tambi\u00e9n el greco-alem\u00e1n. Para apretar tuercas y elevar el nivel y la competitividad bajo palos. La figura de <strong>Nyland<\/strong> ha pasado de nuevo <strong>de h\u00e9roe a discutido<\/strong> tras una semana complicada para \u00e9l. Despu\u00e9s de su brillante actuaci\u00f3n contra el Girona en Montilivi, donde sus paradas fueron cruciales para la victoria (hasta tres intervenciones de mucho m\u00e9rito), el guardameta noruego ha vuelto a generar dudas. El gol de falta directa de <strong>Rafa Mir<\/strong> por el exterior de la barrera que supuso el 1-2 del Elche fue especialmente cuestionado, ya que se le achaca al portero haber colocado incorrectamente la barrera y de mostrar una reacci\u00f3n bastante tard\u00eda ante un disparo que no parec\u00eda particularmente dif\u00edcil de detener. Tampoco estuvo afortunado a la hora de reducir espacios en el remate del primer tanto ilicitano de <strong>Andr\u00e9 Silva<\/strong>. Estos errores se suman al surrealista tanto que encaj\u00f3 con su selecci\u00f3n durante el \u00faltimo par\u00f3n en la goleada sobre <strong>Moldavia<\/strong> por 11-1. El gol se lo hizo esta vez en propia puerta su compa\u00f1ero <strong>Ostigard<\/strong>, con una cesi\u00f3n problem\u00e1tica, pero la reacci\u00f3n del sevillista fue lenta y poco contundente.<\/p>\n<p class=\"voc-p\" style=\"\">En la primera jornada, contra el <strong>Athletic Club de Bilbao<\/strong>, recibi\u00f3 tres goles en los tres disparos a puerta que realiz\u00f3 durante todo el encuentro el conjunto de Ernesto Valverde. Lo mismo le ocurri\u00f3 el viernes ante el Elche. Los dos \u00fanicos remates del rival que fueron entre los tres palos acabaron en el fondo de las mallas. Y contra el <strong>Getafe<\/strong> en el S\u00e1nchez-Pizju\u00e1n, en un choque que termin\u00f3 con derrota sevillista por 1-2, no estuvo nada afortunado en el primer tanto de Liso desde fuera del \u00e1rea ante el que el noruego hizo la estatua. Se qued\u00f3 clavado de rodillas, alegando falta de visibilidad, pero aparentemente el remate del atacante del Getafe ni toc\u00f3 en nadie ni entra\u00f1aba demasiada dificultad.<\/p>\n<p class=\"voc-p\" style=\"\">Ante el cuestionado desempe\u00f1o de Nyland, la oportunidad para el reci\u00e9n llegado Odysseas Vlachodimos coge fuerza en Nervi\u00f3n. Su estado de forma y evoluci\u00f3n en los entrenamientos es \u00f3ptimo. Sin embargo, el meta cedido por el <strong>Newcastle<\/strong> tambi\u00e9n presenta su cuota de riesgo con una inactividad prolongada en competici\u00f3n, algo que se arregla jugando, dir\u00e1n sus partidarios. Durante el \u00faltimo par\u00f3n internacional, Vlachodimos no sum\u00f3 ni un solo minuto con su selecci\u00f3n. El t\u00e9cnico del combinado griego, Ivan Jovanovic, opt\u00f3 por el joven Konstantinos Tzolakis, del Olympiacos, tanto en la derrota ante Dinamarca (0-3) como en la victoria contra Bielorrusia (5-1). Una decisi\u00f3n que no ha hecho sino dilatar la sequ\u00eda de minutos de Vlachodimos, quien no juega un partido oficial desde el 17 de noviembre de 2024, cuando <strong>Grecia<\/strong> se enfrent\u00f3 a Finlandia en la Nations League. A nivel de clubes, su \u00faltimo encuentro se remonta a\u00fan m\u00e1s atr\u00e1s, al 1 de octubre del a\u00f1o pasado, en un Newcastle-Wimbledon de la EFL Cup en el que disput\u00f3 s\u00f3lo una parte.<\/p>\n<p>\nCurr\u00edculum vs. inactividad\n<\/p>\n<p class=\"voc-p\" style=\"\">Vlachodimos, de <strong>31 a\u00f1os<\/strong>, lleg\u00f3 al Sevilla este verano con el objetivo de competir por la titularidad con Nyland. A pesar de su inactividad reciente, su hoja de servicios es imponente. Comenz\u00f3 su carrera en el Stuttgart, con el que debut\u00f3 en la Bundesliga en 2015, pasando las siguientes tres temporadas defendiendo el arco del Panathinaikos. Su buen hacer en Grecia le abri\u00f3 las puertas de uno de los grandes de Europa, el Benfica, donde estuvo cinco temporadas a un extraordinario nivel. En el equipo luso acumul\u00f3 225 partidos, 32 de ellos de Champions y 12 de Europa League, y gan\u00f3 dos ligas y dos Supercopas de Portugal.<\/p>\n<p class=\"voc-p\" style=\"\">En 2023 Odysseas desembarc\u00f3 en la Premier League, concretamente en el Nottingham Forest, equipo que lo traspas\u00f3 al Newcastle por la friolera de casi 24 millones de euros. A nivel de selecciones, defendi\u00f3 la porter\u00eda de <strong>Alemania<\/strong> en categor\u00edas inferiores, disputando una Copa del Mundo sub 20 y ganando el Europeo sub 21, eligiendo posteriormente jugar en la absoluta de su otro pa\u00eds, Grecia, con cuya selecci\u00f3n ha disputado 48 partidos desde 2018.<\/p>\n<p class=\"voc-p\" style=\"\">Odysseas Vlachodimos todav\u00eda no ha podido debutar con el Sevilla FC. Se perdi\u00f3 las primeras dos jornadas de liga al no estar<strong> inscrito<\/strong> y, aunque ya form\u00f3 parte de la convocatoria contra el Girona en la tercera fecha, se qued\u00f3 en el banquillo, lo mismo que ocurri\u00f3 en el \u00faltimo choque ante el Elche. Con la porter\u00eda del Sevilla nuevamente en el foco, la decisi\u00f3n de darle una oportunidad a Vlachodimos se vuelve cada vez m\u00e1s relevante para el cuerpo t\u00e9cnico de Mat\u00edas Almeyda.<\/p>\n","protected":false},"excerpt":{"rendered":"El empate casero ante el Elche (2-2) dej\u00f3 diferentes lecturas en Nervi\u00f3n, pero quiz\u00e1 las m\u00e1s apremiante vuelve&hellip;\n","protected":false},"author":2,"featured_media":116529,"comment_status":"","ping_status":"","sticky":false,"template":"","format":"standard","meta":{"footnotes":""},"categories":[268],"tags":[2651,168,25,24,280,282,14056,4797,281,23,167,20152],"class_list":{"0":"post-116528","1":"post","2":"type-post","3":"status-publish","4":"format-standard","5":"has-post-thumbnail","7":"category-futbol","8":"tag-aprieta","9":"tag-deportes","10":"tag-es","11":"tag-espana","12":"tag-football","13":"tag-futbol","14":"tag-nyland","15":"tag-pasar","16":"tag-soccer","17":"tag-spain","18":"tag-sports","19":"tag-vlachodimos"},"share_on_mastodon":{"url":"","error":""},"_links":{"self":[{"href":"https:\/\/www.europesays.com\/es\/wp-json\/wp\/v2\/posts\/116528","targetHints":{"allow":["GET"]}}],"collection":[{"href":"https:\/\/www.europesays.com\/es\/wp-json\/wp\/v2\/posts"}],"about":[{"href":"https:\/\/www.europesays.com\/es\/wp-json\/wp\/v2\/types\/post"}],"author":[{"embeddable":true,"href":"https:\/\/www.europesays.com\/es\/wp-json\/wp\/v2\/users\/2"}],"replies":[{"embeddable":true,"href":"https:\/\/www.europesays.com\/es\/wp-json\/wp\/v2\/comments?post=116528"}],"version-history":[{"count":0,"href":"https:\/\/www.europesays.com\/es\/wp-json\/wp\/v2\/posts\/116528\/revisions"}],"wp:featuredmedia":[{"embeddable":true,"href":"https:\/\/www.europesays.com\/es\/wp-json\/wp\/v2\/media\/116529"}],"wp:attachment":[{"href":"https:\/\/www.europesays.com\/es\/wp-json\/wp\/v2\/media?parent=116528"}],"wp:term":[{"taxonomy":"category","embeddable":true,"href":"https:\/\/www.europesays.com\/es\/wp-json\/wp\/v2\/categories?post=116528"},{"taxonomy":"post_tag","embeddable":true,"href":"https:\/\/www.europesays.com\/es\/wp-json\/wp\/v2\/tags?post=116528"}],"curies":[{"name":"wp","href":"https:\/\/api.w.org\/{rel}","templated":true}]}}