{"id":116545,"date":"2025-09-15T11:57:08","date_gmt":"2025-09-15T11:57:08","guid":{"rendered":"https:\/\/www.europesays.com\/es\/116545\/"},"modified":"2025-09-15T11:57:08","modified_gmt":"2025-09-15T11:57:08","slug":"acciones-de-tesla-suben-despues-de-que-musk-compre-acciones-valoradas-en-1-000-millones-de-dolares","status":"publish","type":"post","link":"https:\/\/www.europesays.com\/es\/116545\/","title":{"rendered":"Acciones de Tesla suben despu\u00e9s de que Musk compre acciones valoradas en 1.000 millones de d\u00f3lares"},"content":{"rendered":"<p>Las acciones de Tesla sub\u00edan antes de la apertura del mercado el lunes, despu\u00e9s de que el consejero delegado, Elon Musk, revelara la compra de m\u00e1s de 2,5 millones de acciones por un valor aproximado de 1.000 millones de d\u00f3lares.<\/p>\n<p>Las acciones del fabricante de veh\u00edculos el\u00e9ctricos aumentaron m\u00e1s del 7% en las operaciones previas a la apertura del mercado.<\/p>\n<p>Musk compr\u00f3 varias cantidades de acciones a diferentes precios el viernes, seg\u00fan un documento regulatorio. El movimiento puede ser interpretado por los mercados como una se\u00f1al de que el multimillonario sigue confiando en el futuro de la empresa.<\/p>\n<p>Tesla present\u00f3 a principios de este mes un paquete de compensaci\u00f3n propuesto para Musk que posiblemente lo convertir\u00eda en el primer billonario del mundo si alcanza una serie de objetivos extremadamente agresivos para la empresa en la pr\u00f3xima d\u00e9cada.<\/p>\n<p>Tesla dijo en un documento regulatorio que entregar\u00e1 a Musk acciones por un valor de hasta el 12% de la empresa en una docena de paquetes separados si la compa\u00f1\u00eda cumple con ciertos objetivos de rendimiento, como aumentos masivos en la producci\u00f3n de autom\u00f3viles, el precio de las acciones y el beneficio operativo. Si los accionistas aprueban el nuevo paquete de compensaci\u00f3n, podr\u00eda convertir a Musk en el primer ejecutivo del mundo con un bill\u00f3n de d\u00f3lares, y marcar\u00eda un nuevo nivel de compensaci\u00f3n desproporcionada en un pa\u00eds ya conocido por remuneraciones extremas. Pero la recompensa es en acciones, no en efectivo, y los objetivos tambi\u00e9n son extremos.<\/p>\n<p>Para obtener su primer paquete de acciones equivalente al 1% de la empresa, Musk tendr\u00eda que convencer a los inversores en el mercado de valores de que Tesla vale dos billones de d\u00f3lares en total, el doble de lo que la valoran hoy, y tambi\u00e9n alcanzar varios otros hitos. Para recibir todas las acciones ofrecidas y convertirlo en el primer hombre de un bill\u00f3n de d\u00f3lares del mundo, se requerir\u00eda que el valor de mercado aumente a 8,5 billones de d\u00f3lares, el doble de la empresa m\u00e1s valiosa del mundo actualmente, el fabricante de chips Nvidia.<\/p>\n<p>Tesla ha visto una ca\u00edda en las ventas este a\u00f1o, en gran parte debido a la reacci\u00f3n negativa por la cercan\u00eda de Musk con el presidente Donald Trump. Tesla tambi\u00e9n enfrenta una competencia cada vez m\u00e1s intensa de los grandes fabricantes de autom\u00f3viles de Detroit y, particularmente, de China.<\/p>\n<p>Los inversionistas se han mostrado cada vez m\u00e1s preocupados por la trayectoria de la empresa despu\u00e9s de que Musk pasara tanto tiempo en Washington este a\u00f1o, convirti\u00e9ndose en uno de los funcionarios m\u00e1s destacados del gobierno de Trump en su intento de reducir el tama\u00f1o del gobierno de Estados Unidos.<\/p>\n<p>Tesla tiene previsto celebrar su junta anual de accionistas el 6 de noviembre, donde los inversionistas votar\u00e1n sobre el nuevo paquete de compensaci\u00f3n.<\/p>\n<p>___<\/p>\n<p>Esta historia fue traducida del ingl\u00e9s por un editor de AP con la ayuda de una herramienta de inteligencia artificial generativa.<\/p>\n","protected":false},"excerpt":{"rendered":"Las acciones de Tesla sub\u00edan antes de la apertura del mercado el lunes, despu\u00e9s de que el consejero&hellip;\n","protected":false},"author":2,"featured_media":10766,"comment_status":"","ping_status":"","sticky":false,"template":"","format":"standard","meta":{"footnotes":""},"categories":[80],"tags":[82,95,94,25,24,1714,10,23,1716],"class_list":{"0":"post-116545","1":"post","2":"type-post","3":"status-publish","4":"format-standard","5":"has-post-thumbnail","7":"category-economia","8":"tag-business","9":"tag-economia","10":"tag-economy","11":"tag-es","12":"tag-espana","13":"tag-general-news","14":"tag-noticias","15":"tag-spain","16":"tag-u-s-news"},"share_on_mastodon":{"url":"","error":""},"_links":{"self":[{"href":"https:\/\/www.europesays.com\/es\/wp-json\/wp\/v2\/posts\/116545","targetHints":{"allow":["GET"]}}],"collection":[{"href":"https:\/\/www.europesays.com\/es\/wp-json\/wp\/v2\/posts"}],"about":[{"href":"https:\/\/www.europesays.com\/es\/wp-json\/wp\/v2\/types\/post"}],"author":[{"embeddable":true,"href":"https:\/\/www.europesays.com\/es\/wp-json\/wp\/v2\/users\/2"}],"replies":[{"embeddable":true,"href":"https:\/\/www.europesays.com\/es\/wp-json\/wp\/v2\/comments?post=116545"}],"version-history":[{"count":0,"href":"https:\/\/www.europesays.com\/es\/wp-json\/wp\/v2\/posts\/116545\/revisions"}],"wp:featuredmedia":[{"embeddable":true,"href":"https:\/\/www.europesays.com\/es\/wp-json\/wp\/v2\/media\/10766"}],"wp:attachment":[{"href":"https:\/\/www.europesays.com\/es\/wp-json\/wp\/v2\/media?parent=116545"}],"wp:term":[{"taxonomy":"category","embeddable":true,"href":"https:\/\/www.europesays.com\/es\/wp-json\/wp\/v2\/categories?post=116545"},{"taxonomy":"post_tag","embeddable":true,"href":"https:\/\/www.europesays.com\/es\/wp-json\/wp\/v2\/tags?post=116545"}],"curies":[{"name":"wp","href":"https:\/\/api.w.org\/{rel}","templated":true}]}}