{"id":116565,"date":"2025-09-15T12:10:08","date_gmt":"2025-09-15T12:10:08","guid":{"rendered":"https:\/\/www.europesays.com\/es\/116565\/"},"modified":"2025-09-15T12:10:08","modified_gmt":"2025-09-15T12:10:08","slug":"no-me-hace-ninguna-gracia","status":"publish","type":"post","link":"https:\/\/www.europesays.com\/es\/116565\/","title":{"rendered":"No me hace ninguna gracia"},"content":{"rendered":"<p class=\"ft-text\"><strong>Mar\u00eda Dolores Gonz\u00e1lez Flores<\/strong>, m\u00e1s conocida art\u00edsticamente como Lolita, <strong>marc\u00f3 un antes y un despu\u00e9s en la industria musical de Espa\u00f1a<\/strong>. La cantante se hizo famosa gracias a canciones como &#8216;Sarandonga&#8217;, &#8216;Si, pero No&#8217; o &#8216;No Renunciar\u00e9&#8217;, entre otras destacadas. Desde entonces, la artista madrile\u00f1a est\u00e1 en el punto de mira.<\/p>\n<p class=\"ft-text\">La cantante, que forma parte del jurado de &#8216;Tu cara me suena&#8217;, vuelve a ser noticia tras las declaraciones que realiz\u00f3 en una reciente entrevista en el programa &#8216;Julia en la Onda&#8217;, en &#8216;Onda Cero&#8217;. <strong>La artista desvel\u00f3 c\u00f3mo es nueva vida tras el &#8216;palo&#8217; que recibi\u00f3 por parte de Hacienda hace unos a\u00f1os<\/strong>.<\/p>\n<p class=\"ft-text\">A pesar de toda la fama que ha cosechado durante tantos a\u00f1os, Lolita vive de alquiler: \u00abMe compr\u00e9 un piso y lo vend\u00ed para pagar a Hacienda cuando estaba el se\u00f1or Montoro\u00bb. La int\u00e9rprete de &#8216;Sarandonga&#8217; reconoce en Onda Cero que \u00ab<strong>me dan ganas de pedirle los dos millones que me quit\u00f3 en ocho a\u00f1os<\/strong>\u00ab.<\/p>\n<p class=\"ft-text\">En ese instante de la entrevista, la periodista Julia Otero par\u00f3 en seco a la artista para saber el motivo: \u00ab<strong>\u00bfDos millones en ocho a\u00f1os?<\/strong>\u00ab. La hermana de Rosario desvel\u00f3 que \u00ab<strong>s\u00ed, sin tener nada<\/strong>\u00ab.<\/p>\n<p class=\"ft-text\">\u00ab<strong>Por ingresos pagaba, pero luego se me hac\u00edan inspecciones<\/strong>, como a muchos artistas de este pa\u00eds. De re\u00edrme nada, no me hace ninguna gracia\u00bb, coment\u00f3 a los micr\u00f3fonos de Onda Cero.<\/p>\n<p class=\"ft-text\">Tras las declaraciones de la artista, la periodista le cuestion\u00f3: \u00ab\u00bfEres partidaria de pagar impuesto?\u00bb. Ella no dud\u00f3 en decir: \u00abPor supuesto\u00bb. Adem\u00e1s,<strong> sentenci\u00f3 que \u00ablos pago todos los a\u00f1os\u00bb<\/strong>.<\/p>\n<p class=\"ft-text\">Sin embargo, no entiende que \u00ab<strong>te hagan inspecciones sin venir a cuento<\/strong>\u00a0y que luego ese dinero que a ti te han quitado vaya a lugares que no tienen nada que ver con los servicios p\u00fablicos\u00bb.<\/p>\n<p class=\"ft-text\">Sobre c\u00f3mo se encuentra a nivel sentimental, la cantante aclar\u00f3 que est\u00e1 en uno de sus mejores momentos, ya que es \u00abindependiente\u00bb. Aunque, reconoci\u00f3 que \u00ab<strong>un hombre de 45 o 50 a\u00f1os me vendr\u00eda muy bien<\/strong>\u00ab, aunque \u00ab\u00e9l en su casa y yo en la m\u00eda\u00bb.<\/p>\n","protected":false},"excerpt":{"rendered":"Mar\u00eda Dolores Gonz\u00e1lez Flores, m\u00e1s conocida art\u00edsticamente como Lolita, marc\u00f3 un antes y un despu\u00e9s en la industria&hellip;\n","protected":false},"author":2,"featured_media":116566,"comment_status":"","ping_status":"","sticky":false,"template":"","format":"standard","meta":{"footnotes":""},"categories":[174],"tags":[255,146,147,25,24,256,2313,1671,14098,795,12740,9812,23],"class_list":{"0":"post-116565","1":"post","2":"type-post","3":"status-publish","4":"format-standard","5":"has-post-thumbnail","7":"category-famosos","8":"tag-celebrities","9":"tag-entertainment","10":"tag-entretenimiento","11":"tag-es","12":"tag-espana","13":"tag-famosos","14":"tag-fuera-de-juego","15":"tag-hacienda","16":"tag-lolita","17":"tag-nueva","18":"tag-palo","19":"tag-realidad","20":"tag-spain"},"share_on_mastodon":{"url":"","error":""},"_links":{"self":[{"href":"https:\/\/www.europesays.com\/es\/wp-json\/wp\/v2\/posts\/116565","targetHints":{"allow":["GET"]}}],"collection":[{"href":"https:\/\/www.europesays.com\/es\/wp-json\/wp\/v2\/posts"}],"about":[{"href":"https:\/\/www.europesays.com\/es\/wp-json\/wp\/v2\/types\/post"}],"author":[{"embeddable":true,"href":"https:\/\/www.europesays.com\/es\/wp-json\/wp\/v2\/users\/2"}],"replies":[{"embeddable":true,"href":"https:\/\/www.europesays.com\/es\/wp-json\/wp\/v2\/comments?post=116565"}],"version-history":[{"count":0,"href":"https:\/\/www.europesays.com\/es\/wp-json\/wp\/v2\/posts\/116565\/revisions"}],"wp:featuredmedia":[{"embeddable":true,"href":"https:\/\/www.europesays.com\/es\/wp-json\/wp\/v2\/media\/116566"}],"wp:attachment":[{"href":"https:\/\/www.europesays.com\/es\/wp-json\/wp\/v2\/media?parent=116565"}],"wp:term":[{"taxonomy":"category","embeddable":true,"href":"https:\/\/www.europesays.com\/es\/wp-json\/wp\/v2\/categories?post=116565"},{"taxonomy":"post_tag","embeddable":true,"href":"https:\/\/www.europesays.com\/es\/wp-json\/wp\/v2\/tags?post=116565"}],"curies":[{"name":"wp","href":"https:\/\/api.w.org\/{rel}","templated":true}]}}