{"id":116569,"date":"2025-09-15T12:12:18","date_gmt":"2025-09-15T12:12:18","guid":{"rendered":"https:\/\/www.europesays.com\/es\/116569\/"},"modified":"2025-09-15T12:12:18","modified_gmt":"2025-09-15T12:12:18","slug":"feria-del-libro-de-sevilla-2025-cuando-es-y-ubicacion","status":"publish","type":"post","link":"https:\/\/www.europesays.com\/es\/116569\/","title":{"rendered":"Feria del Libro de Sevilla 2025: cu\u00e1ndo es y ubicaci\u00f3n"},"content":{"rendered":"<p>M\u00e1s de cincuenta casetas formar\u00e1n parte de la vig\u00e9simo tercera edici\u00f3n<\/p>\n<p><img fetchpriority=\"high\" class=\"voc-img\" src=\"https:\/\/www.europesays.com\/es\/wp-content\/uploads\/2025\/09\/1488165705.jpg\" loading=\"eager\" decoding=\"async\" alt=\"Ambiente de la edici\u00f3n pasada\" width=\"1200\" height=\"840\"\/><\/p>\n<p>Ambiente de la edici\u00f3n pasada    Manuel Olmedo  <\/p>\n<p><img decoding=\"async\" class=\"voc-author__img\" src=\"https:\/\/www.europesays.com\/es\/wp-content\/uploads\/2025\/07\/autor-7213-foto-3.jpeg\" alt=\"Irene Cuenca\"\/><\/p>\n<p class=\"voc-p\" style=\"\">La <strong>cita<\/strong> sevillana <strong>m\u00e1s esperada por los aficionados a la lectura<\/strong> est\u00e1 terminando de perfilar sus \u00faltimos preparativos, pero habr\u00e1 que esperar hasta <strong>finales del mes de octubre<\/strong> para su apertura.<\/p>\n<p class=\"voc-p\" style=\"\">La <strong>Feria del Libro de Sevilla 2025<\/strong> se celebrar\u00e1 desde el <strong>mi\u00e9rcoles 22 de octubre hasta el domingo 2 de noviembre<\/strong> en la capital hispalense. <\/p>\n<p class=\"voc-p\" style=\"\">El espacio elegido, por segundo a\u00f1o consecutivo, ser\u00e1n los <strong>Jardines de Murillo<\/strong>, donde se distribuir\u00e1n un total de <strong> 52 casetas y cinco espacios expositivos<\/strong>. La <strong>inauguraci\u00f3n<\/strong> de la vig\u00e9simo tercera edici\u00f3n de esta propuesta ser\u00e1 la <strong>tarde del mi\u00e9rcoles 22<\/strong> de octubre a las 17 horas. <\/p>\n<p>\nRepite ubicaci\u00f3n\n<\/p>\n<p class=\"voc-p\" style=\"\">Los lectores podr\u00e1n acudir a la feria de <strong> lunes a viernes por la ma\u00f1ana 11 a 14 horas y por la tade de 17 a 21 horas<\/strong>. El horario de los <strong>fines de semana y festivos ser\u00e1 de 11 a 14:30 horas y de 17 a 21 horas<\/strong>. <\/p>\n<ul class=\"oc-d-c-list__list\">\n<li class=\"voc-d-c-list__item\">\n<p class=\"voc-d-c-list__paragraph\">D\u00f3nde: Jardines de Murillo<\/p>\n<\/li>\n<li class=\"voc-d-c-list__item\">\n<p class=\"voc-d-c-list__paragraph\">Direcci\u00f3n: Av. de Men\u00e9ndez Pelayo<\/p>\n<\/li>\n<li class=\"voc-d-c-list__item\">\n<p class=\"voc-d-c-list__paragraph\">Cu\u00e1ndo: del mi\u00e9rcoles 22 de octubre al domingo 2 de septiembre <\/p>\n<\/li>\n<li class=\"voc-d-c-list__item\">\n<p class=\"voc-d-c-list__paragraph\">Horario: de lunes a viernes de 11 a 14 horas y de 17 a 21 horas. Fines de semana y festivos de 11 a 14:30 horas y de 17 a 21 horas.<\/p>\n<\/li>\n<\/ul>\n<p class=\"voc-p\" style=\"\">Adem\u00e1s, los asistentes como ya ocurri\u00f3 en ediciones anteriores podr\u00e1n disfrutar de <strong>distintas actividades relacionadas con el mundo del libro<\/strong> como charlas, debates o firmas de escritores.<\/p>\n<p>Reportar un error<\/p>\n","protected":false},"excerpt":{"rendered":"M\u00e1s de cincuenta casetas formar\u00e1n parte de la vig\u00e9simo tercera edici\u00f3n Ambiente de la edici\u00f3n pasada Manuel Olmedo&hellip;\n","protected":false},"author":2,"featured_media":116570,"comment_status":"","ping_status":"","sticky":false,"template":"","format":"standard","meta":{"footnotes":""},"categories":[172],"tags":[45,224,146,147,25,24,599,1496,225,1171,23,14073],"class_list":{"0":"post-116569","1":"post","2":"type-post","3":"status-publish","4":"format-standard","5":"has-post-thumbnail","7":"category-libros","8":"tag-45","9":"tag-books","10":"tag-entertainment","11":"tag-entretenimiento","12":"tag-es","13":"tag-espana","14":"tag-feria","15":"tag-libro","16":"tag-libros","17":"tag-sevilla","18":"tag-spain","19":"tag-ubicacion"},"share_on_mastodon":{"url":"","error":""},"_links":{"self":[{"href":"https:\/\/www.europesays.com\/es\/wp-json\/wp\/v2\/posts\/116569","targetHints":{"allow":["GET"]}}],"collection":[{"href":"https:\/\/www.europesays.com\/es\/wp-json\/wp\/v2\/posts"}],"about":[{"href":"https:\/\/www.europesays.com\/es\/wp-json\/wp\/v2\/types\/post"}],"author":[{"embeddable":true,"href":"https:\/\/www.europesays.com\/es\/wp-json\/wp\/v2\/users\/2"}],"replies":[{"embeddable":true,"href":"https:\/\/www.europesays.com\/es\/wp-json\/wp\/v2\/comments?post=116569"}],"version-history":[{"count":0,"href":"https:\/\/www.europesays.com\/es\/wp-json\/wp\/v2\/posts\/116569\/revisions"}],"wp:featuredmedia":[{"embeddable":true,"href":"https:\/\/www.europesays.com\/es\/wp-json\/wp\/v2\/media\/116570"}],"wp:attachment":[{"href":"https:\/\/www.europesays.com\/es\/wp-json\/wp\/v2\/media?parent=116569"}],"wp:term":[{"taxonomy":"category","embeddable":true,"href":"https:\/\/www.europesays.com\/es\/wp-json\/wp\/v2\/categories?post=116569"},{"taxonomy":"post_tag","embeddable":true,"href":"https:\/\/www.europesays.com\/es\/wp-json\/wp\/v2\/tags?post=116569"}],"curies":[{"name":"wp","href":"https:\/\/api.w.org\/{rel}","templated":true}]}}