{"id":116584,"date":"2025-09-15T12:22:12","date_gmt":"2025-09-15T12:22:12","guid":{"rendered":"https:\/\/www.europesays.com\/es\/116584\/"},"modified":"2025-09-15T12:22:12","modified_gmt":"2025-09-15T12:22:12","slug":"muere-un-bebe-de-20-dias-atropellado-por-un-coche-sin-conductor-ni-frenos-que-estaba-aparcado","status":"publish","type":"post","link":"https:\/\/www.europesays.com\/es\/116584\/","title":{"rendered":"Muere un beb\u00e9 de 20 d\u00edas atropellado por un coche sin conductor ni frenos que estaba aparcado"},"content":{"rendered":"<p>El veh\u00edculo ha causado heridas graves y una amputaci\u00f3n a la madre ante los ojos del padre y el otro hijo peque\u00f1o por el tr\u00e1gico accidente en el municipio alicantino de Calpe<\/p>\n<p><img fetchpriority=\"high\" class=\"voc-img\" src=\"https:\/\/www.europesays.com\/es\/wp-content\/uploads\/2025\/09\/calpe-alicante-R9ac0IgYFclyM1eMTK9GwCJ-1200x840@diario_abc.jpg\" loading=\"eager\" decoding=\"async\" alt=\"Viviendas en Calp (Alicante), con el Pe\u00f1\u00f3n de Ifach al fondo\" width=\"1200\" height=\"840\"\/><\/p>\n<p>Viviendas en Calp (Alicante), con el Pe\u00f1\u00f3n de Ifach al fondo    JUAN CARLOS SOLER  <\/p>\n<p><img decoding=\"async\" class=\"voc-author__img\" src=\"https:\/\/www.europesays.com\/es\/wp-content\/uploads\/2025\/08\/autor-5299-foto-2.gif\" alt=\"Jos\u00e9 Luis Fern\u00e1ndez\"\/><\/p>\n<p class=\"voc-p\" style=\"\">Un <a href=\"https:\/\/www.abc.es\/noticias\/bebes\/\" target=\"_blank\" data-voc-vtm-id=\"in-text-traffic\" title=\"beb\u00e9\" data-mrf-link=\"www.abc.es\" rel=\"nofollow noopener\">beb\u00e9<\/a> de tan s\u00f3lo veinte d\u00edas ha <strong>muerto<\/strong> tras un <a href=\"https:\/\/www.abc.es\/noticias\/peatones\/\" target=\"_blank\" data-voc-vtm-id=\"in-text-traffic\" title=\"atropello\" data-mrf-link=\"www.abc.es\" rel=\"nofollow noopener\">atropello<\/a> por un <strong>coche<\/strong><strong>aparcado<\/strong> que se embal\u00f3 sin frenos cuesta abajo en una calle de <strong>Calpe<\/strong> (Alicante) y arroll\u00f3 a esta ni\u00f1a cuando la llevaba su madre, que ha sufrido heridas graves -un co\u00e1gulo en el cerebro- y la amputaci\u00f3n de una pierna.<\/p>\n<p class=\"voc-p\" style=\"\">La <strong>Polic\u00eda Local<\/strong> ha abierto una <strong>investigaci\u00f3n<\/strong> para esclarecer las causas de este tr\u00e1gico accidente mortal, y no se sabe si el veh\u00edculo no ten\u00eda puesto el freno de mano o fallaron los sistemas de inmovilizaci\u00f3n.<\/p>\n<p class=\"voc-p\" style=\"\">Tal como ha adelantado <strong>Todoalicante<\/strong>, el tr\u00e1fico suceso ha conmocionado este municipio, despu\u00e9s de que el coche haya cogido <strong>velocidad<\/strong> fuera de control y se haya llevado por delante a ambas v\u00edctimas, delante del padre de la familia y su otro hijo, de cuatro a\u00f1os de edad.<\/p>\n<p class=\"voc-p\" style=\"\">El Ayuntamiento ha tenido que facilitar el acceso de los servicios de emergencias sanitarias del <strong>CICU<\/strong>, en esta zona de una urbanizaci\u00f3n. El personal m\u00e9dico ha estabilizado a la <strong>mujer<\/strong>, que se encuentra <strong>hospitalizada<\/strong> en <strong>estado cr\u00edtico<\/strong> en Denia, mientras que la peque\u00f1a hab\u00eda sido trasladada a La Fe de Valencia, pero no ha sobrevivido.<\/p>\n<p>Reportar un error<\/p>\n","protected":false},"excerpt":{"rendered":"El veh\u00edculo ha causado heridas graves y una amputaci\u00f3n a la madre ante los ojos del padre y&hellip;\n","protected":false},"author":2,"featured_media":116585,"comment_status":"","ping_status":"","sticky":false,"template":"","format":"standard","meta":{"footnotes":""},"categories":[8],"tags":[39019,24963,8680,17,18,3075,30816,960,25,24,13,14,39018,11,19,20,8938,9,10,15,16,23,12,21,22],"class_list":{"0":"post-116584","1":"post","2":"type-post","3":"status-publish","4":"format-standard","5":"has-post-thumbnail","7":"category-espana","8":"tag-aparcado","9":"tag-atropellado","10":"tag-bebe","11":"tag-breaking-news","12":"tag-breakingnews","13":"tag-coche","14":"tag-conductor","15":"tag-dias","16":"tag-es","17":"tag-espana","18":"tag-featured-news","19":"tag-featurednews","20":"tag-frenos","21":"tag-headlines","22":"tag-latest-news","23":"tag-latestnews","24":"tag-muere","25":"tag-news","26":"tag-noticias","27":"tag-noticias-destacadas","28":"tag-noticiasdestacadas","29":"tag-spain","30":"tag-titulares","31":"tag-ultimas-noticias","32":"tag-ultimasnoticias"},"share_on_mastodon":{"url":"","error":""},"_links":{"self":[{"href":"https:\/\/www.europesays.com\/es\/wp-json\/wp\/v2\/posts\/116584","targetHints":{"allow":["GET"]}}],"collection":[{"href":"https:\/\/www.europesays.com\/es\/wp-json\/wp\/v2\/posts"}],"about":[{"href":"https:\/\/www.europesays.com\/es\/wp-json\/wp\/v2\/types\/post"}],"author":[{"embeddable":true,"href":"https:\/\/www.europesays.com\/es\/wp-json\/wp\/v2\/users\/2"}],"replies":[{"embeddable":true,"href":"https:\/\/www.europesays.com\/es\/wp-json\/wp\/v2\/comments?post=116584"}],"version-history":[{"count":0,"href":"https:\/\/www.europesays.com\/es\/wp-json\/wp\/v2\/posts\/116584\/revisions"}],"wp:featuredmedia":[{"embeddable":true,"href":"https:\/\/www.europesays.com\/es\/wp-json\/wp\/v2\/media\/116585"}],"wp:attachment":[{"href":"https:\/\/www.europesays.com\/es\/wp-json\/wp\/v2\/media?parent=116584"}],"wp:term":[{"taxonomy":"category","embeddable":true,"href":"https:\/\/www.europesays.com\/es\/wp-json\/wp\/v2\/categories?post=116584"},{"taxonomy":"post_tag","embeddable":true,"href":"https:\/\/www.europesays.com\/es\/wp-json\/wp\/v2\/tags?post=116584"}],"curies":[{"name":"wp","href":"https:\/\/api.w.org\/{rel}","templated":true}]}}