{"id":116588,"date":"2025-09-15T12:25:15","date_gmt":"2025-09-15T12:25:15","guid":{"rendered":"https:\/\/www.europesays.com\/es\/116588\/"},"modified":"2025-09-15T12:25:15","modified_gmt":"2025-09-15T12:25:15","slug":"israel-guirao-ganador-del-xii-certamen-de-novilladas-de-navalperal-de-pinares-avance-taurino","status":"publish","type":"post","link":"https:\/\/www.europesays.com\/es\/116588\/","title":{"rendered":"Israel Guirao ganador del XII certamen de novilladas de Navalperal de Pinares \u2013 Avance Taurino"},"content":{"rendered":"<p class=\"yiv7251557821ydpc2cfcde2MsoNormal\">El alumno de la escuela de tauromaquia de Valencia\u00a0Israel Guirao\u00a0actu\u00f3\u00a0el pasado\u00a0s\u00e1bado d\u00eda 13 de septiembre en esta\u00a0plaza abulense en un festejo\u00a0en honor al Sant\u00edsimo \u00a0 Cristo\u00a0de la Indulgencia.<\/p>\n<p class=\"yiv7251557821ydpc2cfcde2MsoNormal\">Se lidiaron novillos de Los Requiles. Israel cort\u00f3 las dos orejas de su primero y fue\u00a0\u00a0ovacionado en el cuarto Altern\u00f3 con C\u00e9sar de Juste, cuyo balance fue ovaci\u00f3n y silencio.<\/p>\n<p>El trofeo se entregar\u00e1 en un coloquio con la participaci\u00f3n de Israel Guirao. Por este prestigioso certamen han pasado toreros como \u00c1lvaro Lorenzo, Jos\u00e9 Garrido, Joaqu\u00edn Gald\u00f3s y Roca Rey.<\/p>\n","protected":false},"excerpt":{"rendered":"El alumno de la escuela de tauromaquia de Valencia\u00a0Israel Guirao\u00a0actu\u00f3\u00a0el pasado\u00a0s\u00e1bado d\u00eda 13 de septiembre en esta\u00a0plaza abulense&hellip;\n","protected":false},"author":2,"featured_media":116589,"comment_status":"","ping_status":"","sticky":false,"template":"","format":"standard","meta":{"footnotes":""},"categories":[277],"tags":[373,168,25,24,23,167,374],"class_list":{"0":"post-116588","1":"post","2":"type-post","3":"status-publish","4":"format-standard","5":"has-post-thumbnail","7":"category-toreo","8":"tag-bullfighting","9":"tag-deportes","10":"tag-es","11":"tag-espana","12":"tag-spain","13":"tag-sports","14":"tag-toreo"},"share_on_mastodon":{"url":"","error":""},"_links":{"self":[{"href":"https:\/\/www.europesays.com\/es\/wp-json\/wp\/v2\/posts\/116588","targetHints":{"allow":["GET"]}}],"collection":[{"href":"https:\/\/www.europesays.com\/es\/wp-json\/wp\/v2\/posts"}],"about":[{"href":"https:\/\/www.europesays.com\/es\/wp-json\/wp\/v2\/types\/post"}],"author":[{"embeddable":true,"href":"https:\/\/www.europesays.com\/es\/wp-json\/wp\/v2\/users\/2"}],"replies":[{"embeddable":true,"href":"https:\/\/www.europesays.com\/es\/wp-json\/wp\/v2\/comments?post=116588"}],"version-history":[{"count":0,"href":"https:\/\/www.europesays.com\/es\/wp-json\/wp\/v2\/posts\/116588\/revisions"}],"wp:featuredmedia":[{"embeddable":true,"href":"https:\/\/www.europesays.com\/es\/wp-json\/wp\/v2\/media\/116589"}],"wp:attachment":[{"href":"https:\/\/www.europesays.com\/es\/wp-json\/wp\/v2\/media?parent=116588"}],"wp:term":[{"taxonomy":"category","embeddable":true,"href":"https:\/\/www.europesays.com\/es\/wp-json\/wp\/v2\/categories?post=116588"},{"taxonomy":"post_tag","embeddable":true,"href":"https:\/\/www.europesays.com\/es\/wp-json\/wp\/v2\/tags?post=116588"}],"curies":[{"name":"wp","href":"https:\/\/api.w.org\/{rel}","templated":true}]}}