{"id":116594,"date":"2025-09-15T12:29:08","date_gmt":"2025-09-15T12:29:08","guid":{"rendered":"https:\/\/www.europesays.com\/es\/116594\/"},"modified":"2025-09-15T12:29:08","modified_gmt":"2025-09-15T12:29:08","slug":"el-dia-de-la-bici-pilla-a-estella-sin-carriles","status":"publish","type":"post","link":"https:\/\/www.europesays.com\/es\/116594\/","title":{"rendered":"El \u2018D\u00eda de la bici\u2019 pilla a Estella sin carriles"},"content":{"rendered":"<p>\n        <strong>\u201cUtiliza la bici durante el a\u00f1o\u201d<\/strong>, \u00e9se es el eslogan de la XXXI edici\u00f3n del<strong> D\u00eda de la Bici que organiza el Club Ciclista Estella-Lizarra <\/strong>tras seis a\u00f1os de ausencia. Un d\u00eda en el que se sumaron 335 ciclistas, en su gran mayor\u00eda familias y muchos ni\u00f1os y ni\u00f1as peque\u00f1as. \u201cLa idea es llevar el ciclismo a las calles y que se disfrute\u201d, asegur\u00f3 la presidenta del club ciclista, Marta Gar\u00edn. \u201cD\u00edas como el de hoy sirven para conocer el ciclismo y que los peques se motiven para practicarlo\u201d.\n<\/p>\n<p>  <strong>31 ediciones <\/strong><\/p>\n<p class=\"article-body__text \">\n        Y es que este jornada que cuenta con m\u00e1s de tres d\u00e9cadas, ha servido tradicionalmente para animar a que los chavales se apunten a formar parte de las escuelas de ciclismo, un deporte donde hay m\u00e1s espectadores en las carreras de cadetes o juveniles que en las profesionales \u201cporque en estas categor\u00edas est\u00e1n los padres que se desplazan\u201d.\n<\/p>\n<p>  <strong>Falta de carril bici <\/strong><\/p>\n<p class=\"article-body__text \">\n        <strong>Con todo, uno de los comentarios de los participantes en la jornada de este domingo fue la falta de un carril bici que cruce la ciudad.<\/strong> Una infraestructura que lleg\u00f3 a formarse pero que posteriormente fue desmantelada. Algo que hace muy dif\u00edcil el uso diario de la bici. \u201cEs un tema complicado pero lo cierto es que aunque queramos utilizar la bici hay tramos en los que es muy complicado\u201d, asegur\u00f3 Abel Justo que participaba junto con su mujer Ibonne y con su hijo Unax, de casi cuatro a\u00f1os.\n<\/p>\n<p class=\"article-body__text \">\n        Es lo que opina tambi\u00e9n el exciclista de Zurucu\u00e1in, Alan P\u00e9rez, que acudi\u00f3 con su hija Nora y otros participantes a esta carrera popular \u201cno me f\u00edo de cruzar Estella con los peque\u00f1os. Con la afici\u00f3n que hay en Estella al ciclismo resulta que no est\u00e1 preparada para ello como otras ciudades\u201d.\n<\/p>\n<p class=\"article-body__text \">\n        David Sequeria, es uno de los aficionados que \u00faltimamente est\u00e1 retomando el ciclismo. Despu\u00e9s de un tiempo sin practicarlo. Ayer comparec\u00eda acompa\u00f1ado de su hijo Julen y montando en su bici a Lorea, una ni\u00f1a de apenas dos a\u00f1os. \u201cTenemos muy buenas rutas de BTT e incluso la V\u00eda Verde, pero Estella no est\u00e1 preparada. Faltar\u00eda sobre todo la salida a Ayegui que parece que est\u00e1 paralizada y ser\u00eda muy necesaria para poder acceder a otras rutas como las de Montejurra\u201d.\n<\/p>\n<p class=\"article-body__text \">\n        Javier Gar\u00edn es uno de los veteranos aficionados ciclistas estelleses y tambi\u00e9n se quejaba de que las v\u00edas ciclistas han desaparecido de buena parte de la ciudad, \u201cen el paseo de la Inmaculada hay 10 coches aparcados en lo que fue el carril bici\u201d.\n<\/p>\n<p class=\"article-body__text \">\n        Un tema que el concejal de Deportes, Carlos Rubio, achacaba al \u00e1rea de \u201cMovilidad m\u00e1s que de Deportes, donde hemos querido recuperar este d\u00eda de porque creemos que hay que convivir los coches con las bicis, y ese es un trabajo de todos\u201d.<\/p>\n","protected":false},"excerpt":{"rendered":"\u201cUtiliza la bici durante el a\u00f1o\u201d, \u00e9se es el eslogan de la XXXI edici\u00f3n del D\u00eda de la&hellip;\n","protected":false},"author":2,"featured_media":116595,"comment_status":"","ping_status":"","sticky":false,"template":"","format":"standard","meta":{"footnotes":""},"categories":[273],"tags":[2237,34800,313,312,168,978,25,24,13102,39020,23,167],"class_list":{"0":"post-116594","1":"post","2":"type-post","3":"status-publish","4":"format-standard","5":"has-post-thumbnail","7":"category-ciclismo","8":"tag-bici","9":"tag-carriles","10":"tag-ciclismo","11":"tag-cycling","12":"tag-deportes","13":"tag-dia","14":"tag-es","15":"tag-espana","16":"tag-estella","17":"tag-pilla","18":"tag-spain","19":"tag-sports"},"share_on_mastodon":{"url":"","error":""},"_links":{"self":[{"href":"https:\/\/www.europesays.com\/es\/wp-json\/wp\/v2\/posts\/116594","targetHints":{"allow":["GET"]}}],"collection":[{"href":"https:\/\/www.europesays.com\/es\/wp-json\/wp\/v2\/posts"}],"about":[{"href":"https:\/\/www.europesays.com\/es\/wp-json\/wp\/v2\/types\/post"}],"author":[{"embeddable":true,"href":"https:\/\/www.europesays.com\/es\/wp-json\/wp\/v2\/users\/2"}],"replies":[{"embeddable":true,"href":"https:\/\/www.europesays.com\/es\/wp-json\/wp\/v2\/comments?post=116594"}],"version-history":[{"count":0,"href":"https:\/\/www.europesays.com\/es\/wp-json\/wp\/v2\/posts\/116594\/revisions"}],"wp:featuredmedia":[{"embeddable":true,"href":"https:\/\/www.europesays.com\/es\/wp-json\/wp\/v2\/media\/116595"}],"wp:attachment":[{"href":"https:\/\/www.europesays.com\/es\/wp-json\/wp\/v2\/media?parent=116594"}],"wp:term":[{"taxonomy":"category","embeddable":true,"href":"https:\/\/www.europesays.com\/es\/wp-json\/wp\/v2\/categories?post=116594"},{"taxonomy":"post_tag","embeddable":true,"href":"https:\/\/www.europesays.com\/es\/wp-json\/wp\/v2\/tags?post=116594"}],"curies":[{"name":"wp","href":"https:\/\/api.w.org\/{rel}","templated":true}]}}