{"id":116610,"date":"2025-09-15T12:41:08","date_gmt":"2025-09-15T12:41:08","guid":{"rendered":"https:\/\/www.europesays.com\/es\/116610\/"},"modified":"2025-09-15T12:41:08","modified_gmt":"2025-09-15T12:41:08","slug":"la-satira-acida-de-candela-sierra-gana-el-premio-nacional-de-comic-2025-cultura","status":"publish","type":"post","link":"https:\/\/www.europesays.com\/es\/116610\/","title":{"rendered":"La s\u00e1tira \u00e1cida de Candela Sierra gana el Premio Nacional de C\u00f3mic 2025 | Cultura"},"content":{"rendered":"<p class=\"\">Candela Sierra ha obtenido hoy, lunes, el Premio Nacional de C\u00f3mic 2025 por<a href=\"https:\/\/elpais.com\/cultura\/2024-03-16\/18-novelas-graficas-para-celebrar-el-dia-del-comic-y-el-tebeo.html\" target=\"_self\" rel=\"nofollow noopener\" title=\"https:\/\/elpais.com\/cultura\/2024-03-16\/18-novelas-graficas-para-celebrar-el-dia-del-comic-y-el-tebeo.html\"> Lo sabes aunque no te lo he dicho (Astiberri), <\/a>seg\u00fan anunci\u00f3 el Ministerio de Cultura, que concede el galard\u00f3n, dotado con 30.000 euros. El jurado se\u00f1ala que \u201ces una obra que da peso a la idea a trav\u00e9s del recurso narrativo y gr\u00e1fico\u201d, como recoge el comunicado oficial. <\/p>\n<p>M\u00e1s informaci\u00f3n<\/p>\n<p class=\"\">\u201cDesde el humor y un cierto regusto \u00e1cido y punzante, Sierra indaga en los problemas de comunicaci\u00f3n cotidianos, poniendo el foco en la superficialidad de las relaciones,<a href=\"https:\/\/elpais.com\/cultura\/2024-03-16\/18-novelas-graficas-para-celebrar-el-dia-del-comic-y-el-tebeo.html\" target=\"_self\" rel=\"nofollow noopener\" title=\"https:\/\/elpais.com\/cultura\/2024-03-16\/18-novelas-graficas-para-celebrar-el-dia-del-comic-y-el-tebeo.html\"> cierta miseria moral que, a veces, nos lleva<\/a> a comportarnos como ovejas de un reba\u00f1o. La magistral y equilibrada narrativa hace imposible abandonar la lectura de estas peque\u00f1as historias geniales, a veces absurdas, aunque <a href=\"https:\/\/www.astiberri.com\/products\/lo-sabes-aunque-no-te-lo-he-dicho\" target=\"_self\" rel=\"nofollow noopener\" title=\"https:\/\/www.astiberri.com\/products\/lo-sabes-aunque-no-te-lo-he-dicho\">dolorosamente veros\u00edmiles\u201d<\/a>, agrega el mismo documento, difundido por Cultura. <\/p>\n<p class=\"\"><a href=\"https:\/\/elpais.com\/cultura\/2024-03-16\/18-novelas-graficas-para-celebrar-el-dia-del-comic-y-el-tebeo.html\" target=\"_self\" rel=\"nofollow noopener\" title=\"https:\/\/elpais.com\/cultura\/2024-03-16\/18-novelas-graficas-para-celebrar-el-dia-del-comic-y-el-tebeo.html\">Lo sabes aunque no te lo he dicho <\/a>se compone de distintas historias breves que conforman, todas juntas, un retrato tan veros\u00edmil como descorazonador de las interacciones sociales. Seres humanos que no escuchan, salvo a s\u00ed mismos; no miran, salvo al m\u00f3vil; o no leen, salvo en diagonal. <a href=\"https:\/\/elpais.com\/cultura\/2024-03-16\/18-novelas-graficas-para-celebrar-el-dia-del-comic-y-el-tebeo.html\" target=\"_self\" rel=\"nofollow noopener\" title=\"https:\/\/elpais.com\/cultura\/2024-03-16\/18-novelas-graficas-para-celebrar-el-dia-del-comic-y-el-tebeo.html\">Eg\u00f3latras, ap\u00e1ticos, fr\u00edos, superficiales y unos cuantos adjetivos<\/a> m\u00e1s que cualquiera se ha merecido alguna vez en los \u00faltimos tiempos. Sierra pone as\u00ed al lector ante el espejo, tambi\u00e9n gracias a una gran variedad de recursos gr\u00e1ficos, eligiendo siempre el m\u00e1s apropiado para cada relato. <\/p>\n<p class=\"\">Sierra naci\u00f3 en Ronda (M\u00e1laga) en 1990 y es licenciada en Bellas Artes por la Universidad de Granada. Estudi\u00f3 un m\u00e1ster especializado en c\u00f3mic, en la Escuela Europea Superior de la Imagen de Angulema (Francia), ciudad en la que tambi\u00e9n disfrut\u00f3 de una residencia de creaci\u00f3n de la Maison des Auteurs, como recuerda el comunicado. Recibi\u00f3 el Premio Filmin y a la mejor pel\u00edcula de animaci\u00f3n del Notodofilmfest con Lingua et Veritate. Su anterior novela gr\u00e1fica, Rotunda, tambi\u00e9n abordaba con humor las ridiculeces de la sociedad.<\/p>\n","protected":false},"excerpt":{"rendered":"Candela Sierra ha obtenido hoy, lunes, el Premio Nacional de C\u00f3mic 2025 por Lo sabes aunque no te&hellip;\n","protected":false},"author":2,"featured_media":116611,"comment_status":"","ping_status":"","sticky":false,"template":"","format":"standard","meta":{"footnotes":""},"categories":[91],"tags":[8588,209,24996,146,147,25,24,15702,24705,225,39028,23],"class_list":{"0":"post-116610","1":"post","2":"type-post","3":"status-publish","4":"format-standard","5":"has-post-thumbnail","7":"category-entretenimiento","8":"tag-comic","9":"tag-cultura","10":"tag-dibujantes","11":"tag-entertainment","12":"tag-entretenimiento","13":"tag-es","14":"tag-espana","15":"tag-guionistas","16":"tag-humor","17":"tag-libros","18":"tag-premio-nacional-comic","19":"tag-spain"},"share_on_mastodon":{"url":"","error":""},"_links":{"self":[{"href":"https:\/\/www.europesays.com\/es\/wp-json\/wp\/v2\/posts\/116610","targetHints":{"allow":["GET"]}}],"collection":[{"href":"https:\/\/www.europesays.com\/es\/wp-json\/wp\/v2\/posts"}],"about":[{"href":"https:\/\/www.europesays.com\/es\/wp-json\/wp\/v2\/types\/post"}],"author":[{"embeddable":true,"href":"https:\/\/www.europesays.com\/es\/wp-json\/wp\/v2\/users\/2"}],"replies":[{"embeddable":true,"href":"https:\/\/www.europesays.com\/es\/wp-json\/wp\/v2\/comments?post=116610"}],"version-history":[{"count":0,"href":"https:\/\/www.europesays.com\/es\/wp-json\/wp\/v2\/posts\/116610\/revisions"}],"wp:featuredmedia":[{"embeddable":true,"href":"https:\/\/www.europesays.com\/es\/wp-json\/wp\/v2\/media\/116611"}],"wp:attachment":[{"href":"https:\/\/www.europesays.com\/es\/wp-json\/wp\/v2\/media?parent=116610"}],"wp:term":[{"taxonomy":"category","embeddable":true,"href":"https:\/\/www.europesays.com\/es\/wp-json\/wp\/v2\/categories?post=116610"},{"taxonomy":"post_tag","embeddable":true,"href":"https:\/\/www.europesays.com\/es\/wp-json\/wp\/v2\/tags?post=116610"}],"curies":[{"name":"wp","href":"https:\/\/api.w.org\/{rel}","templated":true}]}}