{"id":116616,"date":"2025-09-15T12:44:08","date_gmt":"2025-09-15T12:44:08","guid":{"rendered":"https:\/\/www.europesays.com\/es\/116616\/"},"modified":"2025-09-15T12:44:08","modified_gmt":"2025-09-15T12:44:08","slug":"el-ministro-urtasun-pide-a-rtve-que-amenace-con-no-ir-a-eurovision-y-la-uer-niega-la-rumoreada-propuesta-a-israel","status":"publish","type":"post","link":"https:\/\/www.europesays.com\/es\/116616\/","title":{"rendered":"El ministro Urtasun pide a RTVE que amenace con no ir a Eurovisi\u00f3n, y la UER niega la rumoreada propuesta a Israel"},"content":{"rendered":"<p class=\"article-text\">\n        El ministro de Cultura, <strong>Ernest Urtasun<\/strong>, sigue dejando clara la postura del Gobierno sobre <strong>Eurovisi\u00f3n e Israel<\/strong>. El portavoz de Sumar, que en su reciente visita a <strong>La hora de La 1<\/strong> ya <a href=\"https:\/\/www.eldiario.es\/vertele\/noticias\/ministro-urtasun-plantea-rtve-retire-eurovision-israel-si-no-logramos-expulsarles-habra-medidas_1_12589581.html\" target=\"_blank\" data-mrf-recirculation=\"links-noticia\" class=\"link\" rel=\"nofollow noopener\">plante\u00f3 la idea<\/a> de que <strong>RTVE <\/strong>se retire del festival si no se expulsa a la televisi\u00f3n israel\u00ed, ha insistido en ello afirmando que la cadena p\u00fablica deber\u00eda seguir los pasos de las emisoras de <a href=\"https:\/\/www.eldiario.es\/vertele\/noticias\/tv-irlanda-aprieta-uer-rtve-esperan-no-participara-eurovision-si-israel_1_12595407.html\" target=\"_blank\" data-mrf-recirculation=\"links-noticia\" class=\"link\" rel=\"nofollow noopener\">Irlanda <\/a>o<a href=\"https:\/\/www.eldiario.es\/vertele\/noticias\/paises-bajos-suma-irlanda-dejara-eurovision-si-sigue-israel-no-justificar-participacion_1_12598130.html\" target=\"_blank\" data-mrf-recirculation=\"links-noticia\" class=\"link\" rel=\"nofollow noopener\"> Pa\u00edses Bajos<\/a> y <strong>amenazar con salirse del evento como medida de presi\u00f3n<\/strong>.\n    <\/p>\n<p>    <a href=\"https:\/\/www.eldiario.es\/noticias\/eurovision-responde-posible-retirada-irlanda-asegura-todavia-recopilando-opiniones-israel_1_12597676.html\" data-mrf-recirculation=\"saber-mas\" data-dl-event=\"saber-mas\" rel=\"nofollow noopener\" target=\"_blank\"><\/p>\n<p class=\"know-more__title\">Eurovisi\u00f3n responde a la posible retirada de Irlanda y asegura que todav\u00eda est\u00e1n \u00abrecopilando opiniones sobre Israel\u00bb<\/p>\n<p>            <img decoding=\"async\" class=\"lazy\" loading=\"lazy\" data-src=\"https:\/\/static.eldiario.es\/clip\/94689d17-ec8f-4c9d-b21f-3bb69a3bbcce_16-9-aspect-ratio_default_0.jpg\" src=\"data:image\/svg+xml,%3Csvg xmlns=\" http:=\"\" viewbox=\"0 0 880 495\" alt=\"Eurovisi\u00f3n responde a la posible retirada de Irlanda y asegura que todav\u00eda est\u00e1n &quot;recopilando opiniones sobre Israel&quot;\"\/><\/p>\n<p>                        <\/a><\/p>\n<p class=\"article-text\">\n        En una comparecencia celebrada este domingo en Girona, el ministro ha aplaudido \u201clas muestras de solidaridd con el pueblo palestino\u201d que se manifestaron durante <a href=\"https:\/\/www.eldiario.es\/vertele\/noticias\/criticas-perico-delgado-senalar-rtve-manifestantes-vuelta-grupos-antisistema-les-da-igual-gaza_1_12603001.html\" target=\"_blank\" data-mrf-recirculation=\"links-noticia\" class=\"link\" rel=\"nofollow noopener\">la etapa final de<\/a><a href=\"https:\/\/www.eldiario.es\/vertele\/noticias\/criticas-perico-delgado-senalar-rtve-manifestantes-vuelta-grupos-antisistema-les-da-igual-gaza_1_12603001.html\" target=\"_blank\" data-mrf-recirculation=\"links-noticia\" class=\"link\" rel=\"nofollow noopener\"> La Vuelta<\/a>, y ha aprovechado para reiterar su posici\u00f3n sobre el certamen musical: \u201cLa sociedad espa\u00f1ola no quiere que los acontecimientos deportivos y culturales sirvan para blanquear el genocidio que se est\u00e1 cometiendo\u201d, ha declarado, como recoge EFE.\n    <\/p>\n<p class=\"article-text\">\n        Por ello, ha asegurado que de cara al Festival de Eurovisi\u00f3n del pr\u00f3ximo a\u00f1o hay que hacer \u201ctodo lo posible para que Israel no participe\u201d. Seg\u00fan Urtasun, \u201c<strong>todas las medidas de presi\u00f3n<\/strong>\u201d para que la KAN israel\u00ed no est\u00e9 presente en Viena 2026 \u201ctienen que estar encima de la mesa\u201d, incluida la <strong>\u201camenaza directa y clara\u201d de Espa\u00f1a de no participar en el evento<\/strong>. \u201cNos hemos de sumar como pa\u00eds a lo que ya han hecho pa\u00edses como Irlanda, Pa\u00edses Bajos, Eslovenia e Islandia, que han dicho de una manera muy clara que, si Israel participa, ellos no participar\u00e1n. <strong>Nos hemos de a\u00f1adir a este grupo de pa\u00edses<\/strong>\u201d, ha recalcado.\n    <\/p>\n<p class=\"article-text\">\n        Urtasun<strong> espera que RTVE \u201cen las pr\u00f3ximas horas y d\u00edas tambi\u00e9n valore esta cuesti\u00f3n<\/strong> y tome las decisiones pertinentes\u201d. Algo que ha reiterado este lunes ante los micr\u00f3fonos de <strong>RNE<\/strong>, como tambi\u00e9n recoge EFE. \u201cNo toleramos que los eventos deportivos y culturales normalicen un genocidio\u201d, ha apuntado, insistiendo en que \u201cigual que ya lo han hecho Irlanda, Eslovenia, Islandia y tambi\u00e9n los Pa\u00edses Bajos, si no logramos expulsar a Israel, Espa\u00f1a no debe participar\u201d.\n    <\/p>\n<p>            <img decoding=\"async\" class=\"lazy\" loading=\"lazy\" data-src=\"https:\/\/static.eldiario.es\/clip\/5d2f2885-8240-4383-ba99-cb6b2993ae5b_16-9-discover-aspect-ratio_default_0.jpg\" src=\"data:image\/svg+xml,%3Csvg xmlns=\" http:=\"\" viewbox=\"0 0 1200 675\" alt=\"Ernest Urtasun en 'La hora de La 1'\"\/><\/p>\n<p class=\"article-text\">\n        Menos contundente se ha manifestado <strong>\u00d3scar L\u00f3pez<\/strong>, ministro para la Transformaci\u00f3n Digital y de la Funci\u00f3n P\u00fablica, que tambi\u00e9n ha hablado de la pol\u00e9mica eurovisiva: \u201cYo creo que tarde o temprano, y desde luego para la pr\u00f3xima edici\u00f3n, <strong>algo habr\u00e1 que hacer<\/strong>. Hemos visto lo que ha pasado en La Vuelta\u201d, ha afirmado en declaraciones a Europa Press.\n    <\/p>\n<p>    M\u00e1s Madrid \u201cexige\u201d a RTVE que se retire si est\u00e1 Israel<\/p>\n<p class=\"article-text\">\n        Entre tanto, <strong>M\u00e1s Madrid <\/strong>ha tomado partido y exige a RTVE que retire a Espa\u00f1a de Eurovisi\u00f3n si Israel no es expulsado. Seg\u00fan ha trasladado al formaci\u00f3n regionalista a Europa Press, la presencia israel\u00ed en el festival supone la \u201cnormalizaci\u00f3n\u201d del genocidio contra el pueblo palestino y por ello piden que se adopten medidas \u201ccontundentes\u201d.\n    <\/p>\n<p class=\"article-text\">\n        \u201c<strong>Gaza no puede quedar al margen de un espect\u00e1culo televisivo de tal magnitud y que RTVE debe posicionarse con claridad <\/strong>como ha hecho el pueblo de Madrid este domingo impidiendo que La Vuelta entrara a Madrid blanqueando al estado genocida de Israel\u201d, han destacado.\n    <\/p>\n<p>    La UER desmiente los rumores sobre su &#8216;propuesta&#8217; a Israel<\/p>\n<p class=\"article-text\">\n        Por otro lado, este fin de semana trascend\u00eda a trav\u00e9s de la<strong> prensa de Israel<\/strong> que la <strong>Uni\u00f3n Europea de Radiodifusi\u00f3n <\/strong>habr\u00eda ofrecido a la KAN dos soluciones de cara a la pr\u00f3xima edici\u00f3n: una retirada temporal de Eurovisi\u00f3n, o su participaci\u00f3n en Viena 2026 con una bandera neutral. Sin embargo, el organismo lo ha desmentido.\n    <\/p>\n<p class=\"article-text\">\n        En declaraciones a <a href=\"https:\/\/www.hollywoodreporter.com\/music\/music-news\/eurovision-boycott-ebu-ireland-netherlands-israel-gaza-1236371542\/\" target=\"_blank\" data-mrf-recirculation=\"links-noticia\" class=\"link\" rel=\"nofollow noopener\">The Hollywood Reporter<\/a>, la <strong>UER niega que haya hecho tales propuestas a la televisi\u00f3n israel\u00ed<\/strong> y afirma que \u201clas consultas con los miembros siguen adelante y no se tomar\u00e1n decisiones hasta que el proceso concluya\u201d.\n    <\/p>\n<p>    <a href=\"https:\/\/www.eldiario.es\/vertele\/noticias\/emmy-2025-rinden-fenomeno-adolescencia-elevan-the-pitt-the-studio-grandes-series-ano_1_12602657.html\" data-mrf-recirculation=\"saber-mas-abajo\" data-dl-event=\"saber-mas-abajo\" rel=\"nofollow noopener\" target=\"_blank\"><\/p>\n<p class=\"know-more__title\">Los Emmy 2025 se rinden al fen\u00f3meno &#8216;Adolescencia&#8217; y elevan a &#8216;The Pitt&#8217; y &#8216;The Studio&#8217; como las grandes series del a\u00f1o\n<\/p>\n<p>            <img decoding=\"async\" class=\"lazy\" loading=\"lazy\" data-src=\"https:\/\/static.eldiario.es\/clip\/c8bbf346-20dd-4ad4-a7d0-4312a36194ef_16-9-aspect-ratio_default_0.jpg\" src=\"data:image\/svg+xml,%3Csvg xmlns=\" http:=\"\" viewbox=\"0 0 880 495\" alt=\"Los Emmy 2025 se rinden al fen\u00f3meno 'Adolescencia' y elevan a 'The Pitt' y 'The Studio' como las grandes series del a\u00f1o\"\/><\/p>\n<p>                        <\/a><\/p>\n<p class=\"article-text\">\n        En su comunicado al citado medio, el organismo organizador de Eurovisi\u00f3n insiste en que las televisiones tienen hasta <strong>el mes de diciembre<\/strong> para confirmar su participaci\u00f3n o no en la pr\u00f3xima edici\u00f3n, y afirman que \u201crespetar\u00e1n cualquier decisi\u00f3n\u201d.\n    <\/p>\n","protected":false},"excerpt":{"rendered":"El ministro de Cultura, Ernest Urtasun, sigue dejando clara la postura del Gobierno sobre Eurovisi\u00f3n e Israel. El&hellip;\n","protected":false},"author":2,"featured_media":116617,"comment_status":"","ping_status":"","sticky":false,"template":"","format":"standard","meta":{"footnotes":""},"categories":[42],"tags":[39029,17,18,24121,13,14,11,61,62,63,64,74,19,20,7459,9,9535,689,10,15,16,34,7679,518,39030,12,25165,21,22,5876,65,66,67],"class_list":{"0":"post-116616","1":"post","2":"type-post","3":"status-publish","4":"format-standard","5":"has-post-thumbnail","7":"category-internacional","8":"tag-amenace","9":"tag-breaking-news","10":"tag-breakingnews","11":"tag-eurovision","12":"tag-featured-news","13":"tag-featurednews","14":"tag-headlines","15":"tag-internacional","16":"tag-international","17":"tag-international-news","18":"tag-internationalnews","19":"tag-israel","20":"tag-latest-news","21":"tag-latestnews","22":"tag-ministro","23":"tag-news","24":"tag-niega","25":"tag-no","26":"tag-noticias","27":"tag-noticias-destacadas","28":"tag-noticiasdestacadas","29":"tag-pide","30":"tag-propuesta","31":"tag-rtve","32":"tag-rumoreada","33":"tag-titulares","34":"tag-uer","35":"tag-ultimas-noticias","36":"tag-ultimasnoticias","37":"tag-urtasun","38":"tag-world","39":"tag-world-news","40":"tag-worldnews"},"share_on_mastodon":{"url":"","error":""},"_links":{"self":[{"href":"https:\/\/www.europesays.com\/es\/wp-json\/wp\/v2\/posts\/116616","targetHints":{"allow":["GET"]}}],"collection":[{"href":"https:\/\/www.europesays.com\/es\/wp-json\/wp\/v2\/posts"}],"about":[{"href":"https:\/\/www.europesays.com\/es\/wp-json\/wp\/v2\/types\/post"}],"author":[{"embeddable":true,"href":"https:\/\/www.europesays.com\/es\/wp-json\/wp\/v2\/users\/2"}],"replies":[{"embeddable":true,"href":"https:\/\/www.europesays.com\/es\/wp-json\/wp\/v2\/comments?post=116616"}],"version-history":[{"count":0,"href":"https:\/\/www.europesays.com\/es\/wp-json\/wp\/v2\/posts\/116616\/revisions"}],"wp:featuredmedia":[{"embeddable":true,"href":"https:\/\/www.europesays.com\/es\/wp-json\/wp\/v2\/media\/116617"}],"wp:attachment":[{"href":"https:\/\/www.europesays.com\/es\/wp-json\/wp\/v2\/media?parent=116616"}],"wp:term":[{"taxonomy":"category","embeddable":true,"href":"https:\/\/www.europesays.com\/es\/wp-json\/wp\/v2\/categories?post=116616"},{"taxonomy":"post_tag","embeddable":true,"href":"https:\/\/www.europesays.com\/es\/wp-json\/wp\/v2\/tags?post=116616"}],"curies":[{"name":"wp","href":"https:\/\/api.w.org\/{rel}","templated":true}]}}