{"id":116623,"date":"2025-09-15T12:48:14","date_gmt":"2025-09-15T12:48:14","guid":{"rendered":"https:\/\/www.europesays.com\/es\/116623\/"},"modified":"2025-09-15T12:48:14","modified_gmt":"2025-09-15T12:48:14","slug":"mas-orejas-que-contenido-en-la-segunda-de-la-algaba","status":"publish","type":"post","link":"https:\/\/www.europesays.com\/es\/116623\/","title":{"rendered":"M\u00e1s orejas que contenido en la segunda de La Algaba"},"content":{"rendered":"<p>\t\t\t\t\t<img data-recalc-dims=\"1\" fetchpriority=\"high\" decoding=\"async\" aria-describedby=\"caption-attachment-239824\" data-attachment-id=\"239824\" data-permalink=\"https:\/\/sevillatoro.es\/mas-orejas-que-contenido-en-la-segunda-de-la-algaba\/01-nicasio-carbonell\/\" data-orig-file=\"https:\/\/i0.wp.com\/sevillatoro.es\/wp-content\/uploads\/01.-Nicasio-Carbonell-scaled.jpg?fit=2880%2C1995&amp;ssl=1\" data-orig-size=\"2880,1995\" data-comments-opened=\"0\" data-image-meta=\"{&quot;aperture&quot;:&quot;3.5&quot;,&quot;credit&quot;:&quot;&quot;,&quot;camera&quot;:&quot;NIKON D7500&quot;,&quot;caption&quot;:&quot;&quot;,&quot;created_timestamp&quot;:&quot;1757878649&quot;,&quot;copyright&quot;:&quot;&quot;,&quot;focal_length&quot;:&quot;112&quot;,&quot;iso&quot;:&quot;800&quot;,&quot;shutter_speed&quot;:&quot;0.0015625&quot;,&quot;title&quot;:&quot;&quot;,&quot;orientation&quot;:&quot;1&quot;}\" data-image-title=\"01. Nicasio Carbonell\" data-image-description=\"\" data-image-caption=\"\" data-medium-file=\"https:\/\/i0.wp.com\/sevillatoro.es\/wp-content\/uploads\/01.-Nicasio-Carbonell-scaled.jpg?fit=300%2C208&amp;ssl=1\" data-large-file=\"https:\/\/i0.wp.com\/sevillatoro.es\/wp-content\/uploads\/01.-Nicasio-Carbonell-scaled.jpg?fit=1024%2C709&amp;ssl=1\" class=\"wp-image-239824 size-full\" src=\"https:\/\/www.europesays.com\/es\/wp-content\/uploads\/2025\/09\/01.-Nicasio-Carbonell-scaled.jpg\" alt=\"\" width=\"1080\" height=\"748\"  \/><\/p>\n<p id=\"caption-attachment-239824\" class=\"wp-caption-text\">Nicasio Carbonell. Foto: \u00c1lvaro Pastor Torres<\/p>\n<p style=\"text-align: justify\"><strong>\u00c1lvaro Pastor Torres<\/strong>.-\u00a0M\u00e1s de dos horas de funci\u00f3n para s\u00f3lo cuatro novillos sin picadores, faenas interminables, vueltas al ruedo eternas con un mont\u00f3n de selfies incluidos, cinco orejas y pocas cosas que verdaderamente llamaran la atenci\u00f3n. Novillada muy a modo de Osborne, noble y flojita. Manuel D\u00edaz, con oficio, emborron\u00f3 su dilatada labor con los aceros. El local Nicasio Carbonell, muy arropado por el paisanaje, hizo una faena de menos a m\u00e1s, con demasiadas distancias y rematada por un infame espadazo. Faena muy larga tambi\u00e9n de Aparicio con todos los t\u00f3picos del \u00abtoreo moderno\u00bb. Y bullicioso en los tres tercios el levantino Hugo Mas\u00eda que ven\u00eda a sustituir al lesionado en M\u00e1laga Daniel Artazos.<\/p>\n<p style=\"text-align: justify\">Plaza de toros de La Algaba (Sevilla). Domingo 14 de septiembre de 2025. Novillada sin picadores. Segundo festejo del XLVI ciclo de promoci\u00f3n de j\u00f3venes valores de la tauromaquia. Lleno en la zona de carros y casi lleno en la parte de obra. Tarde calurosa. Antes de salir el primer eral se soltaron dos becerras para los alumnos m\u00e1s j\u00f3venes de la Escuela Taurina Municipal de La Algaba. Buena lidia de Luis Germ\u00e1n Nav\u00edo al 1\u00ba. Magn\u00edficas interpretaciones y repertorio de la Asociaci\u00f3n Musical de La Algaba, dirigida por Carlos Guill\u00e9n. Al final del festejo salieron a hombros Nicasio Carbonell y Antonio Aparicio. \u00a0<\/p>\n<p style=\"text-align: justify\">Cuatro novillos de Herederos de Jos\u00e9 Luis Osborne V\u00e1zquez, correctamente presentados, nobles en general y con poca fuerza. El mejor, el 2\u00ba (Distinguido-34, del guarismo 3, burraco) premiado con la vuelta al ruedo.<\/p>\n<p style=\"text-align: justify\">Manuel D\u00edaz (de Ronda, Escuela Taurina de La Algaba): silencio tras aviso \u00a0<\/p>\n<p style=\"text-align: justify\">Nicasio Carbonell (de La Algaba): dos orejas<\/p>\n<p style=\"text-align: justify\">Antonio Aparicio (de Murcia): dos orejas<\/p>\n<p style=\"text-align: justify\">Hugo Mas\u00eda (de Algemes\u00ed, Valencia): oreja<\/p>\n<p>Me gusta esto:<\/p>\n<p>Me gusta Cargando&#8230;<\/p>\n<p><a class=\"sd-link-color\"\/><\/p>\n<p>\n\tRelacionado<\/p>\n","protected":false},"excerpt":{"rendered":"Nicasio Carbonell. Foto: \u00c1lvaro Pastor Torres \u00c1lvaro Pastor Torres.-\u00a0M\u00e1s de dos horas de funci\u00f3n para s\u00f3lo cuatro novillos&hellip;\n","protected":false},"author":2,"featured_media":116624,"comment_status":"","ping_status":"","sticky":false,"template":"","format":"standard","meta":{"footnotes":""},"categories":[277],"tags":[373,168,25,24,23,167,374],"class_list":{"0":"post-116623","1":"post","2":"type-post","3":"status-publish","4":"format-standard","5":"has-post-thumbnail","7":"category-toreo","8":"tag-bullfighting","9":"tag-deportes","10":"tag-es","11":"tag-espana","12":"tag-spain","13":"tag-sports","14":"tag-toreo"},"share_on_mastodon":{"url":"","error":""},"_links":{"self":[{"href":"https:\/\/www.europesays.com\/es\/wp-json\/wp\/v2\/posts\/116623","targetHints":{"allow":["GET"]}}],"collection":[{"href":"https:\/\/www.europesays.com\/es\/wp-json\/wp\/v2\/posts"}],"about":[{"href":"https:\/\/www.europesays.com\/es\/wp-json\/wp\/v2\/types\/post"}],"author":[{"embeddable":true,"href":"https:\/\/www.europesays.com\/es\/wp-json\/wp\/v2\/users\/2"}],"replies":[{"embeddable":true,"href":"https:\/\/www.europesays.com\/es\/wp-json\/wp\/v2\/comments?post=116623"}],"version-history":[{"count":0,"href":"https:\/\/www.europesays.com\/es\/wp-json\/wp\/v2\/posts\/116623\/revisions"}],"wp:featuredmedia":[{"embeddable":true,"href":"https:\/\/www.europesays.com\/es\/wp-json\/wp\/v2\/media\/116624"}],"wp:attachment":[{"href":"https:\/\/www.europesays.com\/es\/wp-json\/wp\/v2\/media?parent=116623"}],"wp:term":[{"taxonomy":"category","embeddable":true,"href":"https:\/\/www.europesays.com\/es\/wp-json\/wp\/v2\/categories?post=116623"},{"taxonomy":"post_tag","embeddable":true,"href":"https:\/\/www.europesays.com\/es\/wp-json\/wp\/v2\/tags?post=116623"}],"curies":[{"name":"wp","href":"https:\/\/api.w.org\/{rel}","templated":true}]}}