{"id":116625,"date":"2025-09-15T12:49:08","date_gmt":"2025-09-15T12:49:08","guid":{"rendered":"https:\/\/www.europesays.com\/es\/116625\/"},"modified":"2025-09-15T12:49:08","modified_gmt":"2025-09-15T12:49:08","slug":"conor-mcgregor-se-retira-de-la-carrera-por-la-presidencia-de-irlanda","status":"publish","type":"post","link":"https:\/\/www.europesays.com\/es\/116625\/","title":{"rendered":"Conor McGregor se retira de la carrera por la presidencia de Irlanda"},"content":{"rendered":"<p data-mrf-recirculation=\"Links P\u00e1rrafos\" class=\"ue-c-article__paragraph paragraph\"><strong>Conor McGregor<\/strong> ha vuelto a hacer de las suyas. &#8216;The Notorious&#8217; hab\u00eda mostrado sus intenciones de presentarse como candidato a la <strong>presidencia de Irlanda<\/strong> con el partido Fine Gael de cara a las elecciones del pr\u00f3ximo 24 de octubre. Sin embargo, esta ma\u00f1ana McGregor se ha <strong>retirado<\/strong> de la carrera electoral a trav\u00e9s de un comunicado en redes.\u00a0El que fuese el primer\u00a0<strong>doble campe\u00f3n<\/strong>\u00a0simult\u00e1neo de la UFC ha sido protagonista en los \u00faltimos meses de varios <strong>esc\u00e1ndalos<\/strong> personales, como un sonado<strong> juicio<\/strong> por violaci\u00f3n, lo que podr\u00eda haber sido el <strong>desencadenante<\/strong> definitivo de esta decisi\u00f3n.<\/p>\n<p data-mrf-recirculation=\"Links P\u00e1rrafos\" class=\"ue-c-article__paragraph paragraph\">Eso s\u00ed, en dicho comunicado Conor asegura que esto es tan solo el <strong>principio<\/strong> de su intromisi\u00f3n en la pol\u00edtica, sacando pecho por su labor desde que decidi\u00f3 formar parte de este movimiento. Adem\u00e1s, ha lanzado un <strong>dardo<\/strong> a las altas esferas y al proceso de elecci\u00f3n para la presidencia. Todo hace indicar que ser\u00e1 la ex ministra <strong>Heather Humphreys<\/strong> la candidata del partido Fine Gael, mientras que<strong> Jim Gavin<\/strong> lo har\u00e1 por parte de Fianna F\u00e1il.<\/p>\n<blockquote class=\"ue-c-article__blockquote\">\n<p>Estas no ser\u00e1n mis \u00faltimas elecciones<\/p>\n<p>Conor McGregor, en su comunicado<\/p><\/blockquote>\n<p data-mrf-recirculation=\"Links P\u00e1rrafos\" class=\"ue-c-article__paragraph paragraph\"><strong>Comunicado de McGregor:<\/strong><\/p>\n<p data-mrf-recirculation=\"Links P\u00e1rrafos\" class=\"ue-c-article__paragraph paragraph\">Recientemente anunci\u00e9 mi sincera y genuina intenci\u00f3n de postularme para el cargo de Presidente de Irlanda. Soy un ga\u00e9lico muy apasionado y me enorgullezco de nuestro pa\u00eds. He demostrado este esp\u00edritu combativo irland\u00e9s a nivel mundial y nos ha colocado en la cima. Me he sentido verdaderamente honrado por el apoyo y el aliento que he recibido al recorrer nuestra gran reuni\u00f3n en la isla y hablar con los \u00abirlandeses olvidados\u00bb que se sienten abandonados e ignorados por la pol\u00edtica progresista.<\/p>\n<p data-mrf-recirculation=\"Links P\u00e1rrafos\" class=\"ue-c-article__paragraph paragraph\">El mi\u00e9rcoles pasado viaj\u00e9 a Nueva York, hogar de muchos irlandeses que persiguieron sus sue\u00f1os en busca de la felicidad, para conmemorar con justicia los tr\u00e1gicos atentados terroristas del 11-S y hablar sobre mis aspiraciones para Irlanda con el gobierno estadounidense. Permanezco en Estados Unidos y asistir\u00e9 a reuniones imprevistas inminentes que se traducir\u00e1n en empleos para los irlandeses.\u00a0<\/p>\n<p><img decoding=\"async\" width=\"1024\" height=\"682\" class=\"ue-c-article__image lazyload\" alt=\"MARCA SPORT WEEKEND, COMOR MCGREGOR EN EL TEATRO ROMANO DE MALAGA\" loading=\"lazy\" src=\"https:\/\/www.europesays.com\/es\/wp-content\/uploads\/2025\/09\/688ba1a42de63.jpeg\"\/><\/p>\n<p>MARCA SPORT WEEKEND, COMOR MCGREGOR EN EL TEATRO ROMANO DE MALAGARAM\u00d3N NAVARRO<\/p>\n<p data-mrf-recirculation=\"Links P\u00e1rrafos\" class=\"ue-c-article__paragraph paragraph\">Irlanda ha cambiado dr\u00e1sticamente en los \u00faltimos a\u00f1os; sin embargo, se ve limitada por la camisa de fuerza de una Constituci\u00f3n obsoleta, defendida selectivamente por los principales partidos y explotada para impedir la disputa de unas elecciones presidenciales verdaderamente democr\u00e1ticas. Est\u00e1 manipulada para garantizar que solo los candidatos aprobados por la clase dirigente puedan ser seleccionados en las urnas.<\/p>\n<p data-mrf-recirculation=\"Links P\u00e1rrafos\" class=\"ue-c-article__paragraph paragraph\">Este d\u00e9ficit democr\u00e1tico, contrario a la voluntad del pueblo irland\u00e9s, se ha visto magnificado con \u00e9xito gracias a mi inter\u00e9s. En muy poco tiempo, he catalizado una movilizaci\u00f3n por un cambio positivo en Irlanda contra una perversa caza de brujas pol\u00edtica, en colaboraci\u00f3n con los grandes medios de comunicaci\u00f3n, que han difundido noticias falsas. Ahora existe un movimiento muy visible y activo de patriotas irlandeses que regresan a sus or\u00edgenes culturales e hist\u00f3ricos, buscando mantener y proteger nuestra forma de vida como irlandeses.\u00a0<\/p>\n<p data-mrf-recirculation=\"Links P\u00e1rrafos\" class=\"ue-c-article__paragraph paragraph\">Tras una cuidadosa reflexi\u00f3n y tras consultar con mi familia, retiro mi candidatura presidencial. No fue una decisi\u00f3n f\u00e1cil, pero es la correcta en este momento. Si bien no me presentar\u00e9 a estas elecciones, mi compromiso con Irlanda no termina aqu\u00ed. Seguir\u00e9 sirviendo a mi pueblo utilizando mi plataforma internacional para promover los intereses irlandeses en el extranjero, fortalecer nuestras oportunidades econ\u00f3micas y defender la transparencia y la responsabilidad en la vida p\u00fablica nacional.<\/p>\n<p data-mrf-recirculation=\"Links P\u00e1rrafos\" class=\"ue-c-article__paragraph paragraph\">Esta campa\u00f1a ha suscitado un importante debate sobre la democracia en Irlanda, sobre qui\u00e9n se presenta, qui\u00e9n elige y c\u00f3mo podemos garantizar que la presidencia pertenezca verdaderamente al pueblo. Ese debate no terminar\u00e1 con mi retirada. La ola de cambio ha comenzado y es irreversible. Es mi primera incursi\u00f3n en la pol\u00edtica, y aunque he decidido retirarme en esta ocasi\u00f3n, se han logrado avances significativos.<\/p>\n<p data-mrf-recirculation=\"Links P\u00e1rrafos\" class=\"ue-c-article__paragraph paragraph\">Quiero asegurar al pueblo de Irlanda que estas no ser\u00e1n mis \u00faltimas elecciones. Me ver\u00e1n haciendo campa\u00f1a de nuevo en el futuro, luchando por sus derechos y representando los mejores intereses de nuestra naci\u00f3n. Este no es el final, sino el comienzo de mi trayectoria pol\u00edtica. Me impulsa el compromiso de mejorar vidas, defender derechos y servir al pueblo irland\u00e9s con dedicaci\u00f3n e integridad. Seguir\u00e9 sirviendo a mi pueblo a nivel mundial, abogando por los mejores intereses sociales y econ\u00f3micos de Irlanda; de eso no hay duda.<\/p>\n<p><img decoding=\"async\" width=\"1980\" height=\"1320\" class=\"ue-c-article__image lazyload\" alt=\"Conor McGregor en su \u00faltimo combate en UFC\" loading=\"lazy\" src=\"https:\/\/www.europesays.com\/es\/wp-content\/uploads\/2025\/09\/17074141408927.jpeg\"\/>El regreso m\u00e1s esperado de la historia<\/p>\n<p data-mrf-recirculation=\"Links P\u00e1rrafos\" class=\"ue-c-article__paragraph paragraph\">Tras este <strong>duro golpe<\/strong> en su nueva faceta como pol\u00edtico, McGregor tendr\u00e1 <strong>v\u00eda libre <\/strong>para centrarse al 100 % en su <strong>regreso a la UFC<\/strong> para la cartelera de la<strong> Casa Blanca<\/strong> que se disputar\u00e1 en junio de 2026. &#8216;The Notorious&#8217; es la mayor <strong>superestrella<\/strong> de la historia de la compa\u00f1\u00eda, y no compite desde que sufriese una<strong> grave lesi\u00f3n<\/strong> en su pierna ante Dustin Poirier en julio de 2021.<\/p>\n<p data-mrf-recirculation=\"Links P\u00e1rrafos\" class=\"ue-c-article__paragraph paragraph\">En 2024, el peleador irland\u00e9s ten\u00eda pactado un combate contra <strong>Michael Chandler <\/strong>en el UFC 303, pero otra lesi\u00f3n en un dedo del pie le oblig\u00f3 a <strong>cancelar<\/strong> la pelea. Desde entonces, no hab\u00eda vuelto a haber noticias de McGregor a nivel deportivo, hasta que se enter\u00f3 del evento en los <strong>jard\u00ednes<\/strong> de la residencia presidencial de Estados Unidos. A d\u00eda de hoy, Conor ha vuelto a entrar a la <strong>testing pool<\/strong>, y ha compartido varios v\u00eddeos entrenando que <strong>corroboran<\/strong> sus intenciones.<\/p>\n<p data-mrf-recirculation=\"Links P\u00e1rrafos\" class=\"ue-c-article__paragraph paragraph\">De hecho, el propio <strong>Dana White<\/strong> -jefe de la UFC- ha declarado recientemente que est\u00e1<strong> ilusionado<\/strong> y espera contar con &#8216;The Notorious&#8217; para esta cartelera. Sin embargo, la realidad es que el irland\u00e9s lleva demasiado tiempo siendo<strong> noticia <\/strong>\u00fanicamente por lo que pasa fuera del oct\u00e1gono, y su reciente retirada de la carrera presidencial es otro<strong>\u00a0ejemplo<\/strong>\u00a0m\u00e1s de los problemas que le rodean.<\/p>\n","protected":false},"excerpt":{"rendered":"Conor McGregor ha vuelto a hacer de las suyas. &#8216;The Notorious&#8217; hab\u00eda mostrado sus intenciones de presentarse como&hellip;\n","protected":false},"author":2,"featured_media":116626,"comment_status":"","ping_status":"","sticky":false,"template":"","format":"standard","meta":{"footnotes":""},"categories":[276],"tags":[168,25,24,23,167,343],"class_list":{"0":"post-116625","1":"post","2":"type-post","3":"status-publish","4":"format-standard","5":"has-post-thumbnail","7":"category-ufc","8":"tag-deportes","9":"tag-es","10":"tag-espana","11":"tag-spain","12":"tag-sports","13":"tag-ufc"},"share_on_mastodon":{"url":"","error":""},"_links":{"self":[{"href":"https:\/\/www.europesays.com\/es\/wp-json\/wp\/v2\/posts\/116625","targetHints":{"allow":["GET"]}}],"collection":[{"href":"https:\/\/www.europesays.com\/es\/wp-json\/wp\/v2\/posts"}],"about":[{"href":"https:\/\/www.europesays.com\/es\/wp-json\/wp\/v2\/types\/post"}],"author":[{"embeddable":true,"href":"https:\/\/www.europesays.com\/es\/wp-json\/wp\/v2\/users\/2"}],"replies":[{"embeddable":true,"href":"https:\/\/www.europesays.com\/es\/wp-json\/wp\/v2\/comments?post=116625"}],"version-history":[{"count":0,"href":"https:\/\/www.europesays.com\/es\/wp-json\/wp\/v2\/posts\/116625\/revisions"}],"wp:featuredmedia":[{"embeddable":true,"href":"https:\/\/www.europesays.com\/es\/wp-json\/wp\/v2\/media\/116626"}],"wp:attachment":[{"href":"https:\/\/www.europesays.com\/es\/wp-json\/wp\/v2\/media?parent=116625"}],"wp:term":[{"taxonomy":"category","embeddable":true,"href":"https:\/\/www.europesays.com\/es\/wp-json\/wp\/v2\/categories?post=116625"},{"taxonomy":"post_tag","embeddable":true,"href":"https:\/\/www.europesays.com\/es\/wp-json\/wp\/v2\/tags?post=116625"}],"curies":[{"name":"wp","href":"https:\/\/api.w.org\/{rel}","templated":true}]}}