{"id":116631,"date":"2025-09-15T12:52:08","date_gmt":"2025-09-15T12:52:08","guid":{"rendered":"https:\/\/www.europesays.com\/es\/116631\/"},"modified":"2025-09-15T12:52:08","modified_gmt":"2025-09-15T12:52:08","slug":"una-organizacion-proisraeli-se-querella-contra-sanchez-y-varios-ministros-por-la-difusion-de-mensajes-politicos-para-el-boicot-de-la-vuelta-ciclista","status":"publish","type":"post","link":"https:\/\/www.europesays.com\/es\/116631\/","title":{"rendered":"Una organizaci\u00f3n proisrael\u00ed se querella contra S\u00e1nchez y varios ministros por la difusi\u00f3n de mensajes pol\u00edticos para el boicot de La Vuelta Ciclista"},"content":{"rendered":"<p>Ya denunci\u00f3 el \u00absalto antisemita\u00bb del presidente del Gobierno la semana pasada<\/p>\n<p><img fetchpriority=\"high\" class=\"voc-img\" src=\"https:\/\/www.europesays.com\/es\/wp-content\/uploads\/2025\/09\/1500778519-RcXIbtW1DSFobkkMkAKxzhI-1200x840@diario_abc.JPG\" loading=\"eager\" decoding=\"async\" alt=\"Las manifestaciones propalestinas cortan el recorrido de la Vuelta en el centro de Madrid\" width=\"1200\" height=\"840\"\/><\/p>\n<p>Las manifestaciones propalestinas cortan el recorrido de la Vuelta en el centro de Madrid    efe  <\/p>\n<p>15\/09\/2025<br \/>\n<br \/><strong><br \/>\nActualizado a las 14:48h.<br \/>\n<\/strong><\/p>\n<p class=\"voc-p\" style=\"\">Acci\u00f3n y Comunicaci\u00f3n sobre Oriente Medio, asociaci\u00f3n aconfesional e independiente cuyo objetivo es reforzar la relaci\u00f3n entre Espa\u00f1a e Israel, ha anunciado que presentar\u00e1 una querella contra Pedro S\u00e1nchez, el presidente del Gobierno, y varios ministros ante el Tribunal Supremo debido al \u00abnuevo ataque a los principios de igualdad, neutralidad institucional y respeto a la legalidad vigente\u00bb. La raz\u00f3n son las declaraciones en apoyo a las manifestaciones contra La Vuelta a Espa\u00f1a que provocaron <a href=\"https:\/\/www.abc.es\/espana\/indignacion-policia-tras-incidentes-vuelta-diseno-dispositivo-20250915115613-nt.html\" target=\"_self\" data-voc-vtm-id=\"in-text-traffic\" title=\"la suspensi\u00f3n de la \u00faltima etapa en Madrid el pasado domingo\" rel=\"nofollow noopener\">la suspensi\u00f3n de la \u00faltima etapa en Madrid el pasado domingo<\/a>.<\/p>\n<p class=\"voc-p\" style=\"\">Desde la organizaci\u00f3n han querido expresar, adem\u00e1s, que su \u00abprofunda preocupaci\u00f3n por los acontecimientos ocurridos en la etapa del pasado domingo de la Vuelta\u00bb. Esto, seg\u00fan comunican, es un nuevo hecho que se suman \u00aba los numerosos antecedentes\u00bb que vienen \u00abdenunciando de forma sistem\u00e1tica en los \u00faltimos a\u00f1os\u00bb.<\/p>\n<p class=\"voc-p\" style=\"\">\u00abNuestra organizaci\u00f3n lleva tiempo alertando de la utilizaci\u00f3n de eventos deportivos de relevancia nacional para difundir mensajes pol\u00edticos que no tienen cabida en un Estado de derecho\u00bb, han declarando, a\u00f1adiendo que \u00abla permisividad de las autoridades frente a estas pr\u00e1cticas constituye una grave vulneraci\u00f3n\u00bb. Por todo ello, presentar\u00e1n la querella ante el Tribunal Supremo \u00aba fin de que se depuren las responsabilidades legales correspondientes y se restablezca el respeto a la ley y a las instituciones\u00bb.<\/p>\n<p class=\"voc-p\" style=\"\">La asociaci\u00f3n, hace una semana, ya denunci\u00f3 el \u00absalto antisemita\u00bb de Pedro S\u00e1nchez por sus las sanciones y declaraciones contra Israel (\u00abLo de Israel no es defenderse, es exterminar a un pueblo indefenso\u00bb). En el comunicado del pasado 8 de septiembre, declararon que \u00abllamar \u00abgenocidio\u00bb y \u00abexterminio\u00bb a la leg\u00edtima defensa de una democracia asediada es una infamia hist\u00f3rica\u00bb. Recordaron, adem\u00e1s, que \u00abning\u00fan tribunal competente ha declarado la existencia de tal crimen; convertirlo en eslogan de gobierno es irresponsable y da\u00f1ino para la posici\u00f3n internacional de Espa\u00f1a\u00bb.<\/p>\n<p>Reportar un error<\/p>\n","protected":false},"excerpt":{"rendered":"Ya denunci\u00f3 el \u00absalto antisemita\u00bb del presidente del Gobierno la semana pasada Las manifestaciones propalestinas cortan el recorrido&hellip;\n","protected":false},"author":2,"featured_media":116632,"comment_status":"","ping_status":"","sticky":false,"template":"","format":"standard","meta":{"footnotes":""},"categories":[273],"tags":[39033,35163,313,1757,312,168,30163,25,24,15162,4869,1670,38,199,23,167,12985,1357],"class_list":{"0":"post-116631","1":"post","2":"type-post","3":"status-publish","4":"format-standard","5":"has-post-thumbnail","7":"category-ciclismo","8":"tag-acom","9":"tag-boicot","10":"tag-ciclismo","11":"tag-ciclista","12":"tag-cycling","13":"tag-deportes","14":"tag-difusion","15":"tag-es","16":"tag-espana","17":"tag-mensajes","18":"tag-ministros","19":"tag-politicos","20":"tag-querella","21":"tag-sanchez","22":"tag-spain","23":"tag-sports","24":"tag-varios","25":"tag-vuelta"},"share_on_mastodon":{"url":"","error":""},"_links":{"self":[{"href":"https:\/\/www.europesays.com\/es\/wp-json\/wp\/v2\/posts\/116631","targetHints":{"allow":["GET"]}}],"collection":[{"href":"https:\/\/www.europesays.com\/es\/wp-json\/wp\/v2\/posts"}],"about":[{"href":"https:\/\/www.europesays.com\/es\/wp-json\/wp\/v2\/types\/post"}],"author":[{"embeddable":true,"href":"https:\/\/www.europesays.com\/es\/wp-json\/wp\/v2\/users\/2"}],"replies":[{"embeddable":true,"href":"https:\/\/www.europesays.com\/es\/wp-json\/wp\/v2\/comments?post=116631"}],"version-history":[{"count":0,"href":"https:\/\/www.europesays.com\/es\/wp-json\/wp\/v2\/posts\/116631\/revisions"}],"wp:featuredmedia":[{"embeddable":true,"href":"https:\/\/www.europesays.com\/es\/wp-json\/wp\/v2\/media\/116632"}],"wp:attachment":[{"href":"https:\/\/www.europesays.com\/es\/wp-json\/wp\/v2\/media?parent=116631"}],"wp:term":[{"taxonomy":"category","embeddable":true,"href":"https:\/\/www.europesays.com\/es\/wp-json\/wp\/v2\/categories?post=116631"},{"taxonomy":"post_tag","embeddable":true,"href":"https:\/\/www.europesays.com\/es\/wp-json\/wp\/v2\/tags?post=116631"}],"curies":[{"name":"wp","href":"https:\/\/api.w.org\/{rel}","templated":true}]}}