{"id":116633,"date":"2025-09-15T12:53:14","date_gmt":"2025-09-15T12:53:14","guid":{"rendered":"https:\/\/www.europesays.com\/es\/116633\/"},"modified":"2025-09-15T12:53:14","modified_gmt":"2025-09-15T12:53:14","slug":"chau-ferrari-este-sera-el-mejor-motor-de-la-formula-1-en-2026-segun-los-expertos","status":"publish","type":"post","link":"https:\/\/www.europesays.com\/es\/116633\/","title":{"rendered":"Chau Ferrari: este ser\u00e1 el mejor motor de la F\u00f3rmula 1 en 2026, seg\u00fan los expertos"},"content":{"rendered":"<p class=\"left paragraph font__body-regular\">La<b> <\/b><a href=\"https:\/\/tn.com.ar\/deportes\/automovilismo\/2025\/09\/13\/franco-colapinto-revelo-quienes-son-sus-tres-maximos-idolos-de-la-formula-1\/\" target=\"_blank\" rel=\"noreferrer nofollow noopener\" title=\"https:\/\/tn.com.ar\/deportes\/automovilismo\/2025\/09\/13\/franco-colapinto-revelo-quienes-son-sus-tres-maximos-idolos-de-la-formula-1\/\"><b>F\u00f3rmula 1<\/b><\/a><b> <\/b>cambiar\u00e1 dr\u00e1sticamente en 2026 con la nueva reglamentaci\u00f3n y hay un fabricante en particular que se les adelant\u00f3 a sus competidores para lograr el mejor funcionamiento posible bajo la novedosa regulaci\u00f3n: <b>Mercedes<\/b>.<\/p>\n<p class=\"left paragraph font__body-regular\">Seg\u00fan indica un reciente art\u00edculo del sitio especializado MotorSport, la marca alemana <b>\u201ces considerada el fabricante m\u00e1s avanzado <\/b>en el desarrollo del propulsor que combina el 50% de la potencia endot\u00e9rmica con la misma cantidad de energ\u00eda el\u00e9ctrica\u00bb.<\/p>\n<p class=\"left paragraph font__body-regular\"><b>Le\u00e9 tambi\u00e9n<\/b><b>: <\/b><a href=\"https:\/\/tn.com.ar\/deportes\/automovilismo\/2025\/09\/14\/el-periodista-juan-fossaroli-hablo-sobre-el-futuro-de-franco-colapinto-y-les-respondio-a-los-que-lo-critican\/\" target=\"_blank\" rel=\"noreferrer nofollow noopener\" title=\"https:\/\/tn.com.ar\/deportes\/automovilismo\/2025\/09\/14\/el-periodista-juan-fossaroli-hablo-sobre-el-futuro-de-franco-colapinto-y-les-respondio-a-los-que-lo-critican\/\"><b>El periodista Juan Fossaroli habl\u00f3 sobre el futuro de Franco Colapinto y les respondi\u00f3 a los que lo critican<\/b><\/a><\/p>\n<p class=\"left paragraph font__body-regular\">Esto afecta principalmente a cuatro escuder\u00edas: la propia <b>Mercedes, McLaren, Williams y <\/b><a href=\"https:\/\/tn.com.ar\/deportes\/automovilismo\/2025\/09\/12\/un-expiloto-de-formula-1-conto-como-cambio-su-vinculo-con-briatore-despues-de-criticar-los-manejos-en-alpine\/\" target=\"_blank\" rel=\"noreferrer nofollow noopener\" title=\"https:\/\/tn.com.ar\/deportes\/automovilismo\/2025\/09\/12\/un-expiloto-de-formula-1-conto-como-cambio-su-vinculo-con-briatore-despues-de-criticar-los-manejos-en-alpine\/\"><b>Alpine<\/b><\/a>, las escuder\u00edas que utilizar\u00e1n este motor en 2026. Un escal\u00f3n (o m\u00e1s) por debajo se situar\u00e1n otros proveedores como Ferrari, Honda o Ford.<\/p>\n<p class=\"left paragraph font__body-regular\">Laurent Mekies, nuevo director de Red Bull en la F1 tras la salida de Christian Horner, admiti\u00f3 recientemente que <b>\u201cser\u00eda una locura\u201d pensar que podr\u00edan estar cerca de Mercedes o Ferrari<\/b> en el inicio de la siguiente temporada de la m\u00e1xima categor\u00eda del automovilismo. El hecho de haberse asociado a Ford para fabricar sus propios motores genera una inc\u00f3gnita sobre el rendimiento de una escuder\u00eda acostumbrada al \u00e9xito en los \u00faltimos a\u00f1os.<\/p>\n<p>Por qu\u00e9 2026 es tan importante para Alpine<\/p>\n<p class=\"left paragraph font__body-regular\">El a\u00f1o 2026 se convirti\u00f3 en el horizonte clave para el equipo Alpine de F\u00f3rmula 1, y la raz\u00f3n principal son los <b>cambios masivos en las regulaciones<\/b>. Si la escuder\u00eda francesa logra sacarle provecho, <b>Franco Colapinto podr\u00eda conducir un auto contendiente al t\u00edtulo <\/b>si es confirmado para la pr\u00f3xima temporada.<\/p>\n<p><img decoding=\"async\" loading=\"lazy\" fetchpriority=\"low\" data-testid=\"loading-testid\" class=\"image content-image image_placeholder\" alt=\"Franco Colapinto busca ser confirmado para 2026 en Alpine. (Foto: IG\/@alpinef1team)\" width=\"767\" height=\"430\" src=\"https:\/\/www.europesays.com\/es\/wp-content\/uploads\/2025\/09\/franco-colapinto-busca-ser-confirmado-para-2026-en-alpine-foto-igalpinef1team-LKSC4PG5U5BMVJCW6IAOXV.jpeg\"\/><\/p>\n<p>Franco Colapinto busca ser confirmado para 2026 en Alpine. (Foto: IG\/@alpinef1team)<\/p>\n<p class=\"left paragraph font__body-regular\">Estas nuevas normas afectar\u00e1n tanto a los chasis como a las unidades de potencia, creando una oportunidad para que los equipos se pongan al d\u00eda. <b>Alpine ve esto como una pizarra en blanco para reinventar su enfoque y dise\u00f1o<\/b>, buscando dejar atr\u00e1s los problemas de rendimiento de las \u00faltimas temporadas y empezar de cero en igualdad de condiciones.<\/p>\n<p class=\"left paragraph font__body-regular\">Adem\u00e1s de las nuevas reglas, Alpine tiene un as bajo la manga: la <b>transici\u00f3n de motorista<\/b>. A partir de 2026, dejar\u00e1n de utilizar los motores Renault, una de sus debilidades, para convertirse en un equipo cliente de <b>Mercedes<\/b>. Esta asociaci\u00f3n les permitir\u00e1 concentrar todos sus esfuerzos y recursos en el desarrollo del chasis, confiando en que Mercedes les proveer\u00e1 de una unidad de potencia confiable y competitiva desde el primer d\u00eda.<\/p>\n<p class=\"left paragraph font__body-regular\">En resumen, la combinaci\u00f3n de un reglamento completamente nuevo y un cambio estrat\u00e9gico de motorista hace que 2026 sea el momento perfecto para el reinicio de Alpine. Con una nueva direcci\u00f3n y un claro objetivo a largo plazo, <b>el equipo est\u00e1 construyendo para el futuro, sacrificando el presente para tener la mejor oportunidad de volver a la cima de la parrilla.<\/b><\/p>\n","protected":false},"excerpt":{"rendered":"La F\u00f3rmula 1 cambiar\u00e1 dr\u00e1sticamente en 2026 con la nueva reglamentaci\u00f3n y hay un fabricante en particular que&hellip;\n","protected":false},"author":2,"featured_media":116634,"comment_status":"","ping_status":"","sticky":false,"template":"","format":"standard","meta":{"footnotes":""},"categories":[270],"tags":[1331,1763,168,25,24,306,271,272,23,167],"class_list":{"0":"post-116633","1":"post","2":"type-post","3":"status-publish","4":"format-standard","5":"has-post-thumbnail","7":"category-formula-1","8":"tag-alpine","9":"tag-automovilismo","10":"tag-deportes","11":"tag-es","12":"tag-espana","13":"tag-f1","14":"tag-formula-1","15":"tag-formula1","16":"tag-spain","17":"tag-sports"},"share_on_mastodon":{"url":"","error":""},"_links":{"self":[{"href":"https:\/\/www.europesays.com\/es\/wp-json\/wp\/v2\/posts\/116633","targetHints":{"allow":["GET"]}}],"collection":[{"href":"https:\/\/www.europesays.com\/es\/wp-json\/wp\/v2\/posts"}],"about":[{"href":"https:\/\/www.europesays.com\/es\/wp-json\/wp\/v2\/types\/post"}],"author":[{"embeddable":true,"href":"https:\/\/www.europesays.com\/es\/wp-json\/wp\/v2\/users\/2"}],"replies":[{"embeddable":true,"href":"https:\/\/www.europesays.com\/es\/wp-json\/wp\/v2\/comments?post=116633"}],"version-history":[{"count":0,"href":"https:\/\/www.europesays.com\/es\/wp-json\/wp\/v2\/posts\/116633\/revisions"}],"wp:featuredmedia":[{"embeddable":true,"href":"https:\/\/www.europesays.com\/es\/wp-json\/wp\/v2\/media\/116634"}],"wp:attachment":[{"href":"https:\/\/www.europesays.com\/es\/wp-json\/wp\/v2\/media?parent=116633"}],"wp:term":[{"taxonomy":"category","embeddable":true,"href":"https:\/\/www.europesays.com\/es\/wp-json\/wp\/v2\/categories?post=116633"},{"taxonomy":"post_tag","embeddable":true,"href":"https:\/\/www.europesays.com\/es\/wp-json\/wp\/v2\/tags?post=116633"}],"curies":[{"name":"wp","href":"https:\/\/api.w.org\/{rel}","templated":true}]}}