{"id":116637,"date":"2025-09-15T12:55:08","date_gmt":"2025-09-15T12:55:08","guid":{"rendered":"https:\/\/www.europesays.com\/es\/116637\/"},"modified":"2025-09-15T12:55:08","modified_gmt":"2025-09-15T12:55:08","slug":"las-4-claves-de-la-primera-derrota-del-sporting-de-garitano-en-el-molinon-y-del-suspenso-al-tecnico","status":"publish","type":"post","link":"https:\/\/www.europesays.com\/es\/116637\/","title":{"rendered":"\u00abLas 4 claves de la primera derrota del Sporting de Garitano en El Molin\u00f3n y del suspenso al t\u00e9cnico\u00bb"},"content":{"rendered":"<p>\t\t\t\t\t\tTexto de an\u00e1lisis<br \/>\n\t\t\t\t\t\t<strong>15 sep 2025<\/strong> . Actualizado a las 11:32 h.\t\t\t\t\t\t<\/p>\n<p class=\"first-paragraph txt\">Segunda derrota consecutiva del <strong>Real Sporting de Gij\u00f3n<\/strong>, la primera desde el comienzo de la &#8216;era Garitano&#8217; en El Molin\u00f3n &#8211; Enrique Castro &#8216;Quini&#8217; en un partido que f\u00e1cilmente podr\u00eda definirse como <strong>at\u00edpico.<\/strong> Dos niveles de acierto totalmente contrapuestos marcaron el devenir de un partido que a la m\u00ednima se puso 0-2 para el <strong>Burgos<\/strong> y que, a base de insistencia, se lleg\u00f3 a empatar, con opciones de m\u00e1s, pero nuevamente con la miel en los labios en el \u00faltimo suspiro. M\u00e1s all\u00e1 del resultado y del <strong>desacierto<\/strong> en la finalizaci\u00f3n, fue un partido para tomar nota de <strong>muchas cosas a mejorar a nivel colectivo<\/strong>. Analizamos el rendimiento de los rojiblancos a partir de 4 claves t\u00e1cticas destacadas:<\/p>\n<p class=\"ladillo\">Plan de inicio basado en el control con desajustes en la presi\u00f3n<\/p>\n<p class=\"txt\">El Sporting sali\u00f3 <strong>con personalidad<\/strong> al encuentro. Por m\u00e1s que el primer tiempo quedase marcado por el 0-2 del marcador, que luego desgranaremos, Garitano plante\u00f3 un partido basado en la posesi\u00f3n de bal\u00f3n, asent\u00e1ndose en campo rival y circulando el cuero para generar espacios que permitiesen progresar. Una idea ayudada tambi\u00e9n por una <strong>correcta activaci\u00f3n tras p\u00e9rdida<\/strong> que permit\u00eda recuperar r\u00e1pido el bal\u00f3n y as\u00ed poder estar el mayor tiempo posible en la mitad de parcela ajena.<\/p>\n<p class=\"txt\">M\u00e1s all\u00e1 de los goles, si hubo algo que <strong>corregir<\/strong> en el grueso del primer tiempo fue la fase de <strong>presi\u00f3n alta<\/strong>, especialmente por el costado diestro rojiblanco. Con superioridad en primera l\u00ednea para los de Ramis, que incrustaban a Atienza entre centrales, Dubasin sol\u00eda aguantar en zona intermedia entre lateral y mediocentro, priorizando tapar el pase dentro, pero saltando sobre el central en caso de dar el paso adelante en la presi\u00f3n. Una superioridad que no siempre se control\u00f3 como deb\u00eda, pues una vez el catal\u00e1n daba el paso acompa\u00f1ando a sus compa\u00f1eros,<strong> ese pase dentro se dio en varias ocasiones<\/strong>, facilitando la progresi\u00f3n en combinaci\u00f3n, pudiendo hacer un tercer hombre y jugar con el liberado, generalmente el lateral zurdo (Florian Miguel). Por el otro costado, aunque se vio menos, <strong>tambi\u00e9n se dio<\/strong>. Un desajuste sin quiz\u00e1s demasiada incidencia, aunque en cierto modo fue germen del 0-1 a ra\u00edz de una p\u00e9rdida de Nacho Mart\u00edn.<\/p>\n<p class=\"ladillo\">Desconexiones defensivas clave, s\u00edntoma de endeblez<\/p>\n<p class=\"txt\">En relaci\u00f3n a ese primer gol, tras la <strong>p\u00e9rdida de Nacho<\/strong>, que era muy f\u00e1cilmente evitable, la presi\u00f3n tras p\u00e9rdida no es efectiva, con el Burgos pudiendo aclarar la jugada con facilidad por medio de una triangulaci\u00f3n en la que Appin gana el cuerpeo a Guille, si bien el lateral ten\u00eda las de perder. Tras el avance, y con el Sporting ya mejor situado para defender en posicional, <strong>Duba regala un tiempo de oro a Florian Miguel<\/strong> para poner un centro perfecto al espacio entre los centrales. Esa m\u00ednima desconexi\u00f3n supuso una ventaja crucial. Por m\u00e1s que se diera una concatenaci\u00f3n de errores en la jugada, esas cuestiones de falta de activaci\u00f3n suficiente dan m\u00e1s rabia si cabe al producirse.<\/p>\n<p class=\"txt\">&#13;<br \/>\n\t\t&#13;<br \/>\n\t\t\t&#13;<br \/>\n\t\t&#13;<br \/>\n\t\t&#13;<br \/>\n\t\t&#13;<br \/>\n\t\t\t\t\t\t\t\t\t\t\t\t&#13;<br \/>\n\t\t\t\t\t\t\t\t&#13;<br \/>\n&#13;<br \/>\n&#13;<\/p>\n<p>\t\t\t&#13;<br \/>\n\t&#13;<\/p>\n<p>\t\t\t<a href=\"https:\/\/www.lavozdeasturias.es\/noticia\/sporting1905\/2025\/09\/14\/garitano-defiende-caicedo-criticados-cambios-analiza-derrota-sporting-final-cruel-pudimos-marcar-tercer-gol\/00031757875401269854664.htm\" data-analytics=\"link-embed\" rel=\"nofollow noopener\" target=\"_blank\">Garitano defiende a Caicedo y sus criticados cambios, y analiza la derrota del Sporting: \u00abEl final es cruel, pudimos marcar el tercer gol\u00bb<\/a><\/p>\n<p class=\"a-min-author\">\n<p>\t\t\t\t\t\t\t\t\t\t\tDani Souto<\/p>\n<p>\t&#13;<br \/>\n\t&#13;<br \/>\n&#13;<br \/>\n\t\t\t\t&#13;<br \/>\n\t\t\t\t&#13;<br \/>\n\t&#13;<br \/>\n\t\t\t&#13;<br \/>\n\t\t\t&#13;<br \/>\n\t\t&#13;\n<\/p>\n<p class=\"txt\">En el segundo gol, el despiste vino en la <strong>coordinaci\u00f3n entre Guille Rosas y Pablo V\u00e1zquez<\/strong> al generarse la duda en el lateral de qui\u00e9n deb\u00eda acompa\u00f1ar a Fer Ni\u00f1o en su salida a la contra. Eso hizo que el gijon\u00e9s basculara en exceso y a ra\u00edz de ello que Appin tuviera el espacio suficiente para adelantarse a un Corredera que<strong> ven\u00eda al sprint pr\u00e1cticamente desde el saque de esquina<\/strong>. En el tercero, es evidente, del error inicial de <strong>Perrin<\/strong> al jugar hacia adelante un bal\u00f3n complicado, seguramente empujado por el contexto de partido, se suma luego la <strong>fragilidad entre tres hombres<\/strong> para no frenar el avance del ex rojiblanco Mario Gonz\u00e1lez. Momentos &#8216;micro&#8217; puntuales, pero fundamentales. No se puede perder ni un \u00e1pice de concentraci\u00f3n y contundencia o pasan estas cosas, que con &#8216;nada&#8217; te hacen 3 goles.<\/p>\n<p class=\"ladillo\">Mal manejo de las situaciones de superioridad en transici\u00f3n ataque-defensa<\/p>\n<p class=\"txt\">Algo colectivo que marc\u00f3 el encuentro fue la <strong>gesti\u00f3n de las transiciones ataque-defensa<\/strong>. No fue tanto una cuesti\u00f3n de retornos, pues el Sporting estuvo precavido y atento en este tipo de acciones, con jugadores especialmente <strong>comprometidos<\/strong> en las vueltas, con Corredera como mayor ejemplo, pero una vez tocaba tomar decisiones y repartirse los espacios, el equipo <strong>defendi\u00f3 pr\u00e1cticamente de la peor manera posible<\/strong> varias situaciones en las que ten\u00eda incluso superioridad num\u00e9rica con los atacantes del Burgos. Sea mediante faltas o una adecuada coordinaci\u00f3n para tapar los huecos y evitar avances, los rojiblancos mostraron <strong>una cara muy fr\u00e1gil<\/strong> en este tipo de jugadas. Algo que tambi\u00e9n se puede y debe trabajar en el d\u00eda a d\u00eda. Hay que insistir en ello, pues solo con esfuerzo y compromiso no basta.<\/p>\n<p class=\"ladillo\">Mayor verticalidad a partir del ajuste t\u00e1ctico al descanso<\/p>\n<p class=\"txt\">En el principal cambio t\u00e1ctico del partido, con la entrada al descanso de<strong> Caicedo por Nacho Mart\u00edn<\/strong>, retrasando la posici\u00f3n de partida de Gelabert para formar un <strong>1-4-4-2<\/strong>, Garitano consigui\u00f3 que el equipo diese un paso al frente y sumara una alta dosis de verticalidad. El rol del &#8217;10&#8217; rojiblanco fue clave para ello, <strong>mucho m\u00e1s liberado<\/strong> que Corredera en el eje, pero teniendo tambi\u00e9n m\u00e1s opciones de intervenir dibujando l\u00edneas de pase por dentro a una mayor altura, partiendo desde la base y descolg\u00e1ndose. A ello cabe sumar, indiscutiblemente, la importancia de <strong>sumar un delantero m\u00e1s que permit\u00eda fijar a los centrales<\/strong>, obligando a los defensas del Burgos a contener m\u00e1s su posici\u00f3n y con esto generando m\u00e1s espacios entre las l\u00edneas para las ayudas defensivas. El ajuste funcion\u00f3, aunque el problema del Sporting en este partido no fue tanto la generaci\u00f3n y llegadas como la <strong>finalizaci\u00f3n,<\/strong> desaprovechando ocasiones de todos los colores, incluidas varias por alto en acciones a bal\u00f3n parado, donde mostraron una <strong>superioridad en los duelos a\u00e9reos<\/strong> ante los de Ramis de la que tampoco supieron sacar tajada.<\/p>\n<p class=\"ladillo\">Los cambios<\/p>\n<p class=\"txt\"><strong>Caicedo por Nacho<\/strong>. Lo ya comentado, cambio importante para estirar al equipo y al rival. En lo particular, m\u00e1s luces que sombras, aunque Caicedo no sea lo m\u00e1s pulcro de ver en su juego y coordinaci\u00f3n.<\/p>\n<p class=\"txt\"><strong>Kevin y Prendes por Rosas y Gaspar<\/strong>. Garitano justific\u00f3 los cambios por la fatiga acumulada, ya en los \u00faltimos minutos, estirando la ventana para aprovechar al m\u00e1ximo la inercia positiva del segundo tiempo. Apenas tuvieron incidencia en el juego, con un Enol muy impetuoso y un Kevin sin la finura suficiente en campo rival, pero sin ser ning\u00fan desastre.<\/p>\n<p class=\"txt\"><strong>Pablo y Cort\u00e9s por Pablo V\u00e1zquez y Diego<\/strong>. Cambios ya en el tiempo a\u00f1adido, sin apenas posibilidad de poner un centro cada uno. A la desesperada.<\/p>\n<p class=\"txt\">&#13;<br \/>\n\t\t&#13;<br \/>\n\t\t\t&#13;<br \/>\n\t\t&#13;<br \/>\n\t\t&#13;<br \/>\n\t\t&#13;<br \/>\n\t\t\t\t\t\t\t\t\t\t\t\t&#13;<br \/>\n\t\t\t\t\t\t\t\t&#13;<br \/>\n&#13;<br \/>\n&#13;<\/p>\n<p>\t\t\t&#13;<br \/>\n\t&#13;<\/p>\n<p>\t\t\t<a href=\"https:\/\/www.lavozdeasturias.es\/noticia\/sporting1905\/2025\/09\/14\/notas-gelabert-lidera-sporting-2-notables-5-suspensos-dura-derrota-contra-burgos\/00031757884251152672485.htm\" data-analytics=\"link-embed\" rel=\"nofollow noopener\" target=\"_blank\">Notas: Gelabert lidera a un Sporting con 2 notables y 5 suspensos en la dura derrota contra el Burgos<\/a><\/p>\n<p class=\"a-min-author\">\n<p>\t\t\t\t\t\t\t\t\t\t\tAlejandro Vigil Mor\u00e1n<\/p>\n<p>\t&#13;<br \/>\n\t&#13;<br \/>\n&#13;<br \/>\n\t\t\t\t&#13;<br \/>\n\t\t\t\t&#13;<br \/>\n\t&#13;<br \/>\n\t\t\t&#13;<br \/>\n\t\t\t&#13;<br \/>\n\t\t&#13;\n<\/p>\n<p class=\"ladillo\">Nota a Asier Garitano y el resto del cuerpo t\u00e9cnico<\/p>\n<p class=\"txt\"><strong>Insuficiente.<\/strong> Luces y sombras en su <strong>propuesta inicial<\/strong>, si bien el partido no tard\u00f3 en ponerse cuesta arriba, condicionando ya su desarrollo en el grueso del tiempo. Al margen del <strong>desacierto individual en ambas \u00e1reas<\/strong>, el equipo pec\u00f3 de <strong>falta de solidez<\/strong> sobre todo en las transiciones defensivas, concediendo varias facilidades. Un aspecto colectivo en el que se debe incidir. El <strong>ajuste al descanso<\/strong> mejora la nota y lo acerca al aprobado, pero m\u00e1s all\u00e1 de los m\u00e9ritos, el equipo no tuvo argumentos colectivos suficientes para otro desenlace. Castigados por el acierto -y desacierto- para el resultado final, s\u00ed, pero aunque sea <strong>cruel<\/strong>, igual esta es la mejor forma de aprender. El tiempo dir\u00e1 si existe tal aprendizaje.<\/p>\n<p>&#13;<br \/>\n\tArchivado en:&#13;<br \/>\n\t\t\t\t\t<a href=\"https:\/\/www.lavozdeasturias.es\/temas\/sporting-de-gijon\/\" target=\"_blank\" class=\"mg-l\" rel=\"nofollow noopener\">Sporting de Gij\u00f3n<\/a>&#13;<br \/>\n\t&#13;<\/p>\n","protected":false},"excerpt":{"rendered":"Texto de an\u00e1lisis 15 sep 2025 . Actualizado a las 11:32 h. Segunda derrota consecutiva del Real Sporting&hellip;\n","protected":false},"author":2,"featured_media":93102,"comment_status":"","ping_status":"","sticky":false,"template":"","format":"standard","meta":{"footnotes":""},"categories":[268],"tags":[168,25,24,280,282,281,23,4783,167],"class_list":{"0":"post-116637","1":"post","2":"type-post","3":"status-publish","4":"format-standard","5":"has-post-thumbnail","7":"category-futbol","8":"tag-deportes","9":"tag-es","10":"tag-espana","11":"tag-football","12":"tag-futbol","13":"tag-soccer","14":"tag-spain","15":"tag-sporting-de-gijon","16":"tag-sports"},"share_on_mastodon":{"url":"","error":""},"_links":{"self":[{"href":"https:\/\/www.europesays.com\/es\/wp-json\/wp\/v2\/posts\/116637","targetHints":{"allow":["GET"]}}],"collection":[{"href":"https:\/\/www.europesays.com\/es\/wp-json\/wp\/v2\/posts"}],"about":[{"href":"https:\/\/www.europesays.com\/es\/wp-json\/wp\/v2\/types\/post"}],"author":[{"embeddable":true,"href":"https:\/\/www.europesays.com\/es\/wp-json\/wp\/v2\/users\/2"}],"replies":[{"embeddable":true,"href":"https:\/\/www.europesays.com\/es\/wp-json\/wp\/v2\/comments?post=116637"}],"version-history":[{"count":0,"href":"https:\/\/www.europesays.com\/es\/wp-json\/wp\/v2\/posts\/116637\/revisions"}],"wp:featuredmedia":[{"embeddable":true,"href":"https:\/\/www.europesays.com\/es\/wp-json\/wp\/v2\/media\/93102"}],"wp:attachment":[{"href":"https:\/\/www.europesays.com\/es\/wp-json\/wp\/v2\/media?parent=116637"}],"wp:term":[{"taxonomy":"category","embeddable":true,"href":"https:\/\/www.europesays.com\/es\/wp-json\/wp\/v2\/categories?post=116637"},{"taxonomy":"post_tag","embeddable":true,"href":"https:\/\/www.europesays.com\/es\/wp-json\/wp\/v2\/tags?post=116637"}],"curies":[{"name":"wp","href":"https:\/\/api.w.org\/{rel}","templated":true}]}}