{"id":116638,"date":"2025-09-15T12:56:11","date_gmt":"2025-09-15T12:56:11","guid":{"rendered":"https:\/\/www.europesays.com\/es\/116638\/"},"modified":"2025-09-15T12:56:11","modified_gmt":"2025-09-15T12:56:11","slug":"no-llegue-a-los-emmy-pero-si-a-urgencias","status":"publish","type":"post","link":"https:\/\/www.europesays.com\/es\/116638\/","title":{"rendered":"&#8216;No llegu\u00e9 a los Emmy, pero s\u00ed a urgencias\u00bb"},"content":{"rendered":"<p id=\"eBK6XNxap_\" data-wc=\"93\"><strong>Sof\u00eda Vergara<\/strong><a class=\"hm-link ho-link\" href=\"https:\/\/www.hola.com\/actualidad\/20250710842797\/sofia-vergara-nos-confiesa-ilogico-pensar-vas-conseguir-mismos-papeles-con-50-que-20\/\" data-mrf-recirculation=\"article-body-link\" rel=\"nofollow noopener\" target=\"_blank\">\u00a0conquista a sus fans<\/a> en cada aparici\u00f3n. La estrella de Modern Family, una de las comedias m\u00e1s aplaudidas de las \u00faltimas d\u00e9cadas, hab\u00eda confirmado su asistencia a los premios Emmy 2025, pero <strong>u<\/strong><strong>n problema de salud de \u00faltima hora hizo que tuviera que ausentarse<\/strong>. \u00a0\u00abNo llegu\u00e9 a los Emmy, pero<strong>\u00a0llegu\u00e9 a urgencias\u00a0<\/strong>\u00a1Perd\u00f3n, tuve que cancelar! \u00a1La alergia a los ojos m\u00e1s loca justo antes de entrar en el coche!\u00bb, cuenta sobre el contratiempo que sufri\u00f3 cuando se dirig\u00eda a la gala, celebrada en el teatro Peacock de Los \u00c1ngeles.<\/p>\n<p> <img src=\"https:\/\/www.europesays.com\/es\/wp-content\/uploads\/2025\/09\/da70d5a56a5d-alergia-ojos-sofia-vergara-emmys.jpg\"   width=\"1024\" height=\"1023\" loading=\"lazy\" decoding=\"async\" alt=\"Sofia Vergara no pudo ir a los premios Emmy 2025 por una alergia en el ojo\" fetchpriority=\"auto\" class=\"image ho-image\"\/>\u00a9 sofiavergara<\/p>\n<p id=\"eK_QTTHtWMT\" data-wc=\"102\">La actriz colombiana, de 53 a\u00f1os, sufri\u00f3 <strong>una fuerte alergia ocular,<\/strong> que le caus\u00f3 una hinchaz\u00f3n considerable en su ojo izquierdo, lo que le impidi\u00f3 asistir. Debido a esta reacci\u00f3n al\u00e9rgica grave, Vergara tuvo que acudir a urgencias al hospital en lugar de acudir a la ceremonia, donde estaba previsto que actuara como una de las presentadoras. \u00a0Ella misma explic\u00f3 la situaci\u00f3n a sus fans pidiendo disculpas \u00a0y comparti\u00f3 im\u00e1genes mostrando c\u00f3mo ten\u00eda el ojo y <strong>en la camilla tumbada del hospital donde fue atendida.<\/strong> Una pena para sus seguidores, ya que la ceremonia estuvo llena de\u00a0<a class=\"hm-link ho-link\" href=\"https:\/\/www.hola.com\/actualidad\/20250915855774\/premios-emmy-anecdotas-owen-cooper-meryl-streep\/\" data-mrf-recirculation=\"article-body-link\" rel=\"nofollow noopener\" target=\"_blank\">an\u00e9cdotas memorables y momentos \u00fanicos<\/a><\/p>\n<p> <img src=\"https:\/\/www.europesays.com\/es\/wp-content\/uploads\/2025\/09\/e8b01e5de9a6-sofia-vergara-ig2.jpg\"   width=\"1024\" height=\"985\" loading=\"lazy\" decoding=\"async\" alt=\"Sof\u00eda Vergara, tumbada en la camilla tras sufrir una fuerte reacci\u00f3n al\u00e9rgica\" fetchpriority=\"auto\" class=\"image ho-image\"\/>\u00a9 sofiavergara<\/p>\n<p id=\"eTrbDgtpW5\" data-wc=\"80\">Adem\u00e1s de Sof\u00eda Vergara, <strong>otro invitado que se ausent\u00f3 fue Eric Dane<\/strong>. El actor iba a participar en la ceremonia para celebrar el 20\u00ba aniversario de la serie Anatom\u00eda de Grey y entregar un premio, pero finalmente no pudo asistir. Aunque no se confirm\u00f3 oficialmente la causa, se cree que su ausencia pudo ser debida a una decisi\u00f3n de \u00faltima hora relacionada con su salud, ya que en abril de 2025<a class=\"hm-link ho-link\" href=\"https:\/\/www.hola.com\/actualidad\/20250613837921\/eric-dane-llora-hablar-diagnostico-ela-entrevista\/\" data-mrf-recirculation=\"article-body-link\" rel=\"nofollow noopener\" target=\"_blank\">\u00a0hizo p\u00fablica su enfermedad degenerativa<\/a>, <strong>esclerosis lateral amiotr\u00f3fica (ELA).<\/strong><\/p>\n<p> <img src=\"https:\/\/www.europesays.com\/es\/wp-content\/uploads\/2025\/09\/83d4dee0c914-jesse-williams-getty.jpg\"   width=\"709\" height=\"1024\" loading=\"lazy\" decoding=\"async\" alt=\"Jesse Williams en los premios Emmy 2025\" fetchpriority=\"auto\" class=\"image ho-image\"\/>\u00a9 Getty Images<\/p>\n<p id=\"eCkPonc4HK\" data-wc=\"59\"><strong>Jesse Williams<\/strong>, su compa\u00f1ero de reparto en Anatom\u00eda de Grey, \u00a0actu\u00f3 como presentador para entregar el premio a la mejor direcci\u00f3n destacada en una serie dram\u00e1tica. El actor, de 44 a\u00f1os, de Cabin in the Woods entreg\u00f3 el premio a Adam Randall por su trabajo en Slow Horses,\u00a0tras vencer a\u00a0Severance, The Pitt, Andor y The White Lotus.<\/p>\n<p> <img src=\"https:\/\/www.europesays.com\/es\/wp-content\/uploads\/2025\/09\/023c0fd69a26-dla02164173.jpg\"   width=\"1024\" height=\"682\" loading=\"lazy\" decoding=\"async\" alt=\" Eric Dane en un evento de 'Euphoria' en el Academy Museum de Los Angeles, el 20 de abril de 2022  \" fetchpriority=\"auto\" class=\"image ho-image\"\/>\u00a9 GTRES <\/p>\n<p id=\"em-FPDj8VKf\" data-wc=\"120\">El pasado mes de julio, Eric Danese emocion\u00f3 al hablar de su enfermedad en\u00a0Good Morning America. \u00abEstoy bien. No tengo miedo a morir\u00bb, se\u00f1al\u00f3 el actor, de 51 a\u00f1os,<strong>\u00a0<\/strong>al que diagnosticaron ELA hace un a\u00f1o. \u00a0\u00ab<strong>Mucha gente se derrumba\u00a0<\/strong>tras un diagn\u00f3stico as\u00ed. <strong>Y<\/strong><strong>o no tengo esa opci\u00f3n. Tengo dos hijas.<\/strong> Y tengo que seguir adelante\u00bb, dijo sobre Billie y Georgia, sus hijas de 14 y 12 a\u00f1os, respectivamente. \u00abNo quiero que mis hijas me vean enfermo\u00bb, a\u00f1adi\u00f3. \u00a0 El actor no descart\u00f3 seguir trabajando en la medida de lo posible, aunque reconoci\u00f3 que su ritmo ha cambiado y sus prioridades tambi\u00e9n: \u00abMi objetivo ya no es ser famoso. <strong>Es aprovechar cada momento con las personas que amo\u00bb. \u00ab<\/strong><\/p>\n","protected":false},"excerpt":{"rendered":"Sof\u00eda Vergara\u00a0conquista a sus fans en cada aparici\u00f3n. La estrella de Modern Family, una de las comedias m\u00e1s&hellip;\n","protected":false},"author":2,"featured_media":116639,"comment_status":"","ping_status":"","sticky":false,"template":"","format":"standard","meta":{"footnotes":""},"categories":[174],"tags":[517,255,146,147,25,24,256,12503,23],"class_list":{"0":"post-116638","1":"post","2":"type-post","3":"status-publish","4":"format-standard","5":"has-post-thumbnail","7":"category-famosos","8":"tag-actualidad","9":"tag-celebrities","10":"tag-entertainment","11":"tag-entretenimiento","12":"tag-es","13":"tag-espana","14":"tag-famosos","15":"tag-sofia-vergara","16":"tag-spain"},"share_on_mastodon":{"url":"","error":""},"_links":{"self":[{"href":"https:\/\/www.europesays.com\/es\/wp-json\/wp\/v2\/posts\/116638","targetHints":{"allow":["GET"]}}],"collection":[{"href":"https:\/\/www.europesays.com\/es\/wp-json\/wp\/v2\/posts"}],"about":[{"href":"https:\/\/www.europesays.com\/es\/wp-json\/wp\/v2\/types\/post"}],"author":[{"embeddable":true,"href":"https:\/\/www.europesays.com\/es\/wp-json\/wp\/v2\/users\/2"}],"replies":[{"embeddable":true,"href":"https:\/\/www.europesays.com\/es\/wp-json\/wp\/v2\/comments?post=116638"}],"version-history":[{"count":0,"href":"https:\/\/www.europesays.com\/es\/wp-json\/wp\/v2\/posts\/116638\/revisions"}],"wp:featuredmedia":[{"embeddable":true,"href":"https:\/\/www.europesays.com\/es\/wp-json\/wp\/v2\/media\/116639"}],"wp:attachment":[{"href":"https:\/\/www.europesays.com\/es\/wp-json\/wp\/v2\/media?parent=116638"}],"wp:term":[{"taxonomy":"category","embeddable":true,"href":"https:\/\/www.europesays.com\/es\/wp-json\/wp\/v2\/categories?post=116638"},{"taxonomy":"post_tag","embeddable":true,"href":"https:\/\/www.europesays.com\/es\/wp-json\/wp\/v2\/tags?post=116638"}],"curies":[{"name":"wp","href":"https:\/\/api.w.org\/{rel}","templated":true}]}}