{"id":116640,"date":"2025-09-15T12:58:09","date_gmt":"2025-09-15T12:58:09","guid":{"rendered":"https:\/\/www.europesays.com\/es\/116640\/"},"modified":"2025-09-15T12:58:09","modified_gmt":"2025-09-15T12:58:09","slug":"pedro-piqueras-presenta-el-miercoles-su-libro-cuando-ya-nada-es-urgente-en-el-meh","status":"publish","type":"post","link":"https:\/\/www.europesays.com\/es\/116640\/","title":{"rendered":"Pedro Piqueras presenta el mi\u00e9rcoles su libro &#8216;Cuando ya nada es urgente&#8217; en el MEH"},"content":{"rendered":"<p><a class=\"v-mdl-ath__fig-a\" href=\"https:\/\/www.burgosconecta.es\/autor\/burgosconecta-2120.html\" title=\"BURGOSconecta\" rel=\"nofollow noopener\" target=\"_blank\"><br \/>\n<img decoding=\"async\" class=\"v-mdl-ath__img\" src=\"https:\/\/www.europesays.com\/es\/wp-content\/uploads\/2025\/08\/autor-2120-foto-2.jpeg\" alt=\"BURGOSconecta\"\/><br \/>\n<\/a><\/p>\n<p class=\"v-mdl-ath__p v-mdl-ath__p--6\">\nLunes, 15 de septiembre 2025, 14:14<\/p>\n<p class=\"v-p\">El periodista Pedro Piqueras presenta este mi\u00e9rcoles, 17 de septiembre, su \u00faltimo libro &#8216;Cuando ya nada es urgente: Llegar, estar y saber irse&#8217; en el Museo de la Evoluci\u00f3n Humana (MEH). La presentaci\u00f3n correr\u00e1 a cargo de la periodista de &#8216;El Pa\u00eds&#8217; y colaboradora de Radio Nacional de Espa\u00f1a (RNE), Eva Baroja, y comenzar\u00e1 a las 20:15 horas en el sal\u00f3n de actos del Museo, con entrada libre hasta completar aforo. Se podr\u00e1 seguir en directo a trav\u00e9s del canal de Youtube del Museo. La actividad se realiza en colaboraci\u00f3n con la editorial Harper Collins.<\/p>\n<p class=\"v-p\">Con m\u00e1s de cincuenta a\u00f1os de profesi\u00f3n, Pedro Piqueras anunci\u00f3 su retirada en una sincera despedida. Ahora, disfrutando de una vida m\u00e1s tranquila y lejos del directo, el autor se sumerge en un relato en primera persona que relativiza los \u00e9xitos y los fracasos, resalta el valor de los peque\u00f1os detalles y prioriza el lujo de disponer de m\u00e1s tiempo libre.<\/p>\n<p class=\"v-p\">Emotivo, divertido y nost\u00e1lgico &#8216;Cuando ya nada es urgente&#8217; es un testimonio honesto y sin filtros sobre la vida, el periodismo, la familia, la amistad y la importancia de llegar, estar y saber irse. Un libro que invita a parar y reflexionar en un tiempo en el que la inmediatez y lo superfluo dominan la vida diaria.<\/p>\n<p class=\"v-p\">Periodista y presentador de televisi\u00f3n, Pedro Piqueras (Albacete, 1955) es licenciado en Ciencias de la Informaci\u00f3n por la Universidad Complutense de Madrid. Por su labor ha sido distinguido con premios como el Ondas, la Antena de Oro, el Premio Eisenhower o la Medalla de Oro de Castilla-La Mancha.<\/p>\n<p class=\"v-p\">Piqueras inici\u00f3 su carrera period\u00edstica en 1977 en Radio exterior de Espa\u00f1a, de RNE, como redactor, siendo despu\u00e9s director de informativos de fin de semana y de informativos 2, adem\u00e1s de dirigir otros programas. En 1988, fue director y presentador del telediario de TVE y del programa &#8216;Buenos d\u00edas&#8217;.<\/p>\n<p class=\"v-p\">Pas\u00f3 a Antena 3 como presentador de la segunda edici\u00f3n de Noticias 3 y presentador y director del programa &#8216;Espejo p\u00fablico&#8217;. M\u00e1s adelante, volvi\u00f3 de nuevo a RNE, esta vez como director, para, terminado su contrato marchar a Telecinco donde fue director y presentador de los informativos hasta su jubilaci\u00f3n en 2023. En 2006, Piqueras se inici\u00f3 en la narrativa con &#8216;Col\u00f3n. A los ojos de Beatriz&#8217;. Casi dos d\u00e9cadas despu\u00e9s, ha visto la luz su segundo libro, &#8216;Cuando ya nada es urgente: Llegar, estar y saber irse&#8217;.<\/p>\n<p>Comenta<\/p>\n<p>Reporta un error<\/p>\n","protected":false},"excerpt":{"rendered":"Lunes, 15 de septiembre 2025, 14:14 El periodista Pedro Piqueras presenta este mi\u00e9rcoles, 17 de septiembre, su \u00faltimo&hellip;\n","protected":false},"author":2,"featured_media":116641,"comment_status":"","ping_status":"","sticky":false,"template":"","format":"standard","meta":{"footnotes":""},"categories":[172],"tags":[224,146,147,25,24,1496,225,39034,295,1822,5398,25407,2782,23,10157],"class_list":{"0":"post-116640","1":"post","2":"type-post","3":"status-publish","4":"format-standard","5":"has-post-thumbnail","7":"category-libros","8":"tag-books","9":"tag-entertainment","10":"tag-entretenimiento","11":"tag-es","12":"tag-espana","13":"tag-libro","14":"tag-libros","15":"tag-meh","16":"tag-miercoles","17":"tag-pedro","18":"tag-periodista","19":"tag-piqueras","20":"tag-presenta","21":"tag-spain","22":"tag-urgente"},"share_on_mastodon":{"url":"","error":""},"_links":{"self":[{"href":"https:\/\/www.europesays.com\/es\/wp-json\/wp\/v2\/posts\/116640","targetHints":{"allow":["GET"]}}],"collection":[{"href":"https:\/\/www.europesays.com\/es\/wp-json\/wp\/v2\/posts"}],"about":[{"href":"https:\/\/www.europesays.com\/es\/wp-json\/wp\/v2\/types\/post"}],"author":[{"embeddable":true,"href":"https:\/\/www.europesays.com\/es\/wp-json\/wp\/v2\/users\/2"}],"replies":[{"embeddable":true,"href":"https:\/\/www.europesays.com\/es\/wp-json\/wp\/v2\/comments?post=116640"}],"version-history":[{"count":0,"href":"https:\/\/www.europesays.com\/es\/wp-json\/wp\/v2\/posts\/116640\/revisions"}],"wp:featuredmedia":[{"embeddable":true,"href":"https:\/\/www.europesays.com\/es\/wp-json\/wp\/v2\/media\/116641"}],"wp:attachment":[{"href":"https:\/\/www.europesays.com\/es\/wp-json\/wp\/v2\/media?parent=116640"}],"wp:term":[{"taxonomy":"category","embeddable":true,"href":"https:\/\/www.europesays.com\/es\/wp-json\/wp\/v2\/categories?post=116640"},{"taxonomy":"post_tag","embeddable":true,"href":"https:\/\/www.europesays.com\/es\/wp-json\/wp\/v2\/tags?post=116640"}],"curies":[{"name":"wp","href":"https:\/\/api.w.org\/{rel}","templated":true}]}}