{"id":116650,"date":"2025-09-15T13:04:07","date_gmt":"2025-09-15T13:04:07","guid":{"rendered":"https:\/\/www.europesays.com\/es\/116650\/"},"modified":"2025-09-15T13:04:07","modified_gmt":"2025-09-15T13:04:07","slug":"javier-bardem-luce-la-kufiya-en-los-premios-emmy-y-denuncia-el-genocidio-en-gaza","status":"publish","type":"post","link":"https:\/\/www.europesays.com\/es\/116650\/","title":{"rendered":"Javier Bardem luce la kufiya en los Premios Emmy y denuncia el \u00abgenocidio\u00bb en Gaza"},"content":{"rendered":"<p>  Por&amp;nbsp<a href=\"https:\/\/es.euronews.com\/perfiles\/2328\" rel=\"nofollow noopener\" target=\"_blank\">Theo Farrant<\/a>&amp;nbsp&amp;&amp;nbsp<b>AP<\/b><\/p>\n<p>\n         Publicado<br \/>\n            15\/09\/2025 &#8211; 14:18 CEST\n            <\/p>\n<p>          <img decoding=\"async\" class=\"c-ad__placeholder__logo\" src=\"https:\/\/static.euronews.com\/website\/images\/logos\/logo-euronews-stacked-outlined-72x72-grey-9.svg\" width=\"72\" height=\"72\" alt=\"\" loading=\"lazy\"\/><br \/>\n          PUBLICIDAD<\/p>\n<p><strong>Javier Bardem<\/strong> hizo una llamativa declaraci\u00f3n pol\u00edtica en la alfombra roja <a href=\"https:\/\/es.euronews.com\/cultura\/2025\/09\/15\/emmys-2025-adolescencia-the-studio-y-the-pitt-arrasan-en-drama-comedia-y-serie-limitada\" rel=\"nofollow noopener\" target=\"_blank\"><strong>de los Premios Emmy<\/strong><\/a> el domingo, llevando un pa\u00f1uelo kufiya y utilizando la plataforma para hablar en contra de lo que \u00e9l denomin\u00f3 <strong>un \u00abgenocidio\u00bb en Gaza<\/strong>. La kufiya es un pa\u00f1uelo tradicional de Oriente Medio, normalmente con dibujos en blanco y negro, que se ha convertido en un s\u00edmbolo ampliamente reconocido de la identidad y la resistencia palestinas.<\/p>\n<p>Al ser preguntado por su elecci\u00f3n de atuendo, el actor espa\u00f1ol, conocido por sus papeles en &#8216;No es pa\u00eds para viejos&#8217;, &#8216;Skyfall&#8217; y &#8216;F1&#8217;, declar\u00f3: \u00abA finales de agosto, la IAGS, que es la Asociaci\u00f3n Internacional de Estudiosos del Genocidio -que se dedica a estudiar el genocidio- <a href=\"https:\/\/es.euronews.com\/2025\/08\/01\/israel-esta-cometiendo-un-genocidio-en-gaza-y-europa-tiene-el-deber-de-detenerlo-afirma-om\" rel=\"nofollow noopener\" target=\"_blank\"><strong>lo calific\u00f3 de genocidio<\/strong><\/a>. Y lo que pedimos es el bloqueo comercial y diplom\u00e1tico y sanciones a Israel para detener el genocidio. Palestina libre\u00bb.<\/p>\n<p>La Asociaci\u00f3n Internacional de Estudiosos del Genocidio (IAGS, por sus siglas en ingl\u00e9s) es <strong>la mayor asociaci\u00f3n profesional del mundo de expertos que estudian el genocidio<\/strong> y re\u00fane a estudiosos, investigadores y acad\u00e9micos de todo el planeta, entre ellos muchos <strong>especialistas en el Holocausto,<\/strong> historiadores y soci\u00f3logos.<\/p>\n<p>El mes pasado, concluyeron que la conducta de Israel en Gaza cumple la definici\u00f3n de genocidio de la ONU. <a href=\"https:\/\/genocidescholars.org\/wp-content\/uploads\/2025\/08\/IAGS-Resolution-on-Gaza-FINAL.pdf\" target=\"_blank\" rel=\"noreferrer nofollow noopener\"><strong>La resoluci\u00f3n, de tres p\u00e1ginas,<\/strong><\/a> cita los ataques generalizados a la sanidad, la ayuda y la educaci\u00f3n, la muerte y lesiones de decenas de miles de ni\u00f1os, el apoyo de los dirigentes israel\u00edes a las expulsiones forzosas, la demolici\u00f3n casi total de viviendas y la ret\u00f3rica deshumanizadora hacia los palestinos.<\/p>\n<p>El Ministerio de Asuntos Exteriores israel\u00ed rechaz\u00f3 el informe, <strong>alegando que se basaba en \u00abmentiras de Ham\u00e1s\u00bb<\/strong> y en una investigaci\u00f3n defectuosa, y lo describi\u00f3 como una \u00abverg\u00fcenza para la profesi\u00f3n jur\u00eddica\u00bb. Un portavoz argument\u00f3 tambi\u00e9n que el propio Israel es la verdadera v\u00edctima del genocidio.<\/p>\n<p>Hollywood se pronuncia<\/p>\n<p>La declaraci\u00f3n de Bardem en los Emmy se produce en medio de <strong>una creciente oleada de iniciativas<\/strong> dentro de la industria del entretenimiento para protestar contra <a href=\"https:\/\/es.euronews.com\/cultura\/2025\/09\/09\/olivia-colman-javier-bardem-y-emma-stone-entre-los-1300-artistas-que-reclaman-boicotear-a-\" rel=\"nofollow noopener\" target=\"_blank\"><strong>las acciones de Israel en Gaza<\/strong><\/a>.<\/p>\n<p><strong>M\u00e1s de 1.300 artistas<\/strong> -entre ellos estrellas de Hollywood e internacionales como Olivia Colman, Tilda Swinton, Emma Stone, Mark Ruffalo, Riz Ahmed y el propio Bardem- se han comprometido a no trabajar con instituciones cinematogr\u00e1ficas israel\u00edes que, seg\u00fan dicen, est\u00e1n implicadas en \u00abel genocidio y el apartheid contra el pueblo palestino\u00bb.<\/p>\n<p>El compromiso, creado por Film Makers for Palestine, tambi\u00e9n ha sido <strong>firmado por cineastas de la talla de Ken Loach<\/strong>, Y\u00f3rgos L\u00e1nthimos, Asif Kapadia, Joshua Oppenheimer, Lily Gladstone, Ayo Edebiri, Brian Cox, Josh O&#8217;Connor, Rebecca Hall, Benedict Wong, Gael Garc\u00eda Bernal y Susan Sarandon.<\/p>\n<p>\u00abComo cineastas, actores, trabajadores de la industria cinematogr\u00e1fica e instituciones, reconocemos el poder del cine para dar forma a las percepciones\u00bb, dice la <a href=\"https:\/\/filmworkersforpalestine.org\/#endingcomplicity\" target=\"_blank\" rel=\"noreferrer nofollow noopener\"><strong>declaraci\u00f3n<\/strong><\/a>. \u00abEn este momento urgente de crisis, en el que muchos de nuestros gobiernos <a href=\"https:\/\/es.euronews.com\/business\/2025\/08\/19\/israel-aprueba-el-mayor-acuerdo-de-suministro-de-gas-de-su-historia-a-egipto\" rel=\"nofollow noopener\" target=\"_blank\">est\u00e1n permitiendo la carnicer\u00eda en Gaza<\/a>, debemos hacer todo lo posible para hacer frente a la complicidad en ese horror implacable\u00bb.<\/p>\n<p>El compromiso contin\u00faa <strong>instando a la industria a rechazar el silencio<\/strong>, el racismo y la deshumanizaci\u00f3n, y a evitar trabajar con instituciones cinematogr\u00e1ficas israel\u00edes -incluidos festivales, cines, emisoras y productoras- que sean c\u00f3mplices de violaciones de los derechos humanos.<\/p>\n","protected":false},"excerpt":{"rendered":"Por&amp;nbspTheo Farrant&amp;nbsp&amp;&amp;nbspAP Publicado 15\/09\/2025 &#8211; 14:18 CEST PUBLICIDAD Javier Bardem hizo una llamativa declaraci\u00f3n pol\u00edtica en la alfombra&hellip;\n","protected":false},"author":2,"featured_media":116651,"comment_status":"","ping_status":"","sticky":false,"template":"","format":"standard","meta":{"footnotes":""},"categories":[91],"tags":[4835,209,39035,146,147,25,24,260,1258,15751,76,23],"class_list":{"0":"post-116650","1":"post","2":"type-post","3":"status-publish","4":"format-standard","5":"has-post-thumbnail","7":"category-entretenimiento","8":"tag-corazon","9":"tag-cultura","10":"tag-emmy-awards","11":"tag-entertainment","12":"tag-entretenimiento","13":"tag-es","14":"tag-espana","15":"tag-gente","16":"tag-guerra-israel-hamas","17":"tag-javier-bardem","18":"tag-palestina","19":"tag-spain"},"share_on_mastodon":{"url":"","error":""},"_links":{"self":[{"href":"https:\/\/www.europesays.com\/es\/wp-json\/wp\/v2\/posts\/116650","targetHints":{"allow":["GET"]}}],"collection":[{"href":"https:\/\/www.europesays.com\/es\/wp-json\/wp\/v2\/posts"}],"about":[{"href":"https:\/\/www.europesays.com\/es\/wp-json\/wp\/v2\/types\/post"}],"author":[{"embeddable":true,"href":"https:\/\/www.europesays.com\/es\/wp-json\/wp\/v2\/users\/2"}],"replies":[{"embeddable":true,"href":"https:\/\/www.europesays.com\/es\/wp-json\/wp\/v2\/comments?post=116650"}],"version-history":[{"count":0,"href":"https:\/\/www.europesays.com\/es\/wp-json\/wp\/v2\/posts\/116650\/revisions"}],"wp:featuredmedia":[{"embeddable":true,"href":"https:\/\/www.europesays.com\/es\/wp-json\/wp\/v2\/media\/116651"}],"wp:attachment":[{"href":"https:\/\/www.europesays.com\/es\/wp-json\/wp\/v2\/media?parent=116650"}],"wp:term":[{"taxonomy":"category","embeddable":true,"href":"https:\/\/www.europesays.com\/es\/wp-json\/wp\/v2\/categories?post=116650"},{"taxonomy":"post_tag","embeddable":true,"href":"https:\/\/www.europesays.com\/es\/wp-json\/wp\/v2\/tags?post=116650"}],"curies":[{"name":"wp","href":"https:\/\/api.w.org\/{rel}","templated":true}]}}