{"id":116656,"date":"2025-09-15T13:07:04","date_gmt":"2025-09-15T13:07:04","guid":{"rendered":"https:\/\/www.europesays.com\/es\/116656\/"},"modified":"2025-09-15T13:07:04","modified_gmt":"2025-09-15T13:07:04","slug":"noemi-galera-directora-de-la-academia-de-ot-estoy-de-acuerdo-en-no-participar-en-eurovision-si-esta-israel-television","status":"publish","type":"post","link":"https:\/\/www.europesays.com\/es\/116656\/","title":{"rendered":"Noem\u00ed Galera, directora de la Academia de OT: \u201cEstoy de acuerdo en no participar en Eurovisi\u00f3n si est\u00e1 Israel\u201d | Televisi\u00f3n"},"content":{"rendered":"<p class=\"\"><a href=\"https:\/\/elpais.com\/noticias\/noemi-galera-nebot\/\" target=\"_self\" rel=\"nofollow noopener\" title=\"https:\/\/elpais.com\/noticias\/noemi-galera-nebot\/\">Noem\u00ed Galera<\/a>, directora de la Academia de <a href=\"https:\/\/elpais.com\/noticias\/operacion-triunfo\/\" target=\"_self\" rel=\"nofollow noopener\" title=\"https:\/\/elpais.com\/noticias\/operacion-triunfo\/\">Operaci\u00f3n Triunfo<\/a> (OT) y encargada de casting del programa, se ha referido al boicot a Israel en Eurovisi\u00f3n, formulado ya por Pa\u00edses Bajos, Irlanda, Eslovenia o Islandia. Entrevistada en el programa Aqu\u00ed Catalunya de SER Catalunya, Galera ha hablado a t\u00edtulo personal: \u201cEstoy muy de acuerdo con este boicot, hay cosas que no deben aceptarse. Si Rusia por ejemplo no puede participar, \u00bfpor qu\u00e9 s\u00ed Israel? Como Noem\u00ed Galera estoy de acuerdo con que no se participe si est\u00e1 Israel\u201d. <\/p>\n<p class=\"\">La directora de OT responde as\u00ed a las \u00faltimas informaciones relacionadas con la participaci\u00f3n de algunos pa\u00edses en Eurovisi\u00f3n. El ministro de Cultura, Ernest Urtasun, ha pedido a <a href=\"https:\/\/elpais.com\/noticias\/rtve-radio-televion-espanola\/\" target=\"_self\" rel=\"nofollow noopener\" title=\"https:\/\/elpais.com\/noticias\/rtve-radio-televion-espanola\/\">RTVE <\/a>que \u201chaga todo lo posible para que Israel no participe\u201d. Urtasun pide que Espa\u00f1a se una a este grupo de pa\u00edses: \u201cTodas las medidas de presi\u00f3n deben estar encima de la mesa\u201d. El ministro record\u00f3 en La hora de La 1 que la decisi\u00f3n final la tiene que tener la corporaci\u00f3n p\u00fablica, pero abog\u00f3 por la expulsi\u00f3n de Israel.<\/p>\n<p class=\"\">El festival se celebrar\u00e1 en mayo del pr\u00f3ximo a\u00f1o en la ciudad de Viena y, normalmente, los pa\u00edses tienen hasta octubre para comunicar si participar\u00e1n o no, aunque este a\u00f1o el plazo se ha ampliado de forma excepcional hasta diciembre. Por parte de Espa\u00f1a, la decisi\u00f3n se mantiene a la espera. Desde RTVE han insistido en que la participaci\u00f3n en el festival sigue en pie y que habr\u00e1 que esperar a lo que decida en diciembre la Asamblea de la Uni\u00f3n Europea de Radiodifusi\u00f3n (UER), la organizadora. En esa Asamblea, la UER tendr\u00e1 que decidir si permite o no la participaci\u00f3n de Israel, algo que s\u00ed ha concedido en los dos \u00faltimos a\u00f1os.<\/p>\n<p>Eurovisi\u00f3n<\/p>\n<p class=\"\">En esta entrevista, la directora de la Academia tambi\u00e9n ha hablado de c\u00f3mo ven la 13\u00aa edici\u00f3n de Operaci\u00f3n Triunfo.\u201cNo soy para nada supersticiosa\u201d, declara, \u201cincluso tal vez nos vaya mejor\u201d. En total, 13 semanas hasta la final del <a href=\"https:\/\/elpais.com\/noticias\/programas-concursos\/\" target=\"_self\" rel=\"nofollow noopener\" title=\"https:\/\/elpais.com\/noticias\/programas-concursos\/\">concurso televisivo<\/a>, que se celebrar\u00e1 el 15 de diciembre. Galera ya tiene la habitaci\u00f3n lista (su litera y armario), con la maleta preparada en casa para esta noche. \u201cBuscamos hacer una edici\u00f3n top, que enganche al p\u00fablico\u201d, dice. Sobre el nuevo jurado opina que es \u201cuno de los mejores de la historia del programa\u201d. Cris Regatero (Los40) ya es un perfil conocido, \u201cque entiende perfectamente lo que quiere la industria\u201d. De Abraham Mateo dice: \u201ces alguien que desde peque\u00f1o triunfa y se mueve en este c\u00edrculo\u201d; el resto del elenco lo conforman Guille Milkyway (La Casa Azul) y Leire Mart\u00ednez. Todos tienen experiencia en televisi\u00f3n.<\/p>\n<p class=\"\">Que de esta edici\u00f3n salgan nuevos <a href=\"https:\/\/www.google.com\/url?sa=t&amp;rct=j&amp;q=&amp;esrc=s&amp;source=web&amp;cd=&amp;cad=rja&amp;uact=8&amp;ved=2ahUKEwiAx_Sy2NqPAxUOUaQEHToiATwQFnoECBgQAQ&amp;url=https%3A%2F%2Felpais.com%2Fnoticias%2Fdavid-bisbal%2F&amp;usg=AOvVaw18_NLJ7EjS9Rj_JTxxNAXV&amp;opi=89978449\" target=\"_self\" rel=\"nofollow noopener\" title=\"https:\/\/www.google.com\/url?sa=t&amp;rct=j&amp;q=&amp;esrc=s&amp;source=web&amp;cd=&amp;cad=rja&amp;uact=8&amp;ved=2ahUKEwiAx_Sy2NqPAxUOUaQEHToiATwQFnoECBgQAQ&amp;url=https%3A%2F%2Felpais.com%2Fnoticias%2Fdavid-bisbal%2F&amp;usg=AOvVaw18_NLJ7EjS9Rj_JTxxNAXV&amp;opi=89978449\">Bisbals<\/a>, <a href=\"https:\/\/elpais.com\/noticias\/aitana-ocana-morales\/\" target=\"_self\" rel=\"nofollow noopener\" title=\"https:\/\/elpais.com\/noticias\/aitana-ocana-morales\/\">Aitanas <\/a>o Amaias \u201cno depende de nosotros, sino del p\u00fablico y la industria\u201d, defiende la directora de la academia. \u201cDesde el minuto uno dejamos claro que estar en OT no significa salir con una carrera internacional, que lo m\u00e1s probable es que puedan dedicarse a la m\u00fasica de forma sencilla\u201d, explica. Otra cosa que tambi\u00e9n les recuerdan a los 18 concursantes es la enorme visibilidad que tendr\u00e1n durante estos tres meses.<\/p>\n<p class=\"\">Sobre las cr\u00edticas negativas, que ya est\u00e1n recibiendo, Galera tacha de \u201cbarbaridades\u201d algunos de los mensajes que ya les han escrito usuarios en redes. \u201cLeemos todos los mensajes que nos dejan. Esta edici\u00f3n intentaremos no responder [se refiere a los m\u00e1s hirientes y no constructivos], y estoy dispuesta a denunciar algunos mensajes\u201d. No ser\u00eda la primera vez que lo hace. \u201cMe quedo m\u00e1s tranquila\u201d, a\u00f1ade.<\/p>\n<p class=\"\">Operaci\u00f3n Triunfo 2025 dar\u00e1 el pistoletazo de salida esta noche. Un estreno muy esperado que comenzar\u00e1 a partir de las 22:00. Cada lunes se emitir\u00e1 una gala en directo que podr\u00e1 seguirse \u2014como la edici\u00f3n anterior\u2014 en Amazon Prime o a trav\u00e9s del canal de YouTube oficial del programa. De la gala cero de este lunes, saldr\u00e1n 16 concursantes y dos ser\u00e1n expulsados.<\/p>\n","protected":false},"excerpt":{"rendered":"Noem\u00ed Galera, directora de la Academia de Operaci\u00f3n Triunfo (OT) y encargada de casting del programa, se ha&hellip;\n","protected":false},"author":2,"featured_media":116657,"comment_status":"","ping_status":"","sticky":false,"template":"","format":"standard","meta":{"footnotes":""},"categories":[42],"tags":[6826,17,18,3061,1980,7580,24,700,13,14,39038,11,61,62,63,64,19,20,185,9,39037,10,15,16,222,807,12,21,22,65,66,67],"class_list":{"0":"post-116656","1":"post","2":"type-post","3":"status-publish","4":"format-standard","5":"has-post-thumbnail","7":"category-internacional","8":"tag-amazon-prime-video","9":"tag-breaking-news","10":"tag-breakingnews","11":"tag-cantantes","12":"tag-cataluna","13":"tag-concursos","14":"tag-espana","15":"tag-europa","16":"tag-featured-news","17":"tag-featurednews","18":"tag-festival-ebrovision","19":"tag-headlines","20":"tag-internacional","21":"tag-international","22":"tag-international-news","23":"tag-internationalnews","24":"tag-latest-news","25":"tag-latestnews","26":"tag-musica","27":"tag-news","28":"tag-noemi-galera","29":"tag-noticias","30":"tag-noticias-destacadas","31":"tag-noticiasdestacadas","32":"tag-operacion-triunfo","33":"tag-television","34":"tag-titulares","35":"tag-ultimas-noticias","36":"tag-ultimasnoticias","37":"tag-world","38":"tag-world-news","39":"tag-worldnews"},"share_on_mastodon":{"url":"","error":""},"_links":{"self":[{"href":"https:\/\/www.europesays.com\/es\/wp-json\/wp\/v2\/posts\/116656","targetHints":{"allow":["GET"]}}],"collection":[{"href":"https:\/\/www.europesays.com\/es\/wp-json\/wp\/v2\/posts"}],"about":[{"href":"https:\/\/www.europesays.com\/es\/wp-json\/wp\/v2\/types\/post"}],"author":[{"embeddable":true,"href":"https:\/\/www.europesays.com\/es\/wp-json\/wp\/v2\/users\/2"}],"replies":[{"embeddable":true,"href":"https:\/\/www.europesays.com\/es\/wp-json\/wp\/v2\/comments?post=116656"}],"version-history":[{"count":0,"href":"https:\/\/www.europesays.com\/es\/wp-json\/wp\/v2\/posts\/116656\/revisions"}],"wp:featuredmedia":[{"embeddable":true,"href":"https:\/\/www.europesays.com\/es\/wp-json\/wp\/v2\/media\/116657"}],"wp:attachment":[{"href":"https:\/\/www.europesays.com\/es\/wp-json\/wp\/v2\/media?parent=116656"}],"wp:term":[{"taxonomy":"category","embeddable":true,"href":"https:\/\/www.europesays.com\/es\/wp-json\/wp\/v2\/categories?post=116656"},{"taxonomy":"post_tag","embeddable":true,"href":"https:\/\/www.europesays.com\/es\/wp-json\/wp\/v2\/tags?post=116656"}],"curies":[{"name":"wp","href":"https:\/\/api.w.org\/{rel}","templated":true}]}}