{"id":116658,"date":"2025-09-15T13:08:10","date_gmt":"2025-09-15T13:08:10","guid":{"rendered":"https:\/\/www.europesays.com\/es\/116658\/"},"modified":"2025-09-15T13:08:10","modified_gmt":"2025-09-15T13:08:10","slug":"el-santo-padre-ha-nombrado-nuncio-apostolico-en-espana-y-en-el-principado-de-andorra","status":"publish","type":"post","link":"https:\/\/www.europesays.com\/es\/116658\/","title":{"rendered":"El Santo Padre ha nombrado Nuncio Apost\u00f3lico en Espa\u00f1a y en el Principado de Andorra"},"content":{"rendered":"<p>Monse\u00f1or Piero Pioppo, ha sido nombrado por el Papa Le\u00f3n XIV como nuevo Nuncio Apost\u00f3lico en Espa\u00f1a y en el Principado de Andorra.<\/p>\n<p><b>Vatican News<\/b><\/p>\n<p>La Oficina de Prensa de la Santa Sede ha informado en su bolet\u00edn de este 15 de septiembre que \u201cel Santo Padre ha nombrado Nuncio Apost\u00f3lico en Espa\u00f1a y en el Principado de Andorra a Su Excelencia Reverend\u00edsima Monse\u00f1or Piero Pioppo, Arzobispo titular de Torcello, hasta ahora Nuncio Apost\u00f3lico en Indonesia y ante la Asociaci\u00f3n de Naciones del Sudeste Asi\u00e1tico (ASEAN)\u201d.<\/p>\n<p><b>Monse\u00f1or Piero Pioppo<\/b> <\/p>\n<p>Nace el 29 de septiembre de 1960 en Savona (Italia). Fue ordenado sacerdote el 29 de junio de 1985. Incardinado en la Di\u00f3cesis de Acqui Terme. Es Doctor en Teolog\u00eda Dogm\u00e1tica. Entra en el Servicio Diplom\u00e1tico de la Santa Sede el 1 de julio de 1993, prestando sus servicios en las Nunciaturas Apost\u00f3licas de Corea, Chile y en la Secci\u00f3n para los Asuntos Generales de la Secretar\u00eda de Estado. Nombrado Prelado del Instituto para las Obras de Religi\u00f3n (IOR), el 7 de julio de 2006.<\/p>\n<p>Nombrado Nuncio Apost\u00f3lico en Camer\u00fan y Guinea Ecuatorial, el 25 de enero de 2010, y Arzobispo titular de Torcello. Recibi\u00f3 la Ordenaci\u00f3n episcopal el 18 de marzo de 2010. Nombrado Nuncio Apost\u00f3lico en Indonesia, el 8 de septiembre de 2017. Nombrado Nuncio Apost\u00f3lico ante la Asociaci\u00f3n de Naciones del Sudeste Asi\u00e1tico (ASEAN), el 19 de marzo de 2018. Lenguas conocidas: italiano, franc\u00e9s, ingl\u00e9s y espa\u00f1ol.<\/p>\n","protected":false},"excerpt":{"rendered":"Monse\u00f1or Piero Pioppo, ha sido nombrado por el Papa Le\u00f3n XIV como nuevo Nuncio Apost\u00f3lico en Espa\u00f1a y&hellip;\n","protected":false},"author":2,"featured_media":116659,"comment_status":"","ping_status":"","sticky":false,"template":"","format":"standard","meta":{"footnotes":""},"categories":[8],"tags":[17,18,25,24,13,14,11,19,20,9,10,15,16,39039,400,23,12,21,22],"class_list":{"0":"post-116658","1":"post","2":"type-post","3":"status-publish","4":"format-standard","5":"has-post-thumbnail","7":"category-espana","8":"tag-breaking-news","9":"tag-breakingnews","10":"tag-es","11":"tag-espana","12":"tag-featured-news","13":"tag-featurednews","14":"tag-headlines","15":"tag-latest-news","16":"tag-latestnews","17":"tag-news","18":"tag-noticias","19":"tag-noticias-destacadas","20":"tag-noticiasdestacadas","21":"tag-nuncio-apostolico","22":"tag-papa-leon-xiv","23":"tag-spain","24":"tag-titulares","25":"tag-ultimas-noticias","26":"tag-ultimasnoticias"},"share_on_mastodon":{"url":"","error":""},"_links":{"self":[{"href":"https:\/\/www.europesays.com\/es\/wp-json\/wp\/v2\/posts\/116658","targetHints":{"allow":["GET"]}}],"collection":[{"href":"https:\/\/www.europesays.com\/es\/wp-json\/wp\/v2\/posts"}],"about":[{"href":"https:\/\/www.europesays.com\/es\/wp-json\/wp\/v2\/types\/post"}],"author":[{"embeddable":true,"href":"https:\/\/www.europesays.com\/es\/wp-json\/wp\/v2\/users\/2"}],"replies":[{"embeddable":true,"href":"https:\/\/www.europesays.com\/es\/wp-json\/wp\/v2\/comments?post=116658"}],"version-history":[{"count":0,"href":"https:\/\/www.europesays.com\/es\/wp-json\/wp\/v2\/posts\/116658\/revisions"}],"wp:featuredmedia":[{"embeddable":true,"href":"https:\/\/www.europesays.com\/es\/wp-json\/wp\/v2\/media\/116659"}],"wp:attachment":[{"href":"https:\/\/www.europesays.com\/es\/wp-json\/wp\/v2\/media?parent=116658"}],"wp:term":[{"taxonomy":"category","embeddable":true,"href":"https:\/\/www.europesays.com\/es\/wp-json\/wp\/v2\/categories?post=116658"},{"taxonomy":"post_tag","embeddable":true,"href":"https:\/\/www.europesays.com\/es\/wp-json\/wp\/v2\/tags?post=116658"}],"curies":[{"name":"wp","href":"https:\/\/api.w.org\/{rel}","templated":true}]}}