{"id":116662,"date":"2025-09-15T13:15:42","date_gmt":"2025-09-15T13:15:42","guid":{"rendered":"https:\/\/www.europesays.com\/es\/116662\/"},"modified":"2025-09-15T13:15:42","modified_gmt":"2025-09-15T13:15:42","slug":"solalito-a-hombros-y-oreja-para-diego-silveti-en-el-inicio-de-la-feria-de-tacabamba-peru","status":"publish","type":"post","link":"https:\/\/www.europesays.com\/es\/116662\/","title":{"rendered":"Solalito a hombros y oreja para Diego Silveti en el inicio de la Feria de Tacabamba (Per\u00fa)"},"content":{"rendered":"<p dir=\"ltr\">Rodeada de monta\u00f1as, paisajes indescriptibles, enclavada pr\u00e1cticamente en la sierra peruana de <strong>Tacabamba<\/strong>, este domingo la plaza Monumental de esta localidad, agot\u00f3 su boletaje para lo que fue el inicio de la feria en la que se venera al Sr. De la Misericordia.<\/p>\n<p dir=\"ltr\">Resalta, que las 8,500 localidades que tiene este coso, fueron vendidas en su totalidad a pesar de que la poblaci\u00f3n de este distrito, es de tan solo 3,500 pobladores. La expectaci\u00f3n por ver al mexicano <strong>Diego Silveti<\/strong>, al franc\u00e9s<strong> Solal Calmet \u201cSolalito\u201d<\/strong> y al peruano <strong>Nicolas V\u00e1zquez<\/strong> fue may\u00fascula, pues desde muy temprano la gente se volc\u00f3 a las calles circundantes a la plaza de toros generando un ambiente espectacular.<\/p>\n<p dir=\"ltr\">Se jugaron astados de tres ganader\u00edas, <strong>Campo bravo, San Jos\u00e9 del Monte y Buenavista<\/strong>, esta \u00faltima con un sobrero con el que Silveti pudo triunfar.<\/p>\n<p dir=\"ltr\">No obstante que El franc\u00e9s \u201c<strong>Solalito<\/strong>\u201d le pudo cortar una oreja al tercero de la funci\u00f3n, los tres toreros poco pudieron hacer durante la primera parte de la corrida, debido al intenso Vendaval que sopl\u00f3 en la sierra peruana.<\/p>\n<p dir=\"ltr\">La cosa parec\u00eda empeorar, el cuarto de la tarde correspondiente al mexicano <strong>Diego Silveti, de Campo bravo<\/strong>, fue devuelto a los corrales por manso, el sustituto, tambi\u00e9n de esa ganader\u00eda, corri\u00f3 la misma suerte y se tuvo que echar mano de un sobrero de Buenavista con el que el torero de Guanajuato hizo valer su sitio dentro de esta feria.<\/p>\n<p dir=\"ltr\"><strong>Silveti<\/strong> logro una faena muy completa, con el capote, se meci\u00f3 en ver\u00f3nicas muy templadas que el p\u00fablico le aplaudi\u00f3 con fuerza. Con la muleta su trasteo fue s\u00f3lido y templado, muletazos por ambos pitones con temple y remates art\u00edsticos que calaron hondo en los tendidos, su toreo en redondo por pit\u00f3n derecho le resulto muy aplaudido, tras cobrar una buena estocada el juez le premi\u00f3 con una oreja, dando sonora vuelta al ruedo.<\/p>\n<p dir=\"ltr\">El torero local, <strong>Nicolas V\u00e1zquez<\/strong>, aunque voluntarioso poco pudo hacer, tanto por el viento como por sus fallas con la espada y el descabello, en sus dos toros fue avisado.<\/p>\n<p dir=\"ltr\">En el ocaso de la tarde, el diestro franc\u00e9s <strong>Solal Calmet \u201cSolalito\u201d<\/strong> sali\u00f3 a jugarse la vida y a demostrar que su contrataci\u00f3n, no hab\u00eda sido obra de la casualidad, entregado y valiente, \u201cSolalito\u201d consumo un trasteo valiente y variado por ambos lados, remates y desplantes que le fueron celebrados por el p\u00fablico, que no se me movi\u00f3 de sus asientos. Tras cobrar una buena estocada, la autoridad le galardon\u00f3 con dos orejas para as\u00ed salir en hombros de la plaza de Tacabamba con un total de tres ap\u00e9ndices.<\/p>\n<p dir=\"ltr\">Este 15 de septiembre, <strong>Diego Silveti<\/strong>, cumplir\u00e1 con su segundo contrato dentro de esta feria, en una corrida de corte internacional, en la que participan seis toreros. Los espa\u00f1oles, Miguel Gim\u00e9nez y David de Miranda respectivamente, el venezolano Jes\u00fas Enrique Colombo, el peruano Nicolas V\u00e1zquez y el franc\u00e9s \u201cSolalito\u201d, en una corrida que promete otro lleno hasta las banderas.<\/p>\n<p dir=\"ltr\"><strong>Informaci\u00f3n<\/strong>: Alejandro Silveti<\/p>\n","protected":false},"excerpt":{"rendered":"Rodeada de monta\u00f1as, paisajes indescriptibles, enclavada pr\u00e1cticamente en la sierra peruana de Tacabamba, este domingo la plaza Monumental&hellip;\n","protected":false},"author":2,"featured_media":116663,"comment_status":"","ping_status":"","sticky":false,"template":"","format":"standard","meta":{"footnotes":""},"categories":[277],"tags":[373,168,25,24,23,167,374],"class_list":{"0":"post-116662","1":"post","2":"type-post","3":"status-publish","4":"format-standard","5":"has-post-thumbnail","7":"category-toreo","8":"tag-bullfighting","9":"tag-deportes","10":"tag-es","11":"tag-espana","12":"tag-spain","13":"tag-sports","14":"tag-toreo"},"share_on_mastodon":{"url":"","error":""},"_links":{"self":[{"href":"https:\/\/www.europesays.com\/es\/wp-json\/wp\/v2\/posts\/116662","targetHints":{"allow":["GET"]}}],"collection":[{"href":"https:\/\/www.europesays.com\/es\/wp-json\/wp\/v2\/posts"}],"about":[{"href":"https:\/\/www.europesays.com\/es\/wp-json\/wp\/v2\/types\/post"}],"author":[{"embeddable":true,"href":"https:\/\/www.europesays.com\/es\/wp-json\/wp\/v2\/users\/2"}],"replies":[{"embeddable":true,"href":"https:\/\/www.europesays.com\/es\/wp-json\/wp\/v2\/comments?post=116662"}],"version-history":[{"count":0,"href":"https:\/\/www.europesays.com\/es\/wp-json\/wp\/v2\/posts\/116662\/revisions"}],"wp:featuredmedia":[{"embeddable":true,"href":"https:\/\/www.europesays.com\/es\/wp-json\/wp\/v2\/media\/116663"}],"wp:attachment":[{"href":"https:\/\/www.europesays.com\/es\/wp-json\/wp\/v2\/media?parent=116662"}],"wp:term":[{"taxonomy":"category","embeddable":true,"href":"https:\/\/www.europesays.com\/es\/wp-json\/wp\/v2\/categories?post=116662"},{"taxonomy":"post_tag","embeddable":true,"href":"https:\/\/www.europesays.com\/es\/wp-json\/wp\/v2\/tags?post=116662"}],"curies":[{"name":"wp","href":"https:\/\/api.w.org\/{rel}","templated":true}]}}