{"id":116664,"date":"2025-09-15T13:17:08","date_gmt":"2025-09-15T13:17:08","guid":{"rendered":"https:\/\/www.europesays.com\/es\/116664\/"},"modified":"2025-09-15T13:17:08","modified_gmt":"2025-09-15T13:17:08","slug":"la-edicion-2025-de-forty-golf-cup-en-imagenes-alicante-plaza","status":"publish","type":"post","link":"https:\/\/www.europesays.com\/es\/116664\/","title":{"rendered":"La edici\u00f3n 2025 de Forty Golf Cup, en im\u00e1genes &#8211; Alicante Plaza"},"content":{"rendered":"<ol>\n<li><a href=\"https:\/\/news.google.com\/rss\/articles\/CBMinwFBVV95cUxNbVkxUE9PTjA5a0tzM2dqdHVZT01PdmVDYUtLSm8yWXJUcVN5V2IyQkcweDZYNjZic3p3WjZjc1NPRXJXZ0VtaXNZTHBRU3dNdk4yVEZ2ak1UMk9XUnJYUjQxU0s1NUtieVprVGlDUy1IaE5kVkhYQi15RnUzOWFodDRzVENBV1JMd1lYWnduUDBKYlhVeVlieno4OGhDX3M?oc=5\" target=\"_blank\" rel=\"nofollow noopener\">La edici\u00f3n 2025 de Forty Golf Cup, en im\u00e1genes<\/a>&nbsp;&nbsp;Alicante Plaza<\/li>\n<li><a href=\"https:\/\/news.google.com\/rss\/articles\/CBMipgFBVV95cUxNc040M0JTZmx0ZjFhV1liVDZlelpxM3k1ZzRCbXRWclo0OHN0LWNScm5sQ1JVcUpvUjJhbWZfdmxiT19VMFBCTzUyZDljYjFVWlRhbXJiMzhKUWpONEljUUdaOGpIUDJPRG44UHI3TkYzMDBhaVB2eXJ1bU1DaVMxTnpsclhkS0lDRmx3WWFyNjRJMVIxYm8wSUxrYmlEb1NNY0Q2M1BB?oc=5\" target=\"_blank\" rel=\"nofollow noopener\">La cena de inicio de curso pol\u00edtico del PPCV en Benidorm, en im\u00e1genes<\/a>&nbsp;&nbsp;Valencia Plaza<\/li>\n<li><a href=\"https:\/\/news.google.com\/rss\/articles\/CBMiqwFBVV95cUxNU1FjdUhHOXBJT1VIaUh2R3FLNmxyUmkyTmdVUjFqbTZMTW5EakZsVkQ4cXlaVWo3ZDdNTGxwZEFhVmI3cDhBek12UUxwZERqM1pWdF8xZXZfelFEbzdpMzItV1JWc2lmM2tVQm51blRsNDdrS2NsNkhmNzhINE1OQTJpdjYwSU5DeURnQnhUdzhyb3ZZdmZBRlZBMmYyVEh1QzJxdEo1eGpOaEE?oc=5\" target=\"_blank\" rel=\"nofollow noopener\">Los 15 conciertos &#8216;sold out&#8217; del Roig Arena una semana despu\u00e9s de su arranque en Valencia<\/a>&nbsp;&nbsp;Las Provincias<\/li>\n<li><a href=\"https:\/\/news.google.com\/rss\/articles\/CBMiqgFBVV95cUxONWp3aXRjblJxT1owYWh5U0NxWS1RSXJIYmQ5YWI4bl94QWVWc3p6a0Q1WW52d3pOd2ZsZHE4UGxEa1k3LW5TWUgxcmxTS2d3TXFKd3pqUXBnekdNRjFHQWZXcFVwcmpJMnQzOGdpaHNaaDQ2TXV1LVpESGRaS0luNjdMS3VscXRUakQxZUdJcE9IcWVQcDQ2aDNCR0dBdG9iYW9nZ1lNbXFfd9IBtgFBVV95cUxNTWJJaEZYY20zQmNrdGRrS3cyZm9oR2tRV3JVTXZEaTljM3ZBeHRWNGh1aDA3dUc0SmRPbFprbDNjNzBsa0NWaGZfOXNNemhFSUNraTRlUTVvUUtNbHc5SldnNmI3X3g3VEpVZ2VWQkQzcE5iNE81dmYwRnBBMmJMdG9XWlVlTEtJZWhVU19MMEhkbWFWcGNJZi1sNlp0UklJZmJYUlBLd0w3TjVyYmRkMWl6QjhFdw?oc=5\" target=\"_blank\" rel=\"nofollow noopener\">El concierto homenaje a Nino Bravo hace vibrar a miles de valencianos en el nuevo Roig Arena<\/a>&nbsp;&nbsp;Telecinco<\/li>\n<li><a href=\"https:\/\/news.google.com\/rss\/articles\/CBMilwFBVV95cUxOVF9zX3ozQmNyTjE4UXgxLXQtVW1rUFJHZGl0b1NHaU9lOGZTczA2VzNNUlBvb2VNdVN6aDBnMjlBbndncVF4Qk9IZ1NlZVItT3BOOUNzTVhuc1lkazRGbHJlYWt3d0JVNUtpOC1GTlNwT3RDRFI2cUx2QlBpS3lWZ2N6YlFwQnd2VERzV1UxRWtxYTZ3TkN30gGcAUFVX3lxTE93ckJjSkVlTWhDSVA2dkZONUFKRm9yRmZkOU91MURhbzc5QmhUbUQ2bTlkc0cwOU5iamlTd0FQLWtzbWs3UTczdG5YZ3Q2Y0xlSjFpVUswZW5Wb3FWdlVqYVRXSUgwZlFXeW1jVGs0NWE4Q05JWGJydV82clYwX3FZT2F1NGJNS3lDVkR0dEtMUDlmUUZhRWhMR2JlTg?oc=5\" target=\"_blank\" rel=\"nofollow noopener\">Roig Arena: Un negocio m\u00e1s all\u00e1 del baloncesto<\/a>&nbsp;&nbsp;Levante-EMV<\/li>\n<\/ol>\n","protected":false},"excerpt":{"rendered":"La edici\u00f3n 2025 de Forty Golf Cup, en im\u00e1genes&nbsp;&nbsp;Alicante Plaza La cena de inicio de curso pol\u00edtico del&hellip;\n","protected":false},"author":2,"featured_media":116665,"comment_status":"","ping_status":"","sticky":false,"template":"","format":"standard","meta":{"footnotes":""},"categories":[275],"tags":[168,25,24,329,23,167],"class_list":{"0":"post-116664","1":"post","2":"type-post","3":"status-publish","4":"format-standard","5":"has-post-thumbnail","7":"category-golf","8":"tag-deportes","9":"tag-es","10":"tag-espana","11":"tag-golf","12":"tag-spain","13":"tag-sports"},"share_on_mastodon":{"url":"","error":""},"_links":{"self":[{"href":"https:\/\/www.europesays.com\/es\/wp-json\/wp\/v2\/posts\/116664","targetHints":{"allow":["GET"]}}],"collection":[{"href":"https:\/\/www.europesays.com\/es\/wp-json\/wp\/v2\/posts"}],"about":[{"href":"https:\/\/www.europesays.com\/es\/wp-json\/wp\/v2\/types\/post"}],"author":[{"embeddable":true,"href":"https:\/\/www.europesays.com\/es\/wp-json\/wp\/v2\/users\/2"}],"replies":[{"embeddable":true,"href":"https:\/\/www.europesays.com\/es\/wp-json\/wp\/v2\/comments?post=116664"}],"version-history":[{"count":0,"href":"https:\/\/www.europesays.com\/es\/wp-json\/wp\/v2\/posts\/116664\/revisions"}],"wp:featuredmedia":[{"embeddable":true,"href":"https:\/\/www.europesays.com\/es\/wp-json\/wp\/v2\/media\/116665"}],"wp:attachment":[{"href":"https:\/\/www.europesays.com\/es\/wp-json\/wp\/v2\/media?parent=116664"}],"wp:term":[{"taxonomy":"category","embeddable":true,"href":"https:\/\/www.europesays.com\/es\/wp-json\/wp\/v2\/categories?post=116664"},{"taxonomy":"post_tag","embeddable":true,"href":"https:\/\/www.europesays.com\/es\/wp-json\/wp\/v2\/tags?post=116664"}],"curies":[{"name":"wp","href":"https:\/\/api.w.org\/{rel}","templated":true}]}}