{"id":116668,"date":"2025-09-15T13:19:07","date_gmt":"2025-09-15T13:19:07","guid":{"rendered":"https:\/\/www.europesays.com\/es\/116668\/"},"modified":"2025-09-15T13:19:07","modified_gmt":"2025-09-15T13:19:07","slug":"asi-ha-sido-la-rueda-de-prensa-de-javier-guillen-director-de-la-vuelta-a-espana","status":"publish","type":"post","link":"https:\/\/www.europesays.com\/es\/116668\/","title":{"rendered":"As\u00ed ha sido la rueda de prensa de Javier Guill\u00e9n, director de la Vuelta a Espa\u00f1a"},"content":{"rendered":"<p class=\"paragraph\">La Vuelta ciclista a Espa\u00f1a sigue impactada por el abrupto final que tuvo este domingo. <a href=\"https:\/\/www.heraldo.es\/noticias\/deportes\/2025\/09\/15\/protestas-propalestinas-obligan-suspender-ultima-etapa-vuelta-1853974.html\" title=\"Las protestas propalestinas obligan a suspender la \u00faltima etapa de La Vuelta\" rel=\"nofollow noopener\" target=\"_blank\">La carrera tuvo que terminar sin su etapa final<\/a>, debido a las protestas propalestinas que i<b>mpidieron que terminara en la meta prevista de Madrid.<\/b><\/p>\n<p class=\"paragraph\">Este hecho ha condicionado por completo la prueba, que durante todo su recorrido se ha visto sacudida por incidentes provocados por los manifestantes, <b>que ped\u00edan la expulsi\u00f3n del pelot\u00f3n del equipo de Israel<\/b>. La organizaci\u00f3n de la Vuelta decidi\u00f3 mantenerlo y continuar con el desarrollo normal de la prueba, que se ha visto condicionada constantemente por estas protestas.<\/p>\n<p class=\"paragraph\">Este lunes, el director de la Vuelta a Espa\u00f1a, Javier Guill\u00e9n, ha\u00a0<b>hablado ante los medios de comunicaci\u00f3n<\/b> para hacer balance de la prueba y ofrecer explicaciones sobre las decisiones que se han ido tomando en cada momento.\u00a0<\/p>\n<p>    <a name=\"1854045\"\/><\/p>\n<p>Placeholder mam module<\/p>\n<p>Rueda de prensa de Javier Guill\u00e9n, director de la Vuelta a Espa\u00f1a, en directo<\/p>\n","protected":false},"excerpt":{"rendered":"La Vuelta ciclista a Espa\u00f1a sigue impactada por el abrupto final que tuvo este domingo. La carrera tuvo&hellip;\n","protected":false},"author":2,"featured_media":116669,"comment_status":"","ping_status":"","sticky":false,"template":"","format":"standard","meta":{"footnotes":""},"categories":[273],"tags":[313,312,168,2125,411,25,24,16630,23,167,1357],"class_list":{"0":"post-116668","1":"post","2":"type-post","3":"status-publish","4":"format-standard","5":"has-post-thumbnail","7":"category-ciclismo","8":"tag-ciclismo","9":"tag-cycling","10":"tag-deportes","11":"tag-directo","12":"tag-director","13":"tag-es","14":"tag-espana","15":"tag-guillen","16":"tag-spain","17":"tag-sports","18":"tag-vuelta"},"share_on_mastodon":{"url":"","error":""},"_links":{"self":[{"href":"https:\/\/www.europesays.com\/es\/wp-json\/wp\/v2\/posts\/116668","targetHints":{"allow":["GET"]}}],"collection":[{"href":"https:\/\/www.europesays.com\/es\/wp-json\/wp\/v2\/posts"}],"about":[{"href":"https:\/\/www.europesays.com\/es\/wp-json\/wp\/v2\/types\/post"}],"author":[{"embeddable":true,"href":"https:\/\/www.europesays.com\/es\/wp-json\/wp\/v2\/users\/2"}],"replies":[{"embeddable":true,"href":"https:\/\/www.europesays.com\/es\/wp-json\/wp\/v2\/comments?post=116668"}],"version-history":[{"count":0,"href":"https:\/\/www.europesays.com\/es\/wp-json\/wp\/v2\/posts\/116668\/revisions"}],"wp:featuredmedia":[{"embeddable":true,"href":"https:\/\/www.europesays.com\/es\/wp-json\/wp\/v2\/media\/116669"}],"wp:attachment":[{"href":"https:\/\/www.europesays.com\/es\/wp-json\/wp\/v2\/media?parent=116668"}],"wp:term":[{"taxonomy":"category","embeddable":true,"href":"https:\/\/www.europesays.com\/es\/wp-json\/wp\/v2\/categories?post=116668"},{"taxonomy":"post_tag","embeddable":true,"href":"https:\/\/www.europesays.com\/es\/wp-json\/wp\/v2\/tags?post=116668"}],"curies":[{"name":"wp","href":"https:\/\/api.w.org\/{rel}","templated":true}]}}