{"id":116672,"date":"2025-09-15T13:21:16","date_gmt":"2025-09-15T13:21:16","guid":{"rendered":"https:\/\/www.europesays.com\/es\/116672\/"},"modified":"2025-09-15T13:21:16","modified_gmt":"2025-09-15T13:21:16","slug":"espana-recoge-el-testigo-para-el-proximo-eurobasket-en-madrid","status":"publish","type":"post","link":"https:\/\/www.europesays.com\/es\/116672\/","title":{"rendered":"Espa\u00f1a recoge el testigo para el pr\u00f3ximo Eurobasket en Madrid"},"content":{"rendered":"<p class=\"ft-text\"><a class=\"ft-link ft-link--decoration\" href=\"https:\/\/www.sport.es\/es\/noticias\/baloncesto\/alemania-completa-reinado-dorado-121570973\" rel=\"nofollow noopener\" target=\"_blank\">La victoria de Alemania puso fin al Eurobasket 2025<\/a>, que finaliz\u00f3 en la capital letona de Riga. All\u00ed, la selecci\u00f3n germana conquist\u00f3 el doblete (Mundial y Europeo) tras derrotar a Turqu\u00eda en un partido igualad\u00edsimo que se decidi\u00f3 en el \u00faltimo cuarto.<strong> Adem\u00e1s del reparto de medallas, tambi\u00e9n hubo tiempo para dar el testigo a los pa\u00edses que acoger\u00e1n el pr\u00f3ximo Eurobasket 2029. <\/strong><\/p>\n<p class=\"ft-text\">La Presidenta de la Federaci\u00f3n Espa\u00f1ola de Baloncesto, Elisa Aguilar, fue la encargada de recogerlo en Letonia, lo que marca el inicio de la cuenta atr\u00e1s para el pr\u00f3ximo. <strong>Espa\u00f1a ser\u00e1 la mayor anfitriona, acogiendo uno de los cuatro grupos de la Primera Fase (evidentemente ser\u00e1 en el que juegue la selecci\u00f3n nacional) y la Fase Final completa<\/strong>, que se disputar\u00e1 en el Movistar Arena.<\/p>\n<p class=\"ft-text\">Tambi\u00e9n el <strong>Estadio Santiago Bernab\u00e9u estar\u00e1 presente<\/strong>, siendo el escenario de la jornada inaugural. La ceremonia del relevo tuvo lugar en el descanso del partido por el tercer y cuarto puesto, <strong>con la medalla de bronce en juego<\/strong>, entre Grecia y Finlandia. Adem\u00e1s de Espa\u00f1a, los pa\u00edses que albergar\u00e1n<strong> los otros tres grupos de la fase inicial ser\u00e1n Eslovenia, Estonia y Grecia. <\/strong><\/p>\n<p class=\"ft-text\">En total, entre Campeonatos del Mundo y de Europa masculinos y femeninos, <strong>Espa\u00f1a suma un total de nueve.<\/strong> En el caso de los Eurobasket masculinos, <strong>el Movistar Arena acogi\u00f3 los eventos de 1973, 1997 y 2007.<\/strong> En cuanto a Mundiales, <strong>la capital espa\u00f1ola ha sido anfitriona en 1986 y 2014,<\/strong> que tambi\u00e9n resolvi\u00f3 su clasificaci\u00f3n en el pabell\u00f3n donde juega el Real Madrid.<\/p>\n<p class=\"ft-text\">En la categor\u00eda femenina, <strong>Valencia alberg\u00f3 el Eurobasket 2021<\/strong> y, tres a\u00f1os antes, <strong>Tenerife fue la sede del Mundial 2018.<\/strong> La provincia de C\u00e1diz fue la primera en acoger un Eurobasket de modalidad femenina en 1987.<\/p>\n<p><img decoding=\"async\" src=\"https:\/\/www.europesays.com\/es\/wp-content\/uploads\/2025\/09\/cec631c1-47a6-4264-bfc1-3d6e567d8f4f_alta-libre-aspect-ratio_default_0.jpg\" width=\"1200\" height=\"675\" alt=\"El Movistar Arena albergar\u00e1 las eliminatorias por el Eurobasket\" class=\"ft-helper-img-rd\" loading=\"lazy\" hasdataaida=\"true\"\/><\/p>\n<p class=\"ft-helper-fontColor-quaternary ft-helper-fontSize-body-S ft-helper-spacer-t-xxs\">El Movistar Arena albergar\u00e1 las eliminatorias por el Eurobasket  \/ ACB Photo &#8211; Victor Carretero<\/p>\n<p class=\"ft-text\">\u00abTodos los partidos se disputar\u00e1n en el Movistar Arena [&#8230;] con la excepci\u00f3n de los pertenecientes a la jornada inaugural del torneo.<strong> Y es que el Eurobasket 2029 contar\u00e1 con la mejor carta de presentaci\u00f3n posible: el estadio Santiago Bernab\u00e9u.<\/strong> La candidatura de la FEB y la Comunidad de Madrid cuenta como aliado con el Real Madrid, que ha prestado su reci\u00e9n renovado estadio para inaugurar el campeonato. <strong>Hasta 80.000 espectadores podr\u00e1n presenciar in situ el mejor baloncesto continental<\/strong>, lo que supondr\u00eda un nuevo r\u00e9cord de asistencia hist\u00f3rico en un partido FIBA\u00bb, dec\u00eda el comunicado de la federaci\u00f3n.<\/p>\n","protected":false},"excerpt":{"rendered":"La victoria de Alemania puso fin al Eurobasket 2025, que finaliz\u00f3 en la capital letona de Riga. All\u00ed,&hellip;\n","protected":false},"author":2,"featured_media":116673,"comment_status":"","ping_status":"","sticky":false,"template":"","format":"standard","meta":{"footnotes":""},"categories":[269],"tags":[299,298,168,25,24,301,205,39040,23,167],"class_list":{"0":"post-116672","1":"post","2":"type-post","3":"status-publish","4":"format-standard","5":"has-post-thumbnail","7":"category-baloncesto","8":"tag-baloncesto","9":"tag-basketball","10":"tag-deportes","11":"tag-es","12":"tag-espana","13":"tag-eurobasket","14":"tag-madrid","15":"tag-riga","16":"tag-spain","17":"tag-sports"},"share_on_mastodon":{"url":"","error":""},"_links":{"self":[{"href":"https:\/\/www.europesays.com\/es\/wp-json\/wp\/v2\/posts\/116672","targetHints":{"allow":["GET"]}}],"collection":[{"href":"https:\/\/www.europesays.com\/es\/wp-json\/wp\/v2\/posts"}],"about":[{"href":"https:\/\/www.europesays.com\/es\/wp-json\/wp\/v2\/types\/post"}],"author":[{"embeddable":true,"href":"https:\/\/www.europesays.com\/es\/wp-json\/wp\/v2\/users\/2"}],"replies":[{"embeddable":true,"href":"https:\/\/www.europesays.com\/es\/wp-json\/wp\/v2\/comments?post=116672"}],"version-history":[{"count":0,"href":"https:\/\/www.europesays.com\/es\/wp-json\/wp\/v2\/posts\/116672\/revisions"}],"wp:featuredmedia":[{"embeddable":true,"href":"https:\/\/www.europesays.com\/es\/wp-json\/wp\/v2\/media\/116673"}],"wp:attachment":[{"href":"https:\/\/www.europesays.com\/es\/wp-json\/wp\/v2\/media?parent=116672"}],"wp:term":[{"taxonomy":"category","embeddable":true,"href":"https:\/\/www.europesays.com\/es\/wp-json\/wp\/v2\/categories?post=116672"},{"taxonomy":"post_tag","embeddable":true,"href":"https:\/\/www.europesays.com\/es\/wp-json\/wp\/v2\/tags?post=116672"}],"curies":[{"name":"wp","href":"https:\/\/api.w.org\/{rel}","templated":true}]}}